{"id":19206,"date":"2025-08-26T15:51:55","date_gmt":"2025-08-26T19:51:55","guid":{"rendered":"https:\/\/agromt.news\/?p=19206"},"modified":"2025-08-26T15:51:55","modified_gmt":"2025-08-26T19:51:55","slug":"sairemos-vitoriosos-no-final-diz-diretor-da-aprosoja-apos-liminar-restabelecer-moratoria-da-soja","status":"publish","type":"post","link":"https:\/\/agromt.news\/?p=19206","title":{"rendered":"&#8216;Sairemos vitoriosos no final&#8217;, diz diretor da Aprosoja ap\u00f3s liminar restabelecer Morat\u00f3ria da Soja"},"content":{"rendered":"<p> <br \/>\n<br \/><img decoding=\"async\" src=\"https:\/\/agromt.news\/wp-content\/uploads\/2025\/08\/Sairemos-vitoriosos-no-final-diz-diretor-da-Aprosoja-apos-liminar.jpg\" \/><\/p>\n<div>\n<p>Ap\u00f3s a Justi\u00e7a conceder uma liminar que suspende os efeitos da decis\u00e3o do Conselho Administrativo de Defesa Econ\u00f4mica (Cade) sobre a Morat\u00f3ria da Soja, o diretor-executivo da Aprosoja Brasil, Fabr\u00edcio Rosa, afirmou estar confiante de que o \u00f3rg\u00e3o ir\u00e1 recorrer e reverter a medida.<\/p>\n<p>Em entrevista ao jornalista Ricardo Ara\u00fajo, no <strong><em>Mercado &amp; Cia,<\/em><\/strong> desta ter\u00e7a-feira (26), Fabr\u00edcio destacou que a liminar j\u00e1 era esperada. \u201c\u00c9 uma tend\u00eancia que, quando existe uma decis\u00e3o que mexe com o mercado, haja uma judicializa\u00e7\u00e3o\u201d, avaliou.<\/p>\n<p><em>Veja em primeira m\u00e3o tudo sobre agricultura, pecu\u00e1ria, economia e previs\u00e3o do tempo:<\/em><a href=\"https:\/\/news.google.com\/publications\/CAAqBwgKMPKZlQswq_mqAw?hl=pt-BR&amp;gl=BR&amp;ceid=BR%3Apt-419\" target=\"_blank\" rel=\"noreferrer noopener\"><em>\u00a0siga o Canal Rural no Google News!<\/em><\/a><\/p>\n<p>Segundo ele, a decis\u00e3o do Cade foi consistente e baseada em argumentos s\u00f3lidos. \u201cN\u00e3o temos d\u00favida de que o Cade pode recorrer da decis\u00e3o, derrubar essa liminar concedida e manter sua determina\u00e7\u00e3o anterior\u201d, afirmou.<\/p>\n<p>O dirigente da Aprosoja acredita ainda que a Justi\u00e7a acabar\u00e1 decidindo pelo fim da Morat\u00f3ria da Soja. \u201cJ\u00e1 existem outras a\u00e7\u00f5es no STF que caminham nesse sentido. Estamos confiantes de que sairemos vitoriosos no final\u201d, completou.<\/p>\n<\/div>\n<div>\n<h2 class=\"wp-block-heading\" id=\"h-entenda-o-caso\">Entenda o caso<\/h2>\n<p>No dia 18 de agosto, o <a href=\"https:\/\/www.canalrural.com.br\/agricultura\/moratoria-da-soja-e-suspensa-e-signatarias-podem-ter-de-pagar-multa-bilionaria\/\">Cade acatou uma medida cautelar determinando a suspens\u00e3o imediata da Morat\u00f3ria da Soja<\/a>. O processo foi iniciado a partir de representa\u00e7\u00f5es da Confedera\u00e7\u00e3o da Agricultura e Pecu\u00e1ria do Brasil (CNA), da Aprosoja-MT, da C\u00e2mara dos Deputados e do Senado Federal.<\/p>\n<p>Embora com argumentos diferentes, todas as entidades alegaram que a Morat\u00f3ria configuraria pr\u00e1tica il\u00edcita e deveria ser condenada. Mais recentemente, apenas a CNA solicitou provid\u00eancias urgentes, sustentando haver preju\u00edzos concretos aos produtores que n\u00e3o poderiam esperar a tramita\u00e7\u00e3o completa do processo. Para isso, apresentou parecer econ\u00f4mico apontando danos ao setor e ao pa\u00eds.<\/p>\n<p>Com a decis\u00e3o, o Cade determinou que as empresas envolvidas suspendessem imediatamente o acordo, argumentando que a medida era necess\u00e1ria para evitar o agravamento dos preju\u00edzos at\u00e9 a conclus\u00e3o do processo.<\/p>\n<p>No entanto, na segunda-feira (25), a <a href=\"https:\/\/www.canalrural.com.br\/agricultura\/abiove-consegue-liminar-para-barrar-suspensao-da-moratoria-da-soja\/\">Associa\u00e7\u00e3o Brasileira das Ind\u00fastrias de \u00d3leos Vegetais (Abiove) obteve na Justi\u00e7a uma liminar suspendendo os efeitos da decis\u00e3o do Cade<\/a>. A entidade contestou o car\u00e1ter monocr\u00e1tico da medida e alegou afronta ao contradit\u00f3rio, \u00e0 ampla defesa e ao devido processo legal.<\/p>\n<p>A Morat\u00f3ria da Soja \u00e9 um pacto multissetorial que impede tradings de adquirirem gr\u00e3os produzidos em \u00e1reas desmatadas no bioma amaz\u00f4nico ap\u00f3s julho de 2008.<\/p>\n<\/p><\/div>\n<p><br \/>\n<br \/><a href=\"https:\/\/www.canalrural.com.br\/agricultura\/soja\/sairemos-vitoriosos-no-final-diz-diretor-da-aprosoja-apos-liminar-restabelecer-moratoria-da-soja\/\">Source link <\/a><\/p>\n","protected":false},"excerpt":{"rendered":"<p>Ap\u00f3s a Justi\u00e7a conceder uma liminar que suspende os efeitos da decis\u00e3o do Conselho Administrativo de Defesa Econ\u00f4mica (Cade) sobre<\/p>\n","protected":false},"author":1,"featured_media":19207,"comment_status":"open","ping_status":"open","sticky":false,"template":"","format":"standard","meta":{"_monsterinsights_skip_tracking":false,"_monsterinsights_sitenote_active":false,"_monsterinsights_sitenote_note":"","_monsterinsights_sitenote_category":0,"_uf_show_specific_survey":0,"_uf_disable_surveys":false,"footnotes":""},"categories":[1],"tags":[],"class_list":["post-19206","post","type-post","status-publish","format-standard","has-post-thumbnail","hentry","category-news"],"_links":{"self":[{"href":"https:\/\/agromt.news\/index.php?rest_route=\/wp\/v2\/posts\/19206"}],"collection":[{"href":"https:\/\/agromt.news\/index.php?rest_route=\/wp\/v2\/posts"}],"about":[{"href":"https:\/\/agromt.news\/index.php?rest_route=\/wp\/v2\/types\/post"}],"author":[{"embeddable":true,"href":"https:\/\/agromt.news\/index.php?rest_route=\/wp\/v2\/users\/1"}],"replies":[{"embeddable":true,"href":"https:\/\/agromt.news\/index.php?rest_route=%2Fwp%2Fv2%2Fcomments&post=19206"}],"version-history":[{"count":0,"href":"https:\/\/agromt.news\/index.php?rest_route=\/wp\/v2\/posts\/19206\/revisions"}],"wp:featuredmedia":[{"embeddable":true,"href":"https:\/\/agromt.news\/index.php?rest_route=\/wp\/v2\/media\/19207"}],"wp:attachment":[{"href":"https:\/\/agromt.news\/index.php?rest_route=%2Fwp%2Fv2%2Fmedia&parent=19206"}],"wp:term":[{"taxonomy":"category","embeddable":true,"href":"https:\/\/agromt.news\/index.php?rest_route=%2Fwp%2Fv2%2Fcategories&post=19206"},{"taxonomy":"post_tag","embeddable":true,"href":"https:\/\/agromt.news\/index.php?rest_route=%2Fwp%2Fv2%2Ftags&post=19206"}],"curies":[{"name":"wp","href":"https:\/\/api.w.org\/{rel}","templated":true}]}}