{"id":19203,"date":"2025-08-26T15:25:49","date_gmt":"2025-08-26T19:25:49","guid":{"rendered":"https:\/\/agromt.news\/?p=19203"},"modified":"2025-08-26T15:25:49","modified_gmt":"2025-08-26T19:25:49","slug":"area-plantada-de-algodao-deve-recuar-35-no-brasil","status":"publish","type":"post","link":"https:\/\/agromt.news\/?p=19203","title":{"rendered":"\u00c1rea plantada de algod\u00e3o deve recuar 3,5% no Brasil"},"content":{"rendered":"<p> <br \/>\n<\/p>\n<div>\n<p style=\"text-align:justify\">A safra brasileira de <a href=\"https:\/\/www.agrolink.com.br\/culturas\/algodao\/\" target=\"_blank\" rel=\"noopener\">algod\u00e3o<\/a> 2025\/26 deve registrar redu\u00e7\u00e3o na \u00e1rea cultivada. De acordo com levantamento da StoneX, a proje\u00e7\u00e3o \u00e9 de 2,04 milh\u00f5es de hectares, volume 3,5% menor em rela\u00e7\u00e3o ao ciclo 2024\/25.<\/p>\n<p style=\"text-align:justify\">O analista de Intelig\u00eancia de Mercado da StoneX, Raphael Bulascoschi, destacou que em Mato Grosso a retra\u00e7\u00e3o ser\u00e1 mais expressiva. \u201cProdutores mato-grossenses projetam uma redu\u00e7\u00e3o mais acentuada, com \u00e1rea de 1,44 milh\u00e3o de hectares \u2014 queda de 75 mil hectares. Considerando uma produtividade dentro da tend\u00eancia, a produ\u00e7\u00e3o deve alcan\u00e7ar 3,7 milh\u00f5es de toneladas no ano que vem, representando um recuo de 4,3% frente \u00e0 safra atual\u201d, afirmou.&#13;\n<\/p>\n<p style=\"text-align:justify\">Sobre o ciclo em andamento, Bulascoschi ressaltou que a produ\u00e7\u00e3o recorde deve ser confirmada. \u201cO cen\u00e1rio \u00e9 diferente ao olhar para a safra 2024\/25, em que a produ\u00e7\u00e3o recorde de 3,9 milh\u00f5es de toneladas da pluma deve se confirmar. Ainda assim, o excesso de umidade registrado em agosto pode ter comprometido a qualidade da pluma remanescente em Mato Grosso, fator que seguir\u00e1 no radar do mercado brasileiro de algod\u00e3o nas pr\u00f3ximas semanas\u201d, observou.<\/p>\n<p style=\"text-align:justify\">O levantamento da StoneX tamb\u00e9m indicou que os embarques de algod\u00e3o perderam ritmo nas \u00faltimas semanas. Apesar disso, a expectativa \u00e9 de exporta\u00e7\u00f5es em torno de 2,9 milh\u00f5es de toneladas em 2025, com maior intensidade nos embarques prevista para o quarto quadrimestre.&#13;\n<\/p>\n<p style=\"text-align:justify\">No mercado interno, a consultoria revisou para baixo a estimativa de consumo. Para a safra 2025\/26, a nova proje\u00e7\u00e3o \u00e9 de 685 mil toneladas, uma redu\u00e7\u00e3o de 35 mil toneladas. Segundo Bulascoschi, a revis\u00e3o reflete o baixo dinamismo do setor t\u00eaxtil brasileiro, influenciado pelo ambiente macroecon\u00f4mico adverso. \u201cApesar disso, a redu\u00e7\u00e3o na produ\u00e7\u00e3o mais do que compensou o ajuste no consumo interno, resultando em estoques finais menos folgados para o pr\u00f3ximo ciclo, projetados em 3,08 milh\u00f5es de toneladas de pluma\u201d, concluiu o analista.<\/p>\n<\/p><\/div>\n<p><script data-cfasync=\"false\">\n    !function (f, b, e, v, n, t, s) {\n        if (f.fbq) return; n = f.fbq = function () {\n            n.callMethod ?\n                n.callMethod.apply(n, arguments) : n.queue.push(arguments)\n        };\n        if (!f._fbq) f._fbq = n; n.push = n; n.loaded = !0; n.version = '2.0';\n        n.queue = []; t = b.createElement(e); t.async = !0;\n        t.src = v; s = b.getElementsByTagName(e)[0];\n        s.parentNode.insertBefore(t, s)\n    }(window, document, 'script',\n        'https:\/\/connect.facebook.net\/en_US\/fbevents.js');\n    fbq('init', '522546078623747');\n    fbq('track', 'PageView');\n<\/script><br \/>\n<br \/><br \/>\n<br \/><a href=\"https:\/\/www.agrolink.com.br\/noticias\/area-plantada-de-algodao-deve-recuar-3-5--no-brasil_505278.html\">Source link <\/a><\/p>\n","protected":false},"excerpt":{"rendered":"<p>A safra brasileira de algod\u00e3o 2025\/26 deve registrar redu\u00e7\u00e3o na \u00e1rea cultivada. De acordo com levantamento da StoneX, a proje\u00e7\u00e3o<\/p>\n","protected":false},"author":1,"featured_media":2264,"comment_status":"open","ping_status":"open","sticky":false,"template":"","format":"standard","meta":{"_monsterinsights_skip_tracking":false,"_monsterinsights_sitenote_active":false,"_monsterinsights_sitenote_note":"","_monsterinsights_sitenote_category":0,"_uf_show_specific_survey":0,"_uf_disable_surveys":false,"footnotes":""},"categories":[8,1,14],"tags":[],"class_list":["post-19203","post","type-post","status-publish","format-standard","has-post-thumbnail","hentry","category-agro","category-news","category-politica-agro"],"_links":{"self":[{"href":"https:\/\/agromt.news\/index.php?rest_route=\/wp\/v2\/posts\/19203"}],"collection":[{"href":"https:\/\/agromt.news\/index.php?rest_route=\/wp\/v2\/posts"}],"about":[{"href":"https:\/\/agromt.news\/index.php?rest_route=\/wp\/v2\/types\/post"}],"author":[{"embeddable":true,"href":"https:\/\/agromt.news\/index.php?rest_route=\/wp\/v2\/users\/1"}],"replies":[{"embeddable":true,"href":"https:\/\/agromt.news\/index.php?rest_route=%2Fwp%2Fv2%2Fcomments&post=19203"}],"version-history":[{"count":0,"href":"https:\/\/agromt.news\/index.php?rest_route=\/wp\/v2\/posts\/19203\/revisions"}],"wp:featuredmedia":[{"embeddable":true,"href":"https:\/\/agromt.news\/index.php?rest_route=\/wp\/v2\/media\/2264"}],"wp:attachment":[{"href":"https:\/\/agromt.news\/index.php?rest_route=%2Fwp%2Fv2%2Fmedia&parent=19203"}],"wp:term":[{"taxonomy":"category","embeddable":true,"href":"https:\/\/agromt.news\/index.php?rest_route=%2Fwp%2Fv2%2Fcategories&post=19203"},{"taxonomy":"post_tag","embeddable":true,"href":"https:\/\/agromt.news\/index.php?rest_route=%2Fwp%2Fv2%2Ftags&post=19203"}],"curies":[{"name":"wp","href":"https:\/\/api.w.org\/{rel}","templated":true}]}}