{"id":19196,"date":"2025-08-26T12:30:35","date_gmt":"2025-08-26T16:30:35","guid":{"rendered":"https:\/\/agromt.news\/?p=19196"},"modified":"2025-08-26T12:30:35","modified_gmt":"2025-08-26T16:30:35","slug":"lula-fala-em-negociar-tarifaco-mas-diz-que-nao-aceita-que-pais-seja-tratado-como-subalterno","status":"publish","type":"post","link":"https:\/\/agromt.news\/?p=19196","title":{"rendered":"Lula fala em negociar tarifa\u00e7o, mas diz que n\u00e3o aceita que pa\u00eds seja tratado como subalterno"},"content":{"rendered":"<p> <br \/>\n<br \/><img decoding=\"async\" src=\"https:\/\/agromt.news\/wp-content\/uploads\/2025\/08\/Lula-fala-em-negociar-tarifaco-mas-diz-que-nao-aceita.webp.webp\" \/><\/p>\n<div>\n<p>O presidente Luiz In\u00e1cio Lula da Silva conduziu nesta ter\u00e7a-feira (26) a segunda reuni\u00e3o ministerial de 2025. Ao citar a atual pol\u00edtica dos Estados Unidos, de elevar as tarifas contra parceiros comerciais, ele afirmou que o Brasil n\u00e3o aceitar\u00e1 \u201cdesaforo, ofensas e petul\u00e2ncia de ningu\u00e9m\u201d. Lula orientou seus ministros a defenderem a soberania do pa\u00eds em seus discursos p\u00fablicos.<\/p>\n<p>Para ele, as decis\u00f5es do presidente dos EUA, Donald Trump, s\u00e3o descabidas. Ainda assim, o governo brasileiro segue \u00e0 disposi\u00e7\u00e3o para negociar as quest\u00f5es comerciais.<\/p>\n<p>\u201cEstamos dispostos a sentar na mesa em igualdade de condi\u00e7\u00f5es. O que n\u00e3o estamos dispostos \u00e9 sermos tratados como se fossemos subalternos. Isso n\u00f3s n\u00e3o aceitamos de ningu\u00e9m. \u00c9 importante saber que o nosso compromisso \u00e9 com o povo brasileiro\u201d, disse Lula.<\/p>\n<p>\u201c\u00c9 importante que cada ministro, nas falas que fizerem daqui para frente, fa\u00e7am quest\u00e3o de retratar a soberania desse pa\u00eds. N\u00f3s aceitamos rela\u00e7\u00f5es cordiais com o mundo inteiro, mas n\u00e3o aceitamos desaforo e ofensas, petul\u00e2ncia de ningu\u00e9m. Se a gente gostasse de imperador, o Brasil ainda seria monarquia. A gente n\u00e3o quer mais. A gente quer esse pa\u00eds democr\u00e1tico e soberano, republicano\u201d, acrescentou.<\/p>\n<h2 class=\"wp-block-heading\" id=\"h-exportacoes\">Exporta\u00e7\u00f5es<\/h2>\n<p>O vice-presidente e <a href=\"https:\/\/www.canalrural.com.br\/nacional\/alckmin-diz-que-tarifaco-de-trump-atinge-33-das-exportacoes-brasileiras\/\">ministro do Desenvolvimento, Ind\u00fastria, Com\u00e9rcio e Servi\u00e7os, Geraldo Alckmin<\/a>, que est\u00e1 \u00e0 frente das negocia\u00e7\u00f5es sobre o tarifa\u00e7o, tamb\u00e9m apresentou n\u00fameros atualizados sobre o impacto das medidas no com\u00e9rcio brasileiro. Segundo ele, 35,6% de tudo que \u00e9 exportado pelo Brasil ao pa\u00eds norte-americano est\u00e3o sob uma tarifa de 50%.<\/p>\n<\/div>\n<div>\n<p>O tarifa\u00e7o imposto ao Brasil faz parte da nova pol\u00edtica da Casa Branca, inaugurada pelo presidente Donald Trump, de elevar as tarifas contra parceiros comerciais na tentativa de reverter a relativa perda de competitividade da economia dos Estados Unidos para a China nas \u00faltimas d\u00e9cadas. No dia 2 de abril, Trump imp\u00f4s barreiras alfandeg\u00e1rias a pa\u00edses de acordo com o tamanho do d\u00e9ficit que os Estados Unidos t\u00eam com cada na\u00e7\u00e3o. Como os EUA t\u00eam super\u00e1vit com o Brasil, na ocasi\u00e3o, foi imposta a taxa mais baixa, de 10%.<\/p>\n<p><em>Veja em primeira m\u00e3o tudo sobre agricultura, pecu\u00e1ria, economia e previs\u00e3o do tempo:<\/em><a href=\"https:\/\/news.google.com\/publications\/CAAqBwgKMPKZlQswq_mqAw?hl=pt-BR&amp;gl=BR&amp;ceid=BR%3Apt-419\" target=\"_blank\" rel=\"noreferrer noopener\"><em>\u00a0siga o Canal Rural no Google News!<\/em><\/a><\/p>\n<p>Por\u00e9m, em 6 de agosto, Trump aplicou uma tarifa adicional de 40% contra o Brasil em retalia\u00e7\u00e3o a decis\u00f5es que, segundo ele, prejudicariam as big techs estadunidenses e em resposta ao julgamento do ex-presidente Jair Bolsonaro, acusado de liderar uma tentativa de golpe de Estado ap\u00f3s perder as elei\u00e7\u00f5es de 2022.<\/p>\n<p>Al\u00e9m disso, Alckmin explicou que 23,2% das exporta\u00e7\u00f5es ao pa\u00eds norte-americano s\u00e3o taxados de acordo com a Se\u00e7\u00e3o 232 da Lei de Expans\u00e3o Comercial norte-americana, que \u00e9 aplicada a todos os pa\u00edses, com exce\u00e7\u00e3o do Reino Unido. Para a\u00e7o, alum\u00ednio e cobre, por exemplo, a tarifa \u00e9 de 50%; autom\u00f3veis e autope\u00e7as s\u00e3o taxados em 25%. O restante dos 41,3% de produtos exportados aos EUA tem uma tarifa de 10%.<\/p>\n<\/p><\/div>\n<p><br \/>\n<br \/><a href=\"https:\/\/www.canalrural.com.br\/nacional\/lula-fala-em-negociar-tarifaco-mas-diz-que-nao-aceita-que-pais-seja-tratado-como-subalterno\/\">Source link <\/a><\/p>\n","protected":false},"excerpt":{"rendered":"<p>O presidente Luiz In\u00e1cio Lula da Silva conduziu nesta ter\u00e7a-feira (26) a segunda reuni\u00e3o ministerial de 2025. Ao citar a<\/p>\n","protected":false},"author":1,"featured_media":19197,"comment_status":"open","ping_status":"open","sticky":false,"template":"","format":"standard","meta":{"_monsterinsights_skip_tracking":false,"_monsterinsights_sitenote_active":false,"_monsterinsights_sitenote_note":"","_monsterinsights_sitenote_category":0,"_uf_show_specific_survey":0,"_uf_disable_surveys":false,"footnotes":""},"categories":[1],"tags":[],"class_list":["post-19196","post","type-post","status-publish","format-standard","has-post-thumbnail","hentry","category-news"],"_links":{"self":[{"href":"https:\/\/agromt.news\/index.php?rest_route=\/wp\/v2\/posts\/19196"}],"collection":[{"href":"https:\/\/agromt.news\/index.php?rest_route=\/wp\/v2\/posts"}],"about":[{"href":"https:\/\/agromt.news\/index.php?rest_route=\/wp\/v2\/types\/post"}],"author":[{"embeddable":true,"href":"https:\/\/agromt.news\/index.php?rest_route=\/wp\/v2\/users\/1"}],"replies":[{"embeddable":true,"href":"https:\/\/agromt.news\/index.php?rest_route=%2Fwp%2Fv2%2Fcomments&post=19196"}],"version-history":[{"count":0,"href":"https:\/\/agromt.news\/index.php?rest_route=\/wp\/v2\/posts\/19196\/revisions"}],"wp:featuredmedia":[{"embeddable":true,"href":"https:\/\/agromt.news\/index.php?rest_route=\/wp\/v2\/media\/19197"}],"wp:attachment":[{"href":"https:\/\/agromt.news\/index.php?rest_route=%2Fwp%2Fv2%2Fmedia&parent=19196"}],"wp:term":[{"taxonomy":"category","embeddable":true,"href":"https:\/\/agromt.news\/index.php?rest_route=%2Fwp%2Fv2%2Fcategories&post=19196"},{"taxonomy":"post_tag","embeddable":true,"href":"https:\/\/agromt.news\/index.php?rest_route=%2Fwp%2Fv2%2Ftags&post=19196"}],"curies":[{"name":"wp","href":"https:\/\/api.w.org\/{rel}","templated":true}]}}