{"id":19191,"date":"2025-08-26T11:39:45","date_gmt":"2025-08-26T15:39:45","guid":{"rendered":"https:\/\/agromt.news\/?p=19191"},"modified":"2025-08-26T11:39:45","modified_gmt":"2025-08-26T15:39:45","slug":"granizo-encobre-rodovia-do-parana-e-moradores-acham-que-e-neve","status":"publish","type":"post","link":"https:\/\/agromt.news\/?p=19191","title":{"rendered":"Granizo encobre rodovia do Paran\u00e1 e moradores acham que \u00e9 neve"},"content":{"rendered":"<p> <br \/>\n<br \/><img decoding=\"async\" src=\"https:\/\/agromt.news\/wp-content\/uploads\/2025\/08\/Granizo-encobre-rodovia-do-Parana-e-moradores-acham-que-e.jpg\" \/><\/p>\n<div>\n\t\t<iframe title=\"Granizo encobre rodovia do Paran\u00e1 e moradores acham que \u00e9 neve\" width=\"800\" height=\"450\" src=\"https:\/\/www.youtube.com\/embed\/j-wPwLgSxRs?feature=oembed\" frameborder=\"0\" allow=\"accelerometer; autoplay; clipboard-write; encrypted-media; gyroscope; picture-in-picture; web-share\" referrerpolicy=\"strict-origin-when-cross-origin\" allowfullscreen><\/iframe><\/p>\n<p>As c\u00e2meras de monitoramento da concession\u00e1ria EPR Litoral Pioneiro registraram, na manh\u00e3 desta ter\u00e7a-feira (26), imagens impressionantes da chuva de granizo que atingiu a cidade Castro, no Paran\u00e1.<\/p>\n<p>Pouco depois das 9h, a regi\u00e3o central e diversos bairros do munic\u00edpio ficaram cobertos pelo gelo, em um cen\u00e1rio que lembrou neve e surpreendeu moradores. A PR-151, que corta a cidade, tamb\u00e9m ficou tomada pelas pedras de gelo. At\u00e9 o momento, n\u00e3o h\u00e1 informa\u00e7\u00f5es oficiais sobre estragos provocados pela chuva de granizo.<\/p>\n<p><em>Veja em primeira m\u00e3o tudo sobre agricultura, pecu\u00e1ria, economia e previs\u00e3o do tempo:<\/em><a href=\"https:\/\/news.google.com\/publications\/CAAqBwgKMPKZlQswq_mqAw?hl=pt-BR&amp;gl=BR&amp;ceid=BR%3Apt-419\" target=\"_blank\" rel=\"noreferrer noopener\"><em>\u00a0siga o Canal Rural no Google News!<\/em><\/a><\/p>\n<\/div>\n<div>\n<p>De acordo com o meteorologista Allef Matos, do Simepar, o fen\u00f4meno foi provocado pelo deslocamento de um v\u00f3rtice cicl\u00f4nico em altos n\u00edveis sobre o Paran\u00e1.<\/p>\n<p>\u201c\u00c9 um sistema de baixa press\u00e3o bem desenvolvido que se forma a cerca de 5 quil\u00f4metros de altitude, o que favorece a forma\u00e7\u00e3o de tempestades. Al\u00e9m disso, o sistema carrega ar bastante frio, criando um ambiente atmosf\u00e9rico ideal para a ocorr\u00eancia de granizo. Como a temperatura na superf\u00edcie tamb\u00e9m est\u00e1 mais baixa, as pedras de gelo conseguem se conservar at\u00e9 chegar ao solo\u201d, explica.<\/p>\n<\/p><\/div>\n<p><br \/>\n<br \/><a href=\"https:\/\/www.canalrural.com.br\/nacional\/parana\/granizo-encobre-rodovia-do-parana-e-moradores-acham-que-e-neve\/\">Source link <\/a><\/p>\n","protected":false},"excerpt":{"rendered":"<p>As c\u00e2meras de monitoramento da concession\u00e1ria EPR Litoral Pioneiro registraram, na manh\u00e3 desta ter\u00e7a-feira (26), imagens impressionantes da chuva de<\/p>\n","protected":false},"author":1,"featured_media":19192,"comment_status":"open","ping_status":"open","sticky":false,"template":"","format":"standard","meta":{"_monsterinsights_skip_tracking":false,"_monsterinsights_sitenote_active":false,"_monsterinsights_sitenote_note":"","_monsterinsights_sitenote_category":0,"_uf_show_specific_survey":0,"_uf_disable_surveys":false,"footnotes":""},"categories":[1],"tags":[],"class_list":["post-19191","post","type-post","status-publish","format-standard","has-post-thumbnail","hentry","category-news"],"_links":{"self":[{"href":"https:\/\/agromt.news\/index.php?rest_route=\/wp\/v2\/posts\/19191"}],"collection":[{"href":"https:\/\/agromt.news\/index.php?rest_route=\/wp\/v2\/posts"}],"about":[{"href":"https:\/\/agromt.news\/index.php?rest_route=\/wp\/v2\/types\/post"}],"author":[{"embeddable":true,"href":"https:\/\/agromt.news\/index.php?rest_route=\/wp\/v2\/users\/1"}],"replies":[{"embeddable":true,"href":"https:\/\/agromt.news\/index.php?rest_route=%2Fwp%2Fv2%2Fcomments&post=19191"}],"version-history":[{"count":0,"href":"https:\/\/agromt.news\/index.php?rest_route=\/wp\/v2\/posts\/19191\/revisions"}],"wp:featuredmedia":[{"embeddable":true,"href":"https:\/\/agromt.news\/index.php?rest_route=\/wp\/v2\/media\/19192"}],"wp:attachment":[{"href":"https:\/\/agromt.news\/index.php?rest_route=%2Fwp%2Fv2%2Fmedia&parent=19191"}],"wp:term":[{"taxonomy":"category","embeddable":true,"href":"https:\/\/agromt.news\/index.php?rest_route=%2Fwp%2Fv2%2Fcategories&post=19191"},{"taxonomy":"post_tag","embeddable":true,"href":"https:\/\/agromt.news\/index.php?rest_route=%2Fwp%2Fv2%2Ftags&post=19191"}],"curies":[{"name":"wp","href":"https:\/\/api.w.org\/{rel}","templated":true}]}}