{"id":19189,"date":"2025-08-26T11:25:15","date_gmt":"2025-08-26T15:25:15","guid":{"rendered":"https:\/\/agromt.news\/?p=19189"},"modified":"2025-08-26T11:25:15","modified_gmt":"2025-08-26T15:25:15","slug":"negociacoes-do-acordo-de-livre-comercio-entre-mercosul-e-canada-serao-retomadas-diz-alckmin","status":"publish","type":"post","link":"https:\/\/agromt.news\/?p=19189","title":{"rendered":"Negocia\u00e7\u00f5es do acordo de livre com\u00e9rcio entre Mercosul e Canad\u00e1 ser\u00e3o retomadas, diz Alckmin"},"content":{"rendered":"<p> <br \/>\n<br \/><img decoding=\"async\" src=\"https:\/\/agromt.news\/wp-content\/uploads\/2025\/08\/Plano-de-contingencia-ao-tarifaco-deve-sair-ate-terca-diz.jpg\" \/><\/p>\n<div>\n<p>Em reuni\u00e3o realizada na segunda-feira (25\/8) em Bras\u00edlia, o vice-presidente e ministro do Desenvolvimento, Ind\u00fastria, Com\u00e9rcio e Servi\u00e7os, Geraldo Alckmin, e o ministro de Com\u00e9rcio Internacional do Canad\u00e1, Maninder Sidhu, concordaram que h\u00e1 condi\u00e7\u00f5es para a retomada das negocia\u00e7\u00f5es do acordo de livre com\u00e9rcio entre Mercosul e Canad\u00e1, paralisadas desde 2021.<\/p>\n<p>Na avalia\u00e7\u00e3o de Alckmin, foi uma boa conversa, que demonstra a disposi\u00e7\u00e3o das duas partes em avan\u00e7ar nas tratativas, que podem abrir novas oportunidades para produtores, empres\u00e1rios, trabalhadoras e trabalhadores do Brasil. \u201cPodemos ampliar ainda mais essa parceria para fortalecer as rela\u00e7\u00f5es bilaterais com o Canad\u00e1 e aumentar nossas trocas comerciais\u201d, afirmou o ministro ap\u00f3s se reunir com Sidhu.<\/p>\n<p>Para avan\u00e7ar neste caminho, est\u00e1 previsto, para outubro, uma reuni\u00e3o entre negociadores-chefe do Canad\u00e1 e do Mercosul. Neste semestre, o Brasil tem a presid\u00eancia tempor\u00e1ria do bloco regional. A retomada formal das negocia\u00e7\u00f5es com o Canad\u00e1, com estabelecimento de cronogramas de rodadas de negocia\u00e7\u00e3o, ser\u00e1 objeto de coordena\u00e7\u00e3o interna no bloco.<\/p>\n<p><em>Veja em primeira m\u00e3o tudo sobre agricultura, pecu\u00e1ria, economia e previs\u00e3o do tempo:<\/em><a href=\"https:\/\/news.google.com\/publications\/CAAqBwgKMPKZlQswq_mqAw?hl=pt-BR&amp;gl=BR&amp;ceid=BR%3Apt-419\" target=\"_blank\" rel=\"noreferrer noopener\"><em>\u00a0siga o Canal Rural no Google News!<\/em><\/a><\/p>\n<\/div>\n<div>\n<p>Durante a reuni\u00e3o, os ministros discutiram ainda a import\u00e2ncia de fortalecer a coopera\u00e7\u00e3o<br \/>bilateral e ampliar a complementariedade econ\u00f4mica em diferentes setores como minera\u00e7\u00e3o,<br \/>agribusiness, fertilizantes, defesa, energia renov\u00e1vel e complexo industrial de sa\u00fade. Um trabalho a ser desenvolvido com a participa\u00e7\u00e3o dos setores privados dos dois pa\u00edses.<\/p>\n<p>Nesta ter\u00e7a-feira (26\/8), <a href=\"https:\/\/www.canalrural.com.br\/agricultura\/alckmin-aposta-em-ampliar-comercio-com-mexico-agenda-inclui-biocombustiveis-e-visto-eletronico\/\">o vice-presidente embarca para o M\u00e9xico<\/a> e cumprir\u00e1 uma agenda de encontros pol\u00edticos e empresariais em busca de ampliar mercados para produtos brasileiros.<\/p>\n<p>Para o Brasil, o acordo com o Canad\u00e1 tem potencial para ampliar o acesso a mercados, reduzir barreiras comerciais e diversificar destinos das vendas nacionais, al\u00e9m de possibilitar a integra\u00e7\u00e3o de cadeias produtivas e estimular investimentos sustent\u00e1veis. Por meio de um acordo, tamb\u00e9m ser\u00e1 poss\u00edvel avan\u00e7ar em disciplinas de facilita\u00e7\u00e3o de com\u00e9rcio, medidas sanit\u00e1rias e fitossanit\u00e1rias e regras que favore\u00e7am inova\u00e7\u00e3o.<\/p>\n<p>O Canad\u00e1 \u00e9 hoje o 7\u00ba destino das exporta\u00e7\u00f5es brasileiras. O Brasil \u00e9 o maior investidor<br \/>latino-americano no Canad\u00e1, com oportunidades em infraestrutura, tecnologia, energia renov\u00e1vel e agroneg\u00f3cio.<\/p>\n<\/p><\/div>\n<p><br \/>\n<br \/><a href=\"https:\/\/www.canalrural.com.br\/nacional\/negociacoes-do-acordo-de-livre-comercio-entre-mercosul-e-canada-serao-retomadas-diz-alckmin\/\">Source link <\/a><\/p>\n","protected":false},"excerpt":{"rendered":"<p>Em reuni\u00e3o realizada na segunda-feira (25\/8) em Bras\u00edlia, o vice-presidente e ministro do Desenvolvimento, Ind\u00fastria, Com\u00e9rcio e Servi\u00e7os, Geraldo Alckmin,<\/p>\n","protected":false},"author":1,"featured_media":18234,"comment_status":"open","ping_status":"open","sticky":false,"template":"","format":"standard","meta":{"_monsterinsights_skip_tracking":false,"_monsterinsights_sitenote_active":false,"_monsterinsights_sitenote_note":"","_monsterinsights_sitenote_category":0,"_uf_show_specific_survey":0,"_uf_disable_surveys":false,"footnotes":""},"categories":[1],"tags":[],"class_list":["post-19189","post","type-post","status-publish","format-standard","has-post-thumbnail","hentry","category-news"],"_links":{"self":[{"href":"https:\/\/agromt.news\/index.php?rest_route=\/wp\/v2\/posts\/19189"}],"collection":[{"href":"https:\/\/agromt.news\/index.php?rest_route=\/wp\/v2\/posts"}],"about":[{"href":"https:\/\/agromt.news\/index.php?rest_route=\/wp\/v2\/types\/post"}],"author":[{"embeddable":true,"href":"https:\/\/agromt.news\/index.php?rest_route=\/wp\/v2\/users\/1"}],"replies":[{"embeddable":true,"href":"https:\/\/agromt.news\/index.php?rest_route=%2Fwp%2Fv2%2Fcomments&post=19189"}],"version-history":[{"count":0,"href":"https:\/\/agromt.news\/index.php?rest_route=\/wp\/v2\/posts\/19189\/revisions"}],"wp:featuredmedia":[{"embeddable":true,"href":"https:\/\/agromt.news\/index.php?rest_route=\/wp\/v2\/media\/18234"}],"wp:attachment":[{"href":"https:\/\/agromt.news\/index.php?rest_route=%2Fwp%2Fv2%2Fmedia&parent=19189"}],"wp:term":[{"taxonomy":"category","embeddable":true,"href":"https:\/\/agromt.news\/index.php?rest_route=%2Fwp%2Fv2%2Fcategories&post=19189"},{"taxonomy":"post_tag","embeddable":true,"href":"https:\/\/agromt.news\/index.php?rest_route=%2Fwp%2Fv2%2Ftags&post=19189"}],"curies":[{"name":"wp","href":"https:\/\/api.w.org\/{rel}","templated":true}]}}