{"id":19181,"date":"2025-08-26T09:24:27","date_gmt":"2025-08-26T13:24:27","guid":{"rendered":"https:\/\/agromt.news\/?p=19181"},"modified":"2025-08-26T09:24:27","modified_gmt":"2025-08-26T13:24:27","slug":"montarias-em-touros-pela-lnr-comecam-na-70a-festa-do-peao-de-barretos","status":"publish","type":"post","link":"https:\/\/agromt.news\/?p=19181","title":{"rendered":"Montarias em touros pela LNR come\u00e7am na 70\u00aa Festa do Pe\u00e3o de\u00a0Barretos"},"content":{"rendered":"<p> <br \/>\n<br \/><img decoding=\"async\" src=\"https:\/\/agromt.news\/wp-content\/uploads\/2025\/08\/Montarias-em-touros-pela-LNR-comecam-na-70a-Festa-do.jpg\" \/><\/p>\n<div>\n<p>A final da Liga Nacional de Rodeio (LNR) teve in\u00edcio na noite desta segunda-feira (25), na 70\u00aa edi\u00e7\u00e3o da Festa do Pe\u00e3o de Boiadeiro de Barretos de, com empate na primeira posi\u00e7\u00e3o entre os competidores Guilherme Souza Melo (Ribeir\u00e3o Preto-SP) e Tiago Lucas (Amparo-SP), que conquistaram 91 pontos ao montar os touros Brasileiro e Marinheiro, da Companhia Calif\u00f3rnia. Das 41 montarias realizadas na <a href=\"https:\/\/www.canalrural.com.br\/diversos\/jovem-de-19-anos-se-consagra-campeao-na-70a-festa-do-peao-de-barretos\/\">Festa do Pe\u00e3o de Barretos<\/a>, apenas 16 conseguiram pontuar na abertura da LNR.<\/p>\n<p>A competi\u00e7\u00e3o prossegue, nesta ter\u00e7a-feira (26), com a segunda turma de competidores, na arena de Barretos. De acordo com o regulamento da Liga Nacional de Rodeio, os competidores que ganharam mais de uma etapa t\u00eam a oportunidade de montar mais de uma vez, por\u00e9m se alcan\u00e7ar uma nota que ele ache suficiente n\u00e3o \u00e9 obrigado a montar nos demais touros.<\/p>\n<h2 class=\"wp-block-heading\" id=\"h-campeoes-de-etapas-da-lnr\">Campe\u00f5es de etapas da LNR<\/h2>\n<p>Os competidores que chegam \u00e0 final com t\u00edtulos em outras etapas da LNR s\u00e3o: Lucas Correia \u2013 6 etapas; Robson Vasconcellos \u2013 5 etapas; Dami\u00e3o Moreira da Cunha \u2013 2 etapas; Kayke Campos \u2013 2 etapas; Daniel Ara\u00fajo Pereira \u2013 2 etapas; Marcos Vin\u00edcius de Castro \u2013 2 etapas; Luciano Ruivo Alves \u2013 2 etapas; Luciano Pereira \u2013 2 etapas; Jefferson da Cruz \u2013 2 etapas; Bruno Vicente Duarte \u2013 2 etapas; Alisson Trindade \u2013 2 etapas; Richard Giovani \u2013 3 etapas; e Renan Almeida \u2013 2 etapas.<\/p>\n<p><strong>Resultado da 1\u00aa etapa em Barretos<\/strong><\/p>\n<ul class=\"wp-block-list\">\n<li>1 \u2013 Guilherme Souza Melo \u2013 Ribeir\u00e3o Preto-SP \u2013 91 pontos \u2013 Touro Brasileiro<\/li>\n<li>2 \u2013 Tiago Lucas \u2013 Amparo-SP \u2013 91 pontos \u2013 Touro Marinheiro<\/li>\n<li>3 \u2013 Nelson Vinicius Santana \u2013 88,25 pontos \u2013 Touro \u2013 Guardi\u00e3o<\/li>\n<li>4 \u2013 Luciano Pereira \u2013 87,25 pontos \u2013 Touro Gringo<\/li>\n<li>5 \u2013 Renan Almeida Alves \u2013 87,00 pontos \u2013 Touro Ousado<\/li>\n<\/ul>\n<h2 class=\"wp-block-heading\" id=\"h-tres-tambores\">Tr\u00eas Tambores<\/h2>\n<p>A Ta\u00e7a Os Independentes de Tr\u00eas Tambores teve in\u00edcio nesta segunda-feira (25), na arena de rodeios do Parque do Pe\u00e3o de Barretos. Ap\u00f3s competirem no Campeonato Barretos, os 10 melhores competidores de cada categoria iniciaram a disputa.<\/p>\n<p>A bicampe\u00e3 de Barretos, a mineira Clara Gon\u00e7alves Silva (Itapagipe-MG) foi a melhor da categoria Jovem B, com o tempo de 17.982. \u201cQuero agradecer a Deus, minha fam\u00edlia, meu treinador e todos que est\u00e3o em casa torcendo por mim\u201d, afirmou a amazona que enalteceu a parceria com a sua \u00e9gua Leidy Peppy Zorrero.<\/p>\n<p><em>Veja em primeira m\u00e3o tudo sobre agricultura, pecu\u00e1ria, economia e previs\u00e3o do tempo:<\/em><a href=\"https:\/\/news.google.com\/publications\/CAAqBwgKMPKZlQswq_mqAw?hl=pt-BR&amp;gl=BR&amp;ceid=BR%3Apt-419\" target=\"_blank\" rel=\"noreferrer noopener\"><em>\u00a0siga o Canal Rural no Google News!<\/em><\/a><\/p>\n<\/div>\n<div>\n<p>J\u00e1 na categoria Jovem A, a paulista de Botucatu-SP, Helena Zerbinato Costa, fez o melhor tempo com 17.262, montando o cavalo MJS Blonde Ta Fame.<\/p>\n<p>O coordenador da prova dos Tr\u00eas Tambores, Marcelo Xavier, afirmou que a Ta\u00e7a Os Independentes re\u00fane 10 competidores na categoria Jovem A (11 anos ou mais) e outros 10 na categoria Jovem B (12 a 14 anos). Segundo ele, a competi\u00e7\u00e3o tem como objetivo a forma\u00e7\u00e3o de novos talentos.<\/p>\n<p>\u201cTemos muitos jovens talentosos e com muita habilidade nos Tr\u00eas Tambores. Eles ser\u00e3o os competidores do futuro\u201d, afirmou Xavier.<\/p>\n<p><strong>Resultado Categoria Jovem A<\/strong><\/p>\n<ul class=\"wp-block-list\">\n<li>1 \u2013 Helena Zerbinato Costa \u2013 Botucatu\u2010SP \u2013 17.262<\/li>\n<li>2 \u2013 Henry Rezende Zanetti Malandro \u2013 S\u00e3o Jorge Do Ivai\u2010PR \u2013 17.595<\/li>\n<li>3 \u2013 Adryan Gabriel Ferreira \u2013 Monte Apraz\u00edvel\u2010SP \u2013 17.712<\/li>\n<li>4 \u2013 Ant\u00f4nio Miguel Terui Nappi \u2013 Santa Ad\u00e9lia\u2010SP \u2013 18.143<\/li>\n<li>5 \u2013 L\u00edvia Alves \u2013 S\u00e3o Jo\u00e3o Boa Vista\u2010SP \u2013 18.143<\/li>\n<\/ul>\n<p><strong>Resultado Categoria Jovem B<\/strong><\/p>\n<ul class=\"wp-block-list\">\n<li>1 \u2013 Clara Gon\u00e7alves Silva \u2013 Itapagipe\u2010MG \u2013 17.982<\/li>\n<li>2 \u2013 Joaquim Vicentini Prudente Correa \u2013 Terra Roxa \u2010 SP \u2013 18.023<\/li>\n<li>3 \u2013 Manuela Trazzi \u2013 S\u00e3o Jos\u00e9 do Rio Preto\u2010SP \u2013 18.148<\/li>\n<li>4 \u2013 Melissa Silva Ter\u00eancio \u2013 Barretos\u2010SP \u2013 18.166<\/li>\n<li>5 \u2013 Leonardo Roberto da Silva Mendes \u2013 Barretos\u2010SP \u2013 18.331<\/li>\n<\/ul>\n<p>A 70\u00aa edi\u00e7\u00e3o da Festa do Pe\u00e3o de Boiadeiro de Barretos est\u00e1 sendo transmitida pelo <strong><em>BR IN TV<\/em><\/strong>, do grupo Canal Rural, em parceria com a<strong><em> BRTVMAX<\/em><\/strong>, at\u00e9 31 de agosto de 2025. O p\u00fablico pode acompanhar a programa\u00e7\u00e3o pelas TVs conectadas Samsung (canal 2080), LG (canal 137) e TCL (canal 3380).<\/p>\n<\/p><\/div>\n<p><br \/>\n<br \/><a href=\"https:\/\/www.canalrural.com.br\/diversos\/montarias-em-touros-pela-lnr-comecam-na-70a-festa-do-peao-de-barretos\/\">Source link <\/a><\/p>\n","protected":false},"excerpt":{"rendered":"<p>A final da Liga Nacional de Rodeio (LNR) teve in\u00edcio na noite desta segunda-feira (25), na 70\u00aa edi\u00e7\u00e3o da Festa<\/p>\n","protected":false},"author":1,"featured_media":19182,"comment_status":"open","ping_status":"open","sticky":false,"template":"","format":"standard","meta":{"_monsterinsights_skip_tracking":false,"_monsterinsights_sitenote_active":false,"_monsterinsights_sitenote_note":"","_monsterinsights_sitenote_category":0,"_uf_show_specific_survey":0,"_uf_disable_surveys":false,"footnotes":""},"categories":[1],"tags":[],"class_list":["post-19181","post","type-post","status-publish","format-standard","has-post-thumbnail","hentry","category-news"],"_links":{"self":[{"href":"https:\/\/agromt.news\/index.php?rest_route=\/wp\/v2\/posts\/19181"}],"collection":[{"href":"https:\/\/agromt.news\/index.php?rest_route=\/wp\/v2\/posts"}],"about":[{"href":"https:\/\/agromt.news\/index.php?rest_route=\/wp\/v2\/types\/post"}],"author":[{"embeddable":true,"href":"https:\/\/agromt.news\/index.php?rest_route=\/wp\/v2\/users\/1"}],"replies":[{"embeddable":true,"href":"https:\/\/agromt.news\/index.php?rest_route=%2Fwp%2Fv2%2Fcomments&post=19181"}],"version-history":[{"count":0,"href":"https:\/\/agromt.news\/index.php?rest_route=\/wp\/v2\/posts\/19181\/revisions"}],"wp:featuredmedia":[{"embeddable":true,"href":"https:\/\/agromt.news\/index.php?rest_route=\/wp\/v2\/media\/19182"}],"wp:attachment":[{"href":"https:\/\/agromt.news\/index.php?rest_route=%2Fwp%2Fv2%2Fmedia&parent=19181"}],"wp:term":[{"taxonomy":"category","embeddable":true,"href":"https:\/\/agromt.news\/index.php?rest_route=%2Fwp%2Fv2%2Fcategories&post=19181"},{"taxonomy":"post_tag","embeddable":true,"href":"https:\/\/agromt.news\/index.php?rest_route=%2Fwp%2Fv2%2Ftags&post=19181"}],"curies":[{"name":"wp","href":"https:\/\/api.w.org\/{rel}","templated":true}]}}