{"id":19178,"date":"2025-08-26T08:55:13","date_gmt":"2025-08-26T12:55:13","guid":{"rendered":"https:\/\/agromt.news\/?p=19178"},"modified":"2025-08-26T08:55:13","modified_gmt":"2025-08-26T12:55:13","slug":"compras-publicas-nao-impedirao-que-produtores-tenham-prejuizo-com-o-tarifaco-avalia-economista","status":"publish","type":"post","link":"https:\/\/agromt.news\/?p=19178","title":{"rendered":"Compras p\u00fablicas n\u00e3o impedir\u00e3o que produtores tenham preju\u00edzo com o tarifa\u00e7o, avalia economista"},"content":{"rendered":"<p> <br \/>\n<br \/><img decoding=\"async\" src=\"https:\/\/agromt.news\/wp-content\/uploads\/2025\/08\/Compras-publicas-nao-impedirao-que-produtores-tenham-prejuizo-com-o.jpg\" \/><\/p>\n<div>\n\t\t<iframe title=\"Governo publica lista de alimentos atingidos por tarifa\u00e7o que far\u00e3o parte das compras p\u00fablicas\" width=\"800\" height=\"450\" src=\"https:\/\/www.youtube.com\/embed\/ZqR4wwCejgo?feature=oembed\" frameborder=\"0\" allow=\"accelerometer; autoplay; clipboard-write; encrypted-media; gyroscope; picture-in-picture; web-share\" referrerpolicy=\"strict-origin-when-cross-origin\" allowfullscreen><\/iframe><\/p>\n<p>O governo federal <a href=\"https:\/\/www.canalrural.com.br\/agricultura\/governo-anuncia-lista-de-alimentos-atingidos-por-tarifaco-que-farao-parte-das-compras-publicas\/\">divulgou na segunda-feira (25) a lista de alimentos atingidos pelo tarifa\u00e7o dos Estados Unidos<\/a> que passar\u00e3o a integrar o programa de compras p\u00fablicas. A iniciativa busca garantir o escoamento da produ\u00e7\u00e3o e a renda de produtores e exportadores prejudicados.<\/p>\n<p>Para o economista Alessandro Azoni, no entanto, a medida n\u00e3o impedir\u00e1 que os produtores tenham perdas significativas. Segundo ele, os pre\u00e7os praticados nos programas governamentais ficam muito abaixo da cota\u00e7\u00e3o internacional, que \u00e9 feita em d\u00f3lar, reduzindo drasticamente a margem de lucro dos agricultores.<\/p>\n<p><em>Veja em primeira m\u00e3o tudo sobre agricultura, pecu\u00e1ria, economia e previs\u00e3o do tempo:<\/em><a href=\"https:\/\/news.google.com\/publications\/CAAqBwgKMPKZlQswq_mqAw?hl=pt-BR&amp;gl=BR&amp;ceid=BR%3Apt-419\" target=\"_blank\" rel=\"noreferrer noopener\"><em>\u00a0siga o Canal Rural no Google News!<\/em><\/a><\/p>\n<p>\u201cO produtor vai ter preju\u00edzo, porque os pre\u00e7os internos usados pelo governo ficam aqu\u00e9m do mercado internacional e, muitas vezes, n\u00e3o cobrem sequer os custos de produ\u00e7\u00e3o\u201d, avaliou.<br \/>Al\u00e9m da compra p\u00fablica, o governo anunciou o Plano Brasil Soberano, pacote estimado em R$ 30 bilh\u00f5es que inclui linhas de cr\u00e9dito subsidiado e outras a\u00e7\u00f5es emergenciais. Azoni alerta, contudo, para o impacto nas contas p\u00fablicas.<\/p>\n<p>\u201cFechamos julho com d\u00e9ficit de R$ 47 bilh\u00f5es. Com esse programa, poderemos ultrapassar R$ 80 bilh\u00f5es at\u00e9 o fim do ano. Minha preocupa\u00e7\u00e3o \u00e9 de onde sair\u00e1 esse dinheiro, j\u00e1 que o arcabou\u00e7o fiscal prev\u00ea d\u00e9ficit zero em 2024 e super\u00e1vit a partir de 2025\u201d, destacou.<\/p>\n<\/div>\n<div>\n<p>O economista tamb\u00e9m observa que os gastos podem ultrapassar o valor anunciado, j\u00e1 que o pr\u00f3prio presidente Lula afirmou que os R$ 30 bilh\u00f5es seriam apenas o in\u00edcio do plano.<\/p>\n<p>\u201cIsso abre uma lacuna preocupante. Vemos o presidente falar em mais verbas, mas n\u00e3o h\u00e1 posicionamento claro do Minist\u00e9rio da Fazenda ou do Planejamento sobre a viabilidade. \u00c9 como se o dono da empresa prometesse investimentos, mas o diretor financeiro n\u00e3o confirmasse os recursos\u201d, disse.<\/p>\n<p>Na avalia\u00e7\u00e3o de Azoni, o governo tamb\u00e9m falhou na condu\u00e7\u00e3o diplom\u00e1tica com Washington. Ele defende que Lula deveria ter adotado postura mais ativa, aproveitando a vulnerabilidade econ\u00f4mica dos Estados Unidos, que enfrenta infla\u00e7\u00e3o elevada e riscos de desabastecimento.<\/p>\n<p>\u201cO agro representa mais de 20% do PIB brasileiro e exigiria maior presen\u00e7a do presidente nas negocia\u00e7\u00f5es. Outros pa\u00edses atingidos reagiram de forma mais imediata. O Brasil demorou, e hoje quem est\u00e1 negociando diretamente s\u00e3o as cooperativas e empresas exportadoras com seus clientes nos EUA\u201d, criticou.<\/p>\n<p>Para ele, o momento poderia ter sido usado como oportunidade estrat\u00e9gica. \u201cO tarifa\u00e7o eleva em at\u00e9 50% o pre\u00e7o dos produtos brasileiros nos EUA. Isso agrava a infla\u00e7\u00e3o deles e gera car\u00eancia de itens <a href=\"https:\/\/www.canalrural.com.br\/agricultura\/setores-de-carne-e-cafe-dispensam-compras-publicas-do-governo-em-socorro-ao-tarifaco\/\">como caf\u00e9, carnes<\/a> e pescados. O Brasil poderia ter explorado melhor essa fragilidade para buscar um acordo mais favor\u00e1vel\u201d.<\/p>\n<\/p><\/div>\n<p><br \/>\n<br \/><a href=\"https:\/\/www.canalrural.com.br\/economia\/compras-publicas-nao-impedirao-que-produtores-tenham-prejuizo-com-o-tarifaco-avalia-economista\/\">Source link <\/a><\/p>\n","protected":false},"excerpt":{"rendered":"<p>O governo federal divulgou na segunda-feira (25) a lista de alimentos atingidos pelo tarifa\u00e7o dos Estados Unidos que passar\u00e3o a<\/p>\n","protected":false},"author":1,"featured_media":19179,"comment_status":"open","ping_status":"open","sticky":false,"template":"","format":"standard","meta":{"_monsterinsights_skip_tracking":false,"_monsterinsights_sitenote_active":false,"_monsterinsights_sitenote_note":"","_monsterinsights_sitenote_category":0,"_uf_show_specific_survey":0,"_uf_disable_surveys":false,"footnotes":""},"categories":[1],"tags":[],"class_list":["post-19178","post","type-post","status-publish","format-standard","has-post-thumbnail","hentry","category-news"],"_links":{"self":[{"href":"https:\/\/agromt.news\/index.php?rest_route=\/wp\/v2\/posts\/19178"}],"collection":[{"href":"https:\/\/agromt.news\/index.php?rest_route=\/wp\/v2\/posts"}],"about":[{"href":"https:\/\/agromt.news\/index.php?rest_route=\/wp\/v2\/types\/post"}],"author":[{"embeddable":true,"href":"https:\/\/agromt.news\/index.php?rest_route=\/wp\/v2\/users\/1"}],"replies":[{"embeddable":true,"href":"https:\/\/agromt.news\/index.php?rest_route=%2Fwp%2Fv2%2Fcomments&post=19178"}],"version-history":[{"count":0,"href":"https:\/\/agromt.news\/index.php?rest_route=\/wp\/v2\/posts\/19178\/revisions"}],"wp:featuredmedia":[{"embeddable":true,"href":"https:\/\/agromt.news\/index.php?rest_route=\/wp\/v2\/media\/19179"}],"wp:attachment":[{"href":"https:\/\/agromt.news\/index.php?rest_route=%2Fwp%2Fv2%2Fmedia&parent=19178"}],"wp:term":[{"taxonomy":"category","embeddable":true,"href":"https:\/\/agromt.news\/index.php?rest_route=%2Fwp%2Fv2%2Fcategories&post=19178"},{"taxonomy":"post_tag","embeddable":true,"href":"https:\/\/agromt.news\/index.php?rest_route=%2Fwp%2Fv2%2Ftags&post=19178"}],"curies":[{"name":"wp","href":"https:\/\/api.w.org\/{rel}","templated":true}]}}