{"id":19175,"date":"2025-08-26T07:43:27","date_gmt":"2025-08-26T11:43:27","guid":{"rendered":"https:\/\/agromt.news\/?p=19175"},"modified":"2025-08-26T07:43:27","modified_gmt":"2025-08-26T11:43:27","slug":"chuva-forte-deve-atingir-alguns-estados-nesta-terca-veja-a-previsao-do-tempo","status":"publish","type":"post","link":"https:\/\/agromt.news\/?p=19175","title":{"rendered":"Chuva forte deve atingir alguns estados nesta ter\u00e7a, veja a previs\u00e3o do tempo"},"content":{"rendered":"<p> <br \/>\n<br \/><img decoding=\"async\" src=\"https:\/\/agromt.news\/wp-content\/uploads\/2025\/05\/Chuva-forte-tempestade.jpg\" \/><\/p>\n<div>\n<p>A presen\u00e7a de um cavado meteorol\u00f3gico em m\u00e9dios e altos n\u00edveis da atmosfera deve refor\u00e7ar a atua\u00e7\u00e3o de instabilidades em Santa Catarina e no Paran\u00e1 nesta ter\u00e7a-feira (26). Ainda durante a madrugada, os n\u00facleos de chuva come\u00e7am a se desenvolver e espalhar sobre ambos os estados, incidindo por meio de pancadas com moderada e eventual forte intensidade. As \u00e1reas de maior destaque ficam entre o centro-leste e sul paranaense, norte, vales e leste catarinense \u2013 incluindo a regi\u00e3o metropolitana de Florian\u00f3polis \u2013, onde h\u00e1 risco para temporais com raios e ventania no decorrer das horas. Em Curitiba, o tempo segue inst\u00e1vel e com risco de intervalos com chuva forte ao longo do dia. Excepcionalmente as \u00e1reas do extremo norte paranaense e oeste catarinense n\u00e3o devem contar com chuva significativa durante o dia.<\/p>\n<p>No Rio Grande do Sul, algumas cidades entre o extremo norte e a serra ga\u00facha podem contar com a ocorr\u00eancia de pancadas de chuva com forte intensidade no per\u00edodo da tarde. Nas demais regi\u00f5es do estado ga\u00facho, o tempo segue est\u00e1vel e as temperaturas mais baixas, justificado pela atua\u00e7\u00e3o da massa de ar polar. Ainda nas primeiras horas da manh\u00e3, \u00e1reas da campanha ga\u00facha, miss\u00f5es e regi\u00e3o central, podem contar com a forma\u00e7\u00e3o de geada. Porto Alegre com a ter\u00e7a-feira de tempo firme, sol entre algumas nuvens e temperaturas mais baixas.<\/p>\n<p>No Sudeste, o deslocamento da frente fria sobre o oceano chega na altura do estado de S\u00e3o Paulo, e, juntamente com a atua\u00e7\u00e3o do cavado meteorol\u00f3gico em m\u00e9dios e altos n\u00edveis da atmosfera, deve promover a forma\u00e7\u00e3o de instabilidades sobre todo o corredor leste paulista. Entre o Vale do Ribeira, regi\u00e3o sul, Grande S\u00e3o Paulo, Vale do Para\u00edba e litoral, haver\u00e1 condi\u00e7\u00f5es para pancadas de chuva com moderada a pontual forte intensidade, acompanhada por raios e rajadas de vento, a partir do per\u00edodo da tarde. <\/p>\n<p>Em algumas \u00e1reas do centro-oeste paulista, n\u00e3o est\u00e3o descartadas eventuais pancadas isoladas. Por outro lado, a metade norte do estado segue com predom\u00ednio de ar seco, e o dia ser\u00e1 marcado pela presen\u00e7a do sol, calor e baixa umidade do ar \u2013 com \u00edndices variando entre limiares de aten\u00e7\u00e3o (abaixo de 30%) e alerta (abaixo de 20%). No Rio de Janeiro, pode chover entre o fim da tarde e in\u00edcio da noite, entre o sul fluminense e a regi\u00e3o da costa verde. J\u00e1 na capital, h\u00e1 condi\u00e7\u00f5es para pancadas apenas durante a madrugada. Entre Minas Gerais e o Esp\u00edrito Santo, o tempo segue firme, com sol variando entre algumas nuvens durante o dia. Em boa parte do estado mineiro, o per\u00edodo da tarde deve seguir marcado pelo alerta de baixa umidade do ar \u2013 incluindo a regi\u00e3o metropolitana de Belo Horizonte.<\/p>\n<p>Enquanto no Centro-Oeste, ainda pode chover com fraca a moderada intensidade em algumas cidades do sul de Mato Grosso do Sul entre o per\u00edodo da madrugada e in\u00edcio da manh\u00e3. Ainda pela manh\u00e3, as temperaturas permanecem significativamente baixas em todo estado, com destaque para a metade sul, onde as m\u00ednimas devem permanecer abaixo dos 10\u00baC. No decorrer do dia, o tempo j\u00e1 deve seguir est\u00e1vel e os term\u00f4metros voltam a disparar na por\u00e7\u00e3o leste e norte. Entre Mato Grosso, Goi\u00e1s e Tocantins, o padr\u00e3o de tempo segue sendo mais seco, com sol entre apenas algumas nuvens, calor e alerta para baixa umidade do ar \u2013 com \u00edndices variando entre 12% e 20% durante as horas mais quentes.<\/p>\n<\/div>\n<div>\n<p>J\u00e1 no Nordeste, a circula\u00e7\u00e3o de ventos mar\u00edtimos deve continuar refor\u00e7ando a forma\u00e7\u00e3o de instabilidades sobre parte da costa leste. Entre Aracaju e Macei\u00f3, h\u00e1 risco de chuva forte ao longo do dia. Entre Recife\/PE e Natal\/RN, pancadas de chuva com fraca a moderada intensidade que ocorrem entre o per\u00edodo da madrugada e manh\u00e3. Pode chover com moderada intensidade tamb\u00e9m em \u00e1reas mais ao leste do sert\u00e3o da Bahia.<\/p>\n<p><em>Veja em primeira m\u00e3o tudo sobre agricultura, pecu\u00e1ria, economia e previs\u00e3o do tempo:<\/em><a href=\"https:\/\/news.google.com\/publications\/CAAqBwgKMPKZlQswq_mqAw?hl=pt-BR&amp;gl=BR&amp;ceid=BR%3Apt-419\" target=\"_blank\" rel=\"noreferrer noopener\"><em>\u00a0siga o Canal Rural no Google News!<\/em><\/a><\/p>\n<p>Substancialmente, o interior nordestino segue com predom\u00ednio de tempo est\u00e1vel, apenas poucas varia\u00e7\u00f5es de nebulosidade e bastante sol no decorrer do dia. Entre o sert\u00e3o de Pernambuco, da Para\u00edba e o oeste da Bahia, os \u00edndices de umidade relativa do ar seguem em n\u00edveis cr\u00edticos, abaixo de 30%. Na regi\u00e3o do Meio-Norte, entre o interior do Piau\u00ed e do Maranh\u00e3o, os \u00edndices seguem mais alarmantes, com valores abaixo de 20% \u00e0 tarde. Al\u00e9m da chuva e do ar seco, os ventos seguem sendo destaque ao longo do dia. Em algumas \u00e1reas do litoral do Maranh\u00e3o e do Cear\u00e1, al\u00e9m de boa parte do Piau\u00ed, as rajadas podem ultrapassar os 50 km\/h.<\/p>\n<p>E no Norte, as instabilidades seguem confinadas entre a metade norte do Amazonas e Roraima, com risco de pancadas fortes de chuva com raios e at\u00e9 mesmo temporais isolados ao longo do dia. Pode chover forte tamb\u00e9m entre o sul do Amap\u00e1 e o litoral do Par\u00e1, ocasionado pela circula\u00e7\u00e3o de umidade sobre a regi\u00e3o. Nas demais regi\u00f5es, o padr\u00e3o de tempo segue est\u00e1vel, sem risco de chuva significativa. Dentre as \u00e1reas mais secas, Acre, Tocantins e Rond\u00f4nia seguem com destaque, com alerta de baixa umidade no per\u00edodo da tarde e m\u00e1ximas que devem seguir na ordem \u2013 ou at\u00e9 mesmo ultrapassando \u2013 os 35\u00baC.<\/p>\n<div data-icp-cta=\"1\" id=\"icp-cta-unique\">Voc\u00ea quer entender como usar o clima a seu favor?<b> <\/b><a href=\"https:\/\/climacampo.canalrural.com.br\/climacampo_-01\">Preparamos um e-book exclusivo<\/a> para ajudar produtores rurais a se antecipar \u00e0s mudan\u00e7as do tempo e planejar melhor suas a\u00e7\u00f5es. Com base em previs\u00f5es meteorol\u00f3gicas confi\u00e1veis, ele oferece orienta\u00e7\u00f5es pr\u00e1ticas para proteger sua lavoura e otimizar seus resultados.<\/div>\n<\/div>\n<p><br \/>\n<br \/><a href=\"https:\/\/www.canalrural.com.br\/tempo\/chuva-forte-deve-atingir-alguns-estados-nesta-terca-veja-previsao-do-tempo\/\">Source link <\/a><\/p>\n","protected":false},"excerpt":{"rendered":"<p>A presen\u00e7a de um cavado meteorol\u00f3gico em m\u00e9dios e altos n\u00edveis da atmosfera deve refor\u00e7ar a atua\u00e7\u00e3o de instabilidades em<\/p>\n","protected":false},"author":1,"featured_media":13461,"comment_status":"open","ping_status":"open","sticky":false,"template":"","format":"standard","meta":{"_monsterinsights_skip_tracking":false,"_monsterinsights_sitenote_active":false,"_monsterinsights_sitenote_note":"","_monsterinsights_sitenote_category":0,"_uf_show_specific_survey":0,"_uf_disable_surveys":false,"footnotes":""},"categories":[1],"tags":[],"class_list":["post-19175","post","type-post","status-publish","format-standard","has-post-thumbnail","hentry","category-news"],"_links":{"self":[{"href":"https:\/\/agromt.news\/index.php?rest_route=\/wp\/v2\/posts\/19175"}],"collection":[{"href":"https:\/\/agromt.news\/index.php?rest_route=\/wp\/v2\/posts"}],"about":[{"href":"https:\/\/agromt.news\/index.php?rest_route=\/wp\/v2\/types\/post"}],"author":[{"embeddable":true,"href":"https:\/\/agromt.news\/index.php?rest_route=\/wp\/v2\/users\/1"}],"replies":[{"embeddable":true,"href":"https:\/\/agromt.news\/index.php?rest_route=%2Fwp%2Fv2%2Fcomments&post=19175"}],"version-history":[{"count":0,"href":"https:\/\/agromt.news\/index.php?rest_route=\/wp\/v2\/posts\/19175\/revisions"}],"wp:featuredmedia":[{"embeddable":true,"href":"https:\/\/agromt.news\/index.php?rest_route=\/wp\/v2\/media\/13461"}],"wp:attachment":[{"href":"https:\/\/agromt.news\/index.php?rest_route=%2Fwp%2Fv2%2Fmedia&parent=19175"}],"wp:term":[{"taxonomy":"category","embeddable":true,"href":"https:\/\/agromt.news\/index.php?rest_route=%2Fwp%2Fv2%2Fcategories&post=19175"},{"taxonomy":"post_tag","embeddable":true,"href":"https:\/\/agromt.news\/index.php?rest_route=%2Fwp%2Fv2%2Ftags&post=19175"}],"curies":[{"name":"wp","href":"https:\/\/api.w.org\/{rel}","templated":true}]}}