{"id":19174,"date":"2025-08-26T07:35:08","date_gmt":"2025-08-26T11:35:08","guid":{"rendered":"https:\/\/agromt.news\/?p=19174"},"modified":"2025-08-26T07:35:08","modified_gmt":"2025-08-26T11:35:08","slug":"comissao-aprova-projeto-que-isenta-produtor-rural-de-culpa-por-incendio-vizinho","status":"publish","type":"post","link":"https:\/\/agromt.news\/?p=19174","title":{"rendered":"Comiss\u00e3o aprova projeto que isenta produtor rural de culpa por inc\u00eandio vizinho"},"content":{"rendered":"<p> <br \/>\n<\/p>\n<div>\n<div class=\"row\">\n<div class=\"col-lg col-infos mt-0 mt-lg-0\">\n<div class=\"section-sub-title\">\n<p itemprop=\"description\">&#13;<br \/>\n                                Projeto isenta produtores de culpa por inc\u00eandios em fazendas vizinhas&#13;\n                            <\/p>\n<\/p><\/div>\n<div class=\"container\">\n<div class=\"row\">\n<div class=\"col-lg p-0 text-lg-end\">\n<div>\n<div id=\"mdEnviarPagina\" class=\"modal fade\" role=\"dialog\">\n<div class=\"modal-dialog\">\n<div class=\"modal-content\">\n<div class=\"modal-body\">\n<p><strong>Estimado usu\u00e1rio.<\/strong><br \/>Preencha o formul\u00e1rio abaixo para remeter a p\u00e1gina.<\/p>\n<\/p><\/div>\n<\/p><\/div>\n<\/p><\/div>\n<\/div><\/div>\n<\/p><\/div>\n<\/p><\/div>\n<\/p><\/div>\n<\/p><\/div>\n<\/p><\/div>\n<div class=\"row justify-content-md-center mt-3\">\n<div class=\"col-lg-auto col-image block-news-main-image\">\n<p>                                <img decoding=\"async\" src=\"https:\/\/www.agrolink.com.br\/upload\/imagens-resizes\/dc0a5b6c575a4431975a185c7005b6ec_858x483.jpg\" class=\"lazyload img-fluid\"\/><br \/>\n                                                <span class=\"publicity-photo d-block mt-1\">Foto: Pexels<\/span><\/p><\/div>\n<\/p><\/div>\n<div class=\"section-description section-description-noticias mt-3\">\n<p style=\"text-align:justify\">A Comiss\u00e3o de Agricultura, Pecu\u00e1ria, Abastecimento e Desenvolvimento Rural da C\u00e2mara dos Deputados aprovou o Projeto de Lei 3872\/24, que isenta de responsabilidade o propriet\u00e1rio rural que n\u00e3o tiver contribu\u00eddo, direta ou indiretamente, para queimada ou inc\u00eandio florestal iniciados em propriedade vizinha.&#13;\n<\/p>\n<p style=\"text-align:justify\">Se virar lei, o propriet\u00e1rio n\u00e3o poder\u00e1 sofrer san\u00e7\u00f5es aplicadas por \u00f3rg\u00e3os ambientais nesses casos. O relator, deputado Ricardo Salles (Novo-SP), recomendou a aprova\u00e7\u00e3o da proposta de autoria do deputado Lucio Mosquini (MDB-RO).<\/p>\n<p style=\"text-align:justify\">Segundo Salles, a medida visa garantir maior seguran\u00e7a jur\u00eddica ao produtor rural. \u201cAtualmente, in\u00fameros propriet\u00e1rios rurais t\u00eam sido penalizados administrativamente por inc\u00eandios originados em propriedades vizinhas, mesmo sem terem concorrido para o sinistro\u201d, disse.&#13;\n<\/p>\n<p style=\"text-align:justify\"><strong>Pr\u00f3ximos passos<\/strong><br \/>&#13;<br \/>\nO projeto ser\u00e1 analisado agora pelas comiss\u00f5es de Meio Ambiente e Desenvolvimento Sustent\u00e1vel, e de Constitui\u00e7\u00e3o e Justi\u00e7a e de Cidadania (CCJ), em <span class=\"termoGlossario\" contenteditable=\"false\" data-original-title=\"Rito de tramita\u00e7\u00e3o pelo qual o projeto \u00e9 votado apenas pelas comiss\u00f5es designadas para analis\u00e1-lo, dispensada a delibera\u00e7\u00e3o do Plen\u00e1rio. O projeto perde o car\u00e1ter conclusivo se houver decis\u00e3o divergente entre as comiss\u00f5es ou se, independentemente de ser aprovado ou rejeitado, houver recurso assinado por 52 deputados para a aprecia\u00e7\u00e3o da mat\u00e9ria no Plen\u00e1rio.\" data-placement=\"top\" data-toggle=\"tooltip\" id=\"4322\" title=\"\">car\u00e1ter conclusivo<\/span>. Para virar lei, a proposta precisa ser aprovada pela C\u00e2mara e pelo Senado.&#13;\n<\/p>\n<p style=\"text-align:justify\">\u00a0<\/p>\n<\/p><\/div>\n<\/p><\/div>\n<p><script data-cfasync=\"false\">\n    !function (f, b, e, v, n, t, s) {\n        if (f.fbq) return; n = f.fbq = function () {\n            n.callMethod ?\n                n.callMethod.apply(n, arguments) : n.queue.push(arguments)\n        };\n        if (!f._fbq) f._fbq = n; n.push = n; n.loaded = !0; n.version = '2.0';\n        n.queue = []; t = b.createElement(e); t.async = !0;\n        t.src = v; s = b.getElementsByTagName(e)[0];\n        s.parentNode.insertBefore(t, s)\n    }(window, document, 'script',\n        'https:\/\/connect.facebook.net\/en_US\/fbevents.js');\n    fbq('init', '522546078623747');\n    fbq('track', 'PageView');\n<\/script><br \/>\n<br \/><br \/>\n<br \/><a href=\"https:\/\/www.agrolink.com.br\/noticias\/comissao-aprova-projeto-que-isenta-produtor-rural-de-culpa-por-incendio-vizinho_505280.html\">Source link <\/a><\/p>\n","protected":false},"excerpt":{"rendered":"<p>&#13; Projeto isenta produtores de culpa por inc\u00eandios em fazendas vizinhas&#13; Estimado usu\u00e1rio.Preencha o formul\u00e1rio abaixo para remeter a p\u00e1gina.<\/p>\n","protected":false},"author":1,"featured_media":1996,"comment_status":"open","ping_status":"open","sticky":false,"template":"","format":"standard","meta":{"_monsterinsights_skip_tracking":false,"_monsterinsights_sitenote_active":false,"_monsterinsights_sitenote_note":"","_monsterinsights_sitenote_category":0,"_uf_show_specific_survey":0,"_uf_disable_surveys":false,"footnotes":""},"categories":[8,1,14],"tags":[],"class_list":["post-19174","post","type-post","status-publish","format-standard","has-post-thumbnail","hentry","category-agro","category-news","category-politica-agro"],"_links":{"self":[{"href":"https:\/\/agromt.news\/index.php?rest_route=\/wp\/v2\/posts\/19174"}],"collection":[{"href":"https:\/\/agromt.news\/index.php?rest_route=\/wp\/v2\/posts"}],"about":[{"href":"https:\/\/agromt.news\/index.php?rest_route=\/wp\/v2\/types\/post"}],"author":[{"embeddable":true,"href":"https:\/\/agromt.news\/index.php?rest_route=\/wp\/v2\/users\/1"}],"replies":[{"embeddable":true,"href":"https:\/\/agromt.news\/index.php?rest_route=%2Fwp%2Fv2%2Fcomments&post=19174"}],"version-history":[{"count":0,"href":"https:\/\/agromt.news\/index.php?rest_route=\/wp\/v2\/posts\/19174\/revisions"}],"wp:featuredmedia":[{"embeddable":true,"href":"https:\/\/agromt.news\/index.php?rest_route=\/wp\/v2\/media\/1996"}],"wp:attachment":[{"href":"https:\/\/agromt.news\/index.php?rest_route=%2Fwp%2Fv2%2Fmedia&parent=19174"}],"wp:term":[{"taxonomy":"category","embeddable":true,"href":"https:\/\/agromt.news\/index.php?rest_route=%2Fwp%2Fv2%2Fcategories&post=19174"},{"taxonomy":"post_tag","embeddable":true,"href":"https:\/\/agromt.news\/index.php?rest_route=%2Fwp%2Fv2%2Ftags&post=19174"}],"curies":[{"name":"wp","href":"https:\/\/api.w.org\/{rel}","templated":true}]}}