{"id":19173,"date":"2025-08-26T05:38:59","date_gmt":"2025-08-26T09:38:59","guid":{"rendered":"https:\/\/agromt.news\/?p=19173"},"modified":"2025-08-26T05:38:59","modified_gmt":"2025-08-26T09:38:59","slug":"dolar-firme-e-forte-demanda-internacional-sustentam-precos-da-soja","status":"publish","type":"post","link":"https:\/\/agromt.news\/?p=19173","title":{"rendered":"D\u00f3lar firme e forte demanda internacional sustentam pre\u00e7os da soja"},"content":{"rendered":"<p> <br \/>\n<\/p>\n<div>\n<p style=\"text-align:justify\">O mercado da <a href=\"https:\/\/www.agrolink.com.br\/culturas\/soja?utm_source=agrolink-detalhe-noticia&amp;utm_medium=detalhe-noticia&amp;utm_campaign=links-internos\" target=\"_blank\" rel=\"noopener\">soja<\/a> atravessou a \u00faltima semana com sinais de recupera\u00e7\u00e3o e sustenta\u00e7\u00e3o nos pre\u00e7os, tanto no cen\u00e1rio internacional quanto no brasileiro. Em Chicago, o contrato de setembro\/25 valorizou 1,34%, fechando a 10,36 US$\/bushel, movimento impulsionado pelo aumento da percep\u00e7\u00e3o de risco clim\u00e1tico nos Estados Unidos, onde a previs\u00e3o de tempo mais seco e quente elevou o sentimento altista dos investidores.&#13;\n<\/p>\n<p style=\"text-align:justify\">De acordo com an\u00e1lise da Gr\u00e3o Direto, no Brasil, o suporte aos pre\u00e7os veio principalmente da combina\u00e7\u00e3o entre a valoriza\u00e7\u00e3o do d\u00f3lar e a firmeza dos pr\u00eamios de exporta\u00e7\u00e3o. A demanda internacional segue aquecida, garantindo bons n\u00edveis de competitividade para o gr\u00e3o brasileiro. A ANEC, inclusive, revisou para cima as proje\u00e7\u00f5es de embarques de agosto, que podem atingir 9,38 milh\u00f5es de toneladas, n\u00famero bastante superior ao mesmo per\u00edodo de 2024.<\/p>\n<p style=\"text-align:justify\">Enquanto o Brasil mant\u00e9m protagonismo nas exporta\u00e7\u00f5es, os dados de vendas semanais do USDA j\u00e1 indicam uma transi\u00e7\u00e3o de foco para a safra norte-americana 2025\/26. Esse movimento sinaliza que a janela de domin\u00e2ncia brasileira tende a se encurtar \u00e0 medida que os EUA avan\u00e7am com a colheita, pressionando os diferenciais pagos pelo gr\u00e3o nacional.&#13;\n<\/p>\n<p style=\"text-align:justify\">Os pr\u00f3ximos dias prometem volatilidade. Em Chicago, o clima no Meio-Oeste americano ser\u00e1 o fator determinante, j\u00e1 que a regi\u00e3o entra na fase cr\u00edtica de enchimento dos gr\u00e3os. Caso se confirme um padr\u00e3o mais seco, os pre\u00e7os podem ganhar novo f\u00f4lego. Por outro lado, o retorno de chuvas pode retirar rapidamente o pr\u00eamio de risco embutido nas cota\u00e7\u00f5es.<\/p>\n<p style=\"text-align:justify\">No Brasil, o produtor deve aproveitar o momento favor\u00e1vel, j\u00e1 que a demanda chinesa \u2014 pilar da sustenta\u00e7\u00e3o de pre\u00e7os \u2014 em breve ter\u00e1 a alternativa da safra norte-americana. A recomenda\u00e7\u00e3o \u00e9 aten\u00e7\u00e3o aos mapas clim\u00e1ticos e ao ritmo de vendas da nova safra nos EUA, pois essas vari\u00e1veis podem impactar diretamente a competitividade do produto brasileiro.&#13;\n<\/p>\n<p style=\"text-align:justify\">A agenda da semana traz ainda o relat\u00f3rio de Acompanhamento de Safras do USDA, que pode refletir eventuais impactos do clima seco, al\u00e9m do relat\u00f3rio de Vendas Semanais para Exporta\u00e7\u00e3o, fundamental para medir a for\u00e7a da demanda pela nova safra americana.<\/p>\n<p style=\"text-align:justify\">\u00a0<\/p>\n<\/p><\/div>\n<p><script data-cfasync=\"false\">\n    !function (f, b, e, v, n, t, s) {\n        if (f.fbq) return; n = f.fbq = function () {\n            n.callMethod ?\n                n.callMethod.apply(n, arguments) : n.queue.push(arguments)\n        };\n        if (!f._fbq) f._fbq = n; n.push = n; n.loaded = !0; n.version = '2.0';\n        n.queue = []; t = b.createElement(e); t.async = !0;\n        t.src = v; s = b.getElementsByTagName(e)[0];\n        s.parentNode.insertBefore(t, s)\n    }(window, document, 'script',\n        'https:\/\/connect.facebook.net\/en_US\/fbevents.js');\n    fbq('init', '522546078623747');\n    fbq('track', 'PageView');\n<\/script><br \/>\n<br \/><br \/>\n<br \/><a href=\"https:\/\/www.agrolink.com.br\/noticias\/dolar-firme-e-forte-demanda-internacional-sustentam-precos-da-soja_505284.html\">Source link <\/a><\/p>\n","protected":false},"excerpt":{"rendered":"<p>O mercado da soja atravessou a \u00faltima semana com sinais de recupera\u00e7\u00e3o e sustenta\u00e7\u00e3o nos pre\u00e7os, tanto no cen\u00e1rio internacional<\/p>\n","protected":false},"author":1,"featured_media":10501,"comment_status":"open","ping_status":"open","sticky":false,"template":"","format":"standard","meta":{"_monsterinsights_skip_tracking":false,"_monsterinsights_sitenote_active":false,"_monsterinsights_sitenote_note":"","_monsterinsights_sitenote_category":0,"_uf_show_specific_survey":0,"_uf_disable_surveys":false,"footnotes":""},"categories":[8,1,14],"tags":[],"class_list":["post-19173","post","type-post","status-publish","format-standard","has-post-thumbnail","hentry","category-agro","category-news","category-politica-agro"],"_links":{"self":[{"href":"https:\/\/agromt.news\/index.php?rest_route=\/wp\/v2\/posts\/19173"}],"collection":[{"href":"https:\/\/agromt.news\/index.php?rest_route=\/wp\/v2\/posts"}],"about":[{"href":"https:\/\/agromt.news\/index.php?rest_route=\/wp\/v2\/types\/post"}],"author":[{"embeddable":true,"href":"https:\/\/agromt.news\/index.php?rest_route=\/wp\/v2\/users\/1"}],"replies":[{"embeddable":true,"href":"https:\/\/agromt.news\/index.php?rest_route=%2Fwp%2Fv2%2Fcomments&post=19173"}],"version-history":[{"count":0,"href":"https:\/\/agromt.news\/index.php?rest_route=\/wp\/v2\/posts\/19173\/revisions"}],"wp:featuredmedia":[{"embeddable":true,"href":"https:\/\/agromt.news\/index.php?rest_route=\/wp\/v2\/media\/10501"}],"wp:attachment":[{"href":"https:\/\/agromt.news\/index.php?rest_route=%2Fwp%2Fv2%2Fmedia&parent=19173"}],"wp:term":[{"taxonomy":"category","embeddable":true,"href":"https:\/\/agromt.news\/index.php?rest_route=%2Fwp%2Fv2%2Fcategories&post=19173"},{"taxonomy":"post_tag","embeddable":true,"href":"https:\/\/agromt.news\/index.php?rest_route=%2Fwp%2Fv2%2Ftags&post=19173"}],"curies":[{"name":"wp","href":"https:\/\/api.w.org\/{rel}","templated":true}]}}