{"id":19170,"date":"2025-08-26T03:42:40","date_gmt":"2025-08-26T07:42:40","guid":{"rendered":"https:\/\/agromt.news\/?p=19170"},"modified":"2025-08-26T03:42:40","modified_gmt":"2025-08-26T07:42:40","slug":"cotacoes-do-boi-gordo-seguem-estaveis-em-sao-paulo","status":"publish","type":"post","link":"https:\/\/agromt.news\/?p=19170","title":{"rendered":"Cota\u00e7\u00f5es do boi gordo seguem est\u00e1veis em S\u00e3o Paulo"},"content":{"rendered":"<p> <br \/>\n<\/p>\n<div>\n<div class=\"row\">\n<div class=\"col-lg col-infos mt-0 mt-lg-0\">\n<div class=\"section-sub-title\">\n<p itemprop=\"description\">&#13;<br \/>\n                                Frango recua 3,1% no mercado atacadista&#13;\n                            <\/p>\n<\/p><\/div>\n<div class=\"container\">\n<div class=\"row\">\n<div class=\"col-lg p-0\">\n<div>\n<div class=\"block-news-main-infos mt-3 text-start\">\n<p>                                            <strong class=\"fn\" itemprop=\"author\" style=\"color: rgb(112, 112, 112); \">&#13;<br \/>\n                                                <a href=\"https:\/\/www.agrolink.com.br\/noticias\/javascript:;\" class=\"text-uppercase\" target=\"_blank\" style=\"color: rgb(112, 112, 112); \" rel=\"noopener\">Agrolink<\/a>&#13;<br \/>\n&#13;<br \/>\n                                                    &#8211; Seane Lennon&#13;<br \/>\n&#13;<br \/>\n                                            <\/strong><br \/>\n                                        <\/p>\n<p>                                            <abbr><time datetime=\"2025-08-25T16:50\" itemprop=\"datePublished dateModified\">Publicado em 25\/08\/2025 \u00e0s 16:50h.<\/time><\/abbr><br \/>\n                                            <\/p><\/div>\n<\/p><\/div>\n<\/p><\/div>\n<div class=\"col-lg p-0 text-lg-end\">\n<div>\n<div id=\"mdEnviarPagina\" class=\"modal fade\" role=\"dialog\">\n<div class=\"modal-dialog\">\n<div class=\"modal-content\">\n<div class=\"modal-body\">\n<p><strong>Estimado usu\u00e1rio.<\/strong><br \/>Preencha o formul\u00e1rio abaixo para remeter a p\u00e1gina.<\/p>\n<\/p><\/div>\n<\/p><\/div>\n<\/p><\/div>\n<\/div><\/div>\n<\/p><\/div>\n<\/p><\/div>\n<\/p><\/div>\n<\/p><\/div>\n<\/p><\/div>\n<div class=\"row justify-content-md-center mt-3\">\n<div class=\"col-lg-auto col-image block-news-main-image\">\n<p>                                <img decoding=\"async\" src=\"https:\/\/www.agrolink.com.br\/upload\/imagens-resizes\/d9b0de8e3ae2489496ae0d43a05445ab_858x483.jpg\" class=\"lazyload img-fluid\"\/><br \/>\n                                                <span class=\"publicity-photo d-block mt-1\">Foto: Canva<\/span><\/p><\/div>\n<\/p><\/div>\n<div class=\"section-description section-description-noticias mt-3\">\n<p style=\"text-align:justify\">De acordo com an\u00e1lise divulgada na segunda-feira (25) pelo informativo Tem Boi na Linha, da Scot Consultoria, as cota\u00e7\u00f5es do boi gordo permaneceram est\u00e1veis em S\u00e3o Paulo. A consultoria destacou que \u201ccom muitos compradores fora dos neg\u00f3cios e as escalas preenchidas, a cota\u00e7\u00e3o n\u00e3o mudou em rela\u00e7\u00e3o \u00e0 sexta-feira\u201d. As escalas de abate no estado atendem, em m\u00e9dia, a nove dias.&#13;\n<\/p>\n<p style=\"text-align:justify\">No Rio Grande do Sul, o mercado apresentou cen\u00e1rio semelhante. \u201cCom o mercado bem ofertado e as escalas preenchidas, o ritmo das negocia\u00e7\u00f5es est\u00e1 lento. Assim, as cota\u00e7\u00f5es n\u00e3o mudaram nas regi\u00f5es de Pelotas e Oeste\u201d, informou o levantamento. Em Alagoas, o mercado local tamb\u00e9m n\u00e3o registrou varia\u00e7\u00f5es.&#13;\n<\/p>\n<p style=\"text-align:justify\">No atacado de carne com osso, houve rea\u00e7\u00e3o nas cota\u00e7\u00f5es. A carca\u00e7a casada do boi cap\u00e3o registrou alta de 0,7%, equivalente a R$ 0,15 por quilo, enquanto o boi inteiro apresentou valoriza\u00e7\u00e3o de 1,3% ou R$ 0,25 por quilo. Entre as f\u00eameas, a alta foi de 1,3% ou R$ 0,25 por quilo.&#13;\n<\/p>\n<p style=\"text-align:justify\">J\u00e1 no mercado de carnes alternativas, o frango m\u00e9dio teve queda de 3,1%, o que representa recuo de R$ 0,20 por quilo. Em contrapartida, o su\u00edno especial apresentou valoriza\u00e7\u00e3o de 1,5%, com alta de R$ 0,20 por quilo.<\/p>\n<\/p><\/div>\n<\/p><\/div>\n<p><script data-cfasync=\"false\">\n    !function (f, b, e, v, n, t, s) {\n        if (f.fbq) return; n = f.fbq = function () {\n            n.callMethod ?\n                n.callMethod.apply(n, arguments) : n.queue.push(arguments)\n        };\n        if (!f._fbq) f._fbq = n; n.push = n; n.loaded = !0; n.version = '2.0';\n        n.queue = []; t = b.createElement(e); t.async = !0;\n        t.src = v; s = b.getElementsByTagName(e)[0];\n        s.parentNode.insertBefore(t, s)\n    }(window, document, 'script',\n        'https:\/\/connect.facebook.net\/en_US\/fbevents.js');\n    fbq('init', '522546078623747');\n    fbq('track', 'PageView');\n<\/script><br \/>\n<br \/><br \/>\n<br \/><a href=\"https:\/\/www.agrolink.com.br\/noticias\/cotacoes-do-boi-gordo-seguem-estaveis-em-sao-paulo_505285.html\">Source link <\/a><\/p>\n","protected":false},"excerpt":{"rendered":"<p>&#13; Frango recua 3,1% no mercado atacadista&#13; &#13; Agrolink&#13; &#13; &#8211; Seane Lennon&#13; &#13; Publicado em 25\/08\/2025 \u00e0s 16:50h. Estimado<\/p>\n","protected":false},"author":1,"featured_media":19171,"comment_status":"open","ping_status":"open","sticky":false,"template":"","format":"standard","meta":{"_monsterinsights_skip_tracking":false,"_monsterinsights_sitenote_active":false,"_monsterinsights_sitenote_note":"","_monsterinsights_sitenote_category":0,"_uf_show_specific_survey":0,"_uf_disable_surveys":false,"footnotes":""},"categories":[8,1,14],"tags":[],"class_list":["post-19170","post","type-post","status-publish","format-standard","has-post-thumbnail","hentry","category-agro","category-news","category-politica-agro"],"_links":{"self":[{"href":"https:\/\/agromt.news\/index.php?rest_route=\/wp\/v2\/posts\/19170"}],"collection":[{"href":"https:\/\/agromt.news\/index.php?rest_route=\/wp\/v2\/posts"}],"about":[{"href":"https:\/\/agromt.news\/index.php?rest_route=\/wp\/v2\/types\/post"}],"author":[{"embeddable":true,"href":"https:\/\/agromt.news\/index.php?rest_route=\/wp\/v2\/users\/1"}],"replies":[{"embeddable":true,"href":"https:\/\/agromt.news\/index.php?rest_route=%2Fwp%2Fv2%2Fcomments&post=19170"}],"version-history":[{"count":0,"href":"https:\/\/agromt.news\/index.php?rest_route=\/wp\/v2\/posts\/19170\/revisions"}],"wp:featuredmedia":[{"embeddable":true,"href":"https:\/\/agromt.news\/index.php?rest_route=\/wp\/v2\/media\/19171"}],"wp:attachment":[{"href":"https:\/\/agromt.news\/index.php?rest_route=%2Fwp%2Fv2%2Fmedia&parent=19170"}],"wp:term":[{"taxonomy":"category","embeddable":true,"href":"https:\/\/agromt.news\/index.php?rest_route=%2Fwp%2Fv2%2Fcategories&post=19170"},{"taxonomy":"post_tag","embeddable":true,"href":"https:\/\/agromt.news\/index.php?rest_route=%2Fwp%2Fv2%2Ftags&post=19170"}],"curies":[{"name":"wp","href":"https:\/\/api.w.org\/{rel}","templated":true}]}}