{"id":19168,"date":"2025-08-26T01:40:39","date_gmt":"2025-08-26T05:40:39","guid":{"rendered":"https:\/\/agromt.news\/?p=19168"},"modified":"2025-08-26T01:40:39","modified_gmt":"2025-08-26T05:40:39","slug":"vacas-prenhes-recebem-atencao-especial-no-rs","status":"publish","type":"post","link":"https:\/\/agromt.news\/?p=19168","title":{"rendered":"Vacas prenhes recebem aten\u00e7\u00e3o especial no RS"},"content":{"rendered":"<p> <br \/>\n<\/p>\n<div>\n<p style=\"text-align:justify\">De acordo com o Informativo Conjuntural, divulgado pela Emater\/RS-Ascar na \u00faltima quinta-feira (21), a bovinocultura de corte no Rio Grande do Sul segue em diferentes fases de manejo, com destaque para o desmame de bezerros e a administra\u00e7\u00e3o de verm\u00edfugos. Segundo o boletim, \u201ca fase predominante dos rebanhos \u00e9 a gesta\u00e7\u00e3o, e os nascimentos de terneiros avan\u00e7am neste m\u00eas\u201d.&#13;\n<\/p>\n<p style=\"text-align:justify\">As vacas prenhes foram mantidas separadas das demais categorias, assim como os reprodutores, que receberam alimenta\u00e7\u00e3o diferenciada para manter a condi\u00e7\u00e3o corporal e preparar a esta\u00e7\u00e3o de monta no fim da primavera. Tamb\u00e9m foi aplicado refor\u00e7o da vacina preventiva contra clostridioses e observada redu\u00e7\u00e3o na popula\u00e7\u00e3o de ectoparasitas.<\/p>\n<p style=\"text-align:justify\">Na regi\u00e3o de Bag\u00e9, houve melhora no ganho de peso dos rebanhos e aumento da carga animal em v\u00e1rios munic\u00edpios, favorecidos pelas temperaturas mais amenas. Em Ca\u00e7apava do Sul, algumas propriedades iniciaram protocolos de insemina\u00e7\u00e3o artificial em tempo fixo, enquanto nos demais munic\u00edpios foram feitos exames androl\u00f3gicos em touros. J\u00e1 em S\u00e3o Gabriel, os rebanhos manejados de forma tradicional entraram na fase de pari\u00e7\u00e3o. Em Lavras do Sul, um remate realizado em 16 de agosto comercializou 1.992 animais, incluindo 281 vacas de invernar a R$ 8,96\/kg e 502 terneiros a R$ 12,41\/kg.<\/p>\n<p style=\"text-align:justify\">Na regi\u00e3o de Caxias do Sul, o estado corporal dos bovinos foi considerado ruim devido \u00e0 baixa disponibilidade de pasto. Houve necessidade de controle de mi\u00edases e bernes, al\u00e9m de vacina\u00e7\u00e3o contra a raiva na regi\u00e3o das Hort\u00eansias. Em Frederico Westphalen, as condi\u00e7\u00f5es clim\u00e1ticas favoreceram o bem-estar animal, mas foi necess\u00e1ria suplementa\u00e7\u00e3o alimentar.&#13;\n<\/p>\n<p style=\"text-align:justify\">Em Erechim, a boa oferta de animais gordos se deveu \u00e0s <a href=\"https:\/\/www.agrolink.com.br\/culturas\/pastagens?utm_source=agrolink-detalhe-noticia&amp;utm_medium=detalhe-noticia&amp;utm_campaign=links-internos\" target=\"_blank\" rel=\"noopener\">pastagens<\/a> de inverno, incluindo novilhos, bois, novilhas e vacas. Tamb\u00e9m houve comercializa\u00e7\u00e3o de terneiros e terneiras em leil\u00f5es regionais. O estado nutricional geral foi satisfat\u00f3rio, mas algumas propriedades com alta lota\u00e7\u00e3o registraram perdas de peso.<\/p>\n<p style=\"text-align:justify\">Na regi\u00e3o de Passo Fundo, os rebanhos se mantiveram dentro dos padr\u00f5es sanit\u00e1rios e nutricionais. Em Pelotas, houve melhora na condi\u00e7\u00e3o corporal de animais em restevas de soja, mas em Pinheiro Machado foram registrados casos de mortalidade por falta de alimento.<\/p>\n<p style=\"text-align:justify\">Na regi\u00e3o de Porto Alegre, t\u00e9cnicos alertaram para risco de intoxica\u00e7\u00e3o por maria-mole em \u00e1reas sobrepastejadas. J\u00e1 em Santa Maria, a baixa precipita\u00e7\u00e3o contribuiu para o bem-estar dos rebanhos. Em Santa Rosa, a boa capacidade de suporte dos campos manteve o ganho de peso, embora a demanda por gado de invernar e animais terminados tenha sido baixa.&#13;\n<\/p>\n<p style=\"text-align:justify\">Por fim, em Soledade, o pastejo em <a href=\"https:\/\/www.agrolink.com.br\/culturas\/aveia?utm_source=agrolink-detalhe-noticia&amp;utm_medium=detalhe-noticia&amp;utm_campaign=links-internos\" target=\"_blank\" rel=\"noopener\">aveia<\/a> e azev\u00e9m favoreceu o ganho de peso dos rebanhos, com terneiros apresentando bom peso ao nascer. A regi\u00e3o tamb\u00e9m registrou in\u00edcio da sele\u00e7\u00e3o de f\u00eameas para reposi\u00e7\u00e3o.<\/p>\n<\/p><\/div>\n<p><script data-cfasync=\"false\">\n    !function (f, b, e, v, n, t, s) {\n        if (f.fbq) return; n = f.fbq = function () {\n            n.callMethod ?\n                n.callMethod.apply(n, arguments) : n.queue.push(arguments)\n        };\n        if (!f._fbq) f._fbq = n; n.push = n; n.loaded = !0; n.version = '2.0';\n        n.queue = []; t = b.createElement(e); t.async = !0;\n        t.src = v; s = b.getElementsByTagName(e)[0];\n        s.parentNode.insertBefore(t, s)\n    }(window, document, 'script',\n        'https:\/\/connect.facebook.net\/en_US\/fbevents.js');\n    fbq('init', '522546078623747');\n    fbq('track', 'PageView');\n<\/script><br \/>\n<br \/><br \/>\n<br \/><a href=\"https:\/\/www.agrolink.com.br\/noticias\/vacas-prenhes-recebem-atencao-especial-no-rs_505286.html\">Source link <\/a><\/p>\n","protected":false},"excerpt":{"rendered":"<p>De acordo com o Informativo Conjuntural, divulgado pela Emater\/RS-Ascar na \u00faltima quinta-feira (21), a bovinocultura de corte no Rio Grande<\/p>\n","protected":false},"author":1,"featured_media":19169,"comment_status":"open","ping_status":"open","sticky":false,"template":"","format":"standard","meta":{"_monsterinsights_skip_tracking":false,"_monsterinsights_sitenote_active":false,"_monsterinsights_sitenote_note":"","_monsterinsights_sitenote_category":0,"_uf_show_specific_survey":0,"_uf_disable_surveys":false,"footnotes":""},"categories":[8,1,14],"tags":[],"class_list":["post-19168","post","type-post","status-publish","format-standard","has-post-thumbnail","hentry","category-agro","category-news","category-politica-agro"],"_links":{"self":[{"href":"https:\/\/agromt.news\/index.php?rest_route=\/wp\/v2\/posts\/19168"}],"collection":[{"href":"https:\/\/agromt.news\/index.php?rest_route=\/wp\/v2\/posts"}],"about":[{"href":"https:\/\/agromt.news\/index.php?rest_route=\/wp\/v2\/types\/post"}],"author":[{"embeddable":true,"href":"https:\/\/agromt.news\/index.php?rest_route=\/wp\/v2\/users\/1"}],"replies":[{"embeddable":true,"href":"https:\/\/agromt.news\/index.php?rest_route=%2Fwp%2Fv2%2Fcomments&post=19168"}],"version-history":[{"count":0,"href":"https:\/\/agromt.news\/index.php?rest_route=\/wp\/v2\/posts\/19168\/revisions"}],"wp:featuredmedia":[{"embeddable":true,"href":"https:\/\/agromt.news\/index.php?rest_route=\/wp\/v2\/media\/19169"}],"wp:attachment":[{"href":"https:\/\/agromt.news\/index.php?rest_route=%2Fwp%2Fv2%2Fmedia&parent=19168"}],"wp:term":[{"taxonomy":"category","embeddable":true,"href":"https:\/\/agromt.news\/index.php?rest_route=%2Fwp%2Fv2%2Fcategories&post=19168"},{"taxonomy":"post_tag","embeddable":true,"href":"https:\/\/agromt.news\/index.php?rest_route=%2Fwp%2Fv2%2Ftags&post=19168"}],"curies":[{"name":"wp","href":"https:\/\/api.w.org\/{rel}","templated":true}]}}