{"id":19167,"date":"2025-08-25T23:44:46","date_gmt":"2025-08-26T03:44:46","guid":{"rendered":"https:\/\/agromt.news\/?p=19167"},"modified":"2025-08-25T23:44:46","modified_gmt":"2025-08-26T03:44:46","slug":"tarifaco-dos-eua-pressiona-cafe-brasileiro","status":"publish","type":"post","link":"https:\/\/agromt.news\/?p=19167","title":{"rendered":"Tarifa\u00e7o dos EUA pressiona caf\u00e9 brasileiro"},"content":{"rendered":"<p> <br \/>\n<\/p>\n<div>\n<div class=\"row\">\n<div class=\"col-lg col-infos mt-0 mt-lg-0\">\n<div class=\"section-sub-title\">\n<p itemprop=\"description\">&#13;<br \/>\n                                O tarifa\u00e7o gera efeitos imediatos nas negocia\u00e7\u00f5es&#13;\n                            <\/p>\n<\/p><\/div>\n<div class=\"container\">\n<div class=\"row\">\n<div class=\"col-lg p-0\">\n<div>\n<div class=\"block-news-main-infos mt-3 text-start\">\n<p>                                            <strong class=\"fn\" itemprop=\"author\" style=\"color: rgb(112, 112, 112); \">&#13;<br \/>\n                                                <a href=\"https:\/\/www.agrolink.com.br\/noticias\/javascript:;\" class=\"text-uppercase\" target=\"_blank\" style=\"color: rgb(112, 112, 112); \" rel=\"noopener\">Agrolink<\/a>&#13;<br \/>\n&#13;<br \/>\n                                                    &#8211; Leonardo Gottems&#13;<br \/>\n&#13;<br \/>\n                                            <\/strong><br \/>\n                                        <\/p>\n<p>                                            <abbr><time datetime=\"2025-08-25T17:54\" itemprop=\"datePublished dateModified\">Publicado em 25\/08\/2025 \u00e0s 17:54h.<\/time><\/abbr><br \/>\n                                            <\/p><\/div>\n<\/p><\/div>\n<\/p><\/div>\n<div class=\"col-lg p-0 text-lg-end\">\n<div>\n<div id=\"mdEnviarPagina\" class=\"modal fade\" role=\"dialog\">\n<div class=\"modal-dialog\">\n<div class=\"modal-content\">\n<div class=\"modal-body\">\n<p><strong>Estimado usu\u00e1rio.<\/strong><br \/>Preencha o formul\u00e1rio abaixo para remeter a p\u00e1gina.<\/p>\n<\/p><\/div>\n<\/p><\/div>\n<\/p><\/div>\n<\/div><\/div>\n<\/p><\/div>\n<\/p><\/div>\n<\/p><\/div>\n<\/p><\/div>\n<\/p><\/div>\n<div class=\"row justify-content-md-center mt-3\">\n<div class=\"col-lg-auto col-image block-news-main-image\">\n<p>                                <img decoding=\"async\" src=\"https:\/\/www.agrolink.com.br\/upload\/imagens-resizes\/415ddec5aa194fc6bf3b1e593474d437_858x483.jpg\" class=\"lazyload img-fluid\" alt=\"O tarifa\u00e7o gera efeitos imediatos nas negocia\u00e7\u00f5es\"\/><br \/>\n                                                <span class=\"d-block mt-1\">O tarifa\u00e7o gera efeitos imediatos nas negocia\u00e7\u00f5es &#8211; Foto: Divulga\u00e7\u00e3o<\/span><\/p><\/div>\n<\/p><\/div>\n<div class=\"section-description section-description-noticias mt-3\">\n<p>O aumento das tarifas impostas pelos Estados Unidos sobre o caf\u00e9 brasileiro trouxe preocupa\u00e7\u00e3o ao setor, j\u00e1 que o pa\u00eds \u00e9 o maior comprador do produto e responde por mais de 30% das importa\u00e7\u00f5es de caf\u00e9 verde norte-americanas, segundo o USDA. O impacto direto no fluxo comercial pressiona produtores e exportadores, que agora precisam buscar novos destinos para manter a competitividade.&#13;\n<\/p>\n<p>O tarifa\u00e7o gera efeitos imediatos nas negocia\u00e7\u00f5es e refor\u00e7a a necessidade de diversifica\u00e7\u00e3o dos mercados. Embora o mercado norte-americano seja estrat\u00e9gico, a amplia\u00e7\u00e3o da presen\u00e7a em outros pa\u00edses torna-se fundamental para reduzir riscos e depend\u00eancia. Luiz Almeida, diretor de opera\u00e7\u00f5es da EEmovel Agro, comenta que \u201co aumento das tarifas gera um impacto imediato nas negocia\u00e7\u00f5es e for\u00e7a produtores e exportadores a buscarem alternativas para diversificar seus mercados e minimizar perdas\u201d.<\/p>\n<p>Al\u00e9m da barreira tarif\u00e1ria, o cen\u00e1rio global j\u00e1 vinha sendo marcado por instabilidade, com pre\u00e7os vol\u00e1teis e adiamento de contratos. Ainda que seja improv\u00e1vel a sa\u00edda total do caf\u00e9 brasileiro do mercado americano, a medida j\u00e1 provoca desaquecimento nas vendas e dificulta o equil\u00edbrio entre custos de produ\u00e7\u00e3o e margens de lucro.&#13;\n<\/p>\n<p>Nesse contexto, o maior peso recai sobre o produtor rural, que enfrenta a incerteza internacional em busca de pre\u00e7os justos para continuar produzindo. A press\u00e3o pode levar ao congelamento das vendas e \u00e0 paralisa\u00e7\u00e3o de contratos at\u00e9 que o mercado encontre um novo equil\u00edbrio, exigindo estrat\u00e9gias r\u00e1pidas para evitar preju\u00edzos ainda maiores. \u201cCom o tarifa\u00e7o, h\u00e1 uma tend\u00eancia de congelamento das vendas e adiamento dos contratos at\u00e9 que o mercado internacional encontre um novo equil\u00edbrio, o que exige agilidade e estrat\u00e9gia para que os produtores n\u00e3o sejam penalizados&#8221;, finaliza.<br \/>&#13;<br \/>\n\u00a0<\/p>\n<\/p><\/div>\n<\/p><\/div>\n<p><script data-cfasync=\"false\">\n    !function (f, b, e, v, n, t, s) {\n        if (f.fbq) return; n = f.fbq = function () {\n            n.callMethod ?\n                n.callMethod.apply(n, arguments) : n.queue.push(arguments)\n        };\n        if (!f._fbq) f._fbq = n; n.push = n; n.loaded = !0; n.version = '2.0';\n        n.queue = []; t = b.createElement(e); t.async = !0;\n        t.src = v; s = b.getElementsByTagName(e)[0];\n        s.parentNode.insertBefore(t, s)\n    }(window, document, 'script',\n        'https:\/\/connect.facebook.net\/en_US\/fbevents.js');\n    fbq('init', '522546078623747');\n    fbq('track', 'PageView');\n<\/script><br \/>\n<br \/><br \/>\n<br \/><a href=\"https:\/\/www.agrolink.com.br\/noticias\/tarifaco-dos-eua-pressiona-cafe-brasileiro_505287.html\">Source link <\/a><\/p>\n","protected":false},"excerpt":{"rendered":"<p>&#13; O tarifa\u00e7o gera efeitos imediatos nas negocia\u00e7\u00f5es&#13; &#13; Agrolink&#13; &#13; &#8211; Leonardo Gottems&#13; &#13; Publicado em 25\/08\/2025 \u00e0s 17:54h.<\/p>\n","protected":false},"author":1,"featured_media":9585,"comment_status":"open","ping_status":"open","sticky":false,"template":"","format":"standard","meta":{"_monsterinsights_skip_tracking":false,"_monsterinsights_sitenote_active":false,"_monsterinsights_sitenote_note":"","_monsterinsights_sitenote_category":0,"_uf_show_specific_survey":0,"_uf_disable_surveys":false,"footnotes":""},"categories":[8,1,14],"tags":[],"class_list":["post-19167","post","type-post","status-publish","format-standard","has-post-thumbnail","hentry","category-agro","category-news","category-politica-agro"],"_links":{"self":[{"href":"https:\/\/agromt.news\/index.php?rest_route=\/wp\/v2\/posts\/19167"}],"collection":[{"href":"https:\/\/agromt.news\/index.php?rest_route=\/wp\/v2\/posts"}],"about":[{"href":"https:\/\/agromt.news\/index.php?rest_route=\/wp\/v2\/types\/post"}],"author":[{"embeddable":true,"href":"https:\/\/agromt.news\/index.php?rest_route=\/wp\/v2\/users\/1"}],"replies":[{"embeddable":true,"href":"https:\/\/agromt.news\/index.php?rest_route=%2Fwp%2Fv2%2Fcomments&post=19167"}],"version-history":[{"count":0,"href":"https:\/\/agromt.news\/index.php?rest_route=\/wp\/v2\/posts\/19167\/revisions"}],"wp:featuredmedia":[{"embeddable":true,"href":"https:\/\/agromt.news\/index.php?rest_route=\/wp\/v2\/media\/9585"}],"wp:attachment":[{"href":"https:\/\/agromt.news\/index.php?rest_route=%2Fwp%2Fv2%2Fmedia&parent=19167"}],"wp:term":[{"taxonomy":"category","embeddable":true,"href":"https:\/\/agromt.news\/index.php?rest_route=%2Fwp%2Fv2%2Fcategories&post=19167"},{"taxonomy":"post_tag","embeddable":true,"href":"https:\/\/agromt.news\/index.php?rest_route=%2Fwp%2Fv2%2Ftags&post=19167"}],"curies":[{"name":"wp","href":"https:\/\/api.w.org\/{rel}","templated":true}]}}