{"id":19166,"date":"2025-08-25T20:23:53","date_gmt":"2025-08-26T00:23:53","guid":{"rendered":"https:\/\/agromt.news\/?p=19166"},"modified":"2025-08-25T20:23:53","modified_gmt":"2025-08-26T00:23:53","slug":"abiove-consegue-liminar-para-barrar-suspensao-da-moratoria-da-soja","status":"publish","type":"post","link":"https:\/\/agromt.news\/?p=19166","title":{"rendered":"Abiove consegue liminar para barrar suspens\u00e3o da Morat\u00f3ria da Soja"},"content":{"rendered":"<p> <br \/>\n<br \/><img decoding=\"async\" src=\"https:\/\/agromt.news\/wp-content\/uploads\/2025\/06\/Moratoria-da-Soja-trava-bilhoes-no-campo-STF-suspende-julgamento.jpg\" \/><\/p>\n<div>\n<p>A Associa\u00e7\u00e3o Brasileira das Ind\u00fastrias de \u00d3leos Vegetais <strong><a href=\"https:\/\/www.canalrural.com.br\/agricultura\/surpresa-e-cooperacao-abiove-e-anec-se-pronunciam-sobre-suspensao-da-moratoria-da-soja\/\">(Abiove)<\/a><\/strong> conseguiu na noite desta segunda-feira (25) uma medida preventiva para que a suspens\u00e3o da Morat\u00f3ria da Soja seja impedida.<\/p>\n<p>Na a\u00e7\u00e3o, contra o superintendente-geral do Conselho Administrativo de Defesa Econ\u00f4mica (Cade), Alexandre Barreto de Souza, a entidade sustenta que a<strong> <a href=\"https:\/\/www.canalrural.com.br\/agricultura\/moratoria-da-soja-e-suspensa-e-signatarias-podem-ter-de-pagar-multa-bilionaria\/\">decis\u00e3o, aprovada em 18 de agosto<\/a><\/strong>, foi tomada de maneira monocr\u00e1tica e proferida sem a devida aprecia\u00e7\u00e3o das manifesta\u00e7\u00f5es t\u00e9cnicas e jur\u00eddicas apresentadas, em evidente afronta ao contradit\u00f3rio, \u00e0 ampla defesa e ao devido processo legal.<\/p>\n<p>A a\u00e7\u00e3o que cancelava os efeitos da Morat\u00f3ria \u2014 pacto multissetorial que impede que traders de soja comprem o gr\u00e3o de produtores que tenham desmatado \u00e1reas no bioma amaz\u00f4nico ap\u00f3s julho de 2008 \u2014 havia sido requerida ao Cade pela Associa\u00e7\u00e3o dos Produtores de Soja de Mato Grosso (Aprosoja-MT), Confedera\u00e7\u00e3o da Agricultura e Pecu\u00e1ria do Brasil (CNA), C\u00e2mara dos Deputados e pelo Senado Federal.<\/p>\n<\/div>\n<div>\n<p>A Abiove alega, ainda, que o ato extrapola os limites da compet\u00eancia da Superintend\u00eancia Geral do Cade ao interferir em pol\u00edtica p\u00fablica ambiental reconhecida e apoiada formalmente por \u00f3rg\u00e3os federais, como o Minist\u00e9rio do Meio Ambiente (MMA) e o Instituto Brasileiro do Meio Ambiente e dos Recursos Naturais Renov\u00e1veis (Ibama).<\/p>\n<p>Assim, a previs\u00e3o de multa di\u00e1ria de <strong>R$ 250 mil <\/strong>\u00e0s signat\u00e1rias da Morat\u00f3ria tamb\u00e9m foi suspensa na decis\u00e3o, assinada pela ju\u00edza federal Adverci Rates Mendes de Abreu, da 20\u00aa Vara\/SJDF.<\/p>\n<p>Ao aprovar o pleito que suspendia os efeitos da Morat\u00f3ria da Soja, o superintendente-geral do Cade havia determinado, ainda, uma investiga\u00e7\u00e3o completa sobre os signat\u00e1rios do pacto, dizendo que se \u201cconstitui em um acordo anticompetitivo entre concorrentes que prejudicam a exporta\u00e7\u00e3o de soja\u201d.<\/p>\n<\/p><\/div>\n<p><br \/>\n<br \/><a href=\"https:\/\/www.canalrural.com.br\/agricultura\/abiove-consegue-liminar-para-barrar-suspensao-da-moratoria-da-soja\/\">Source link <\/a><\/p>\n","protected":false},"excerpt":{"rendered":"<p>A Associa\u00e7\u00e3o Brasileira das Ind\u00fastrias de \u00d3leos Vegetais (Abiove) conseguiu na noite desta segunda-feira (25) uma medida preventiva para que<\/p>\n","protected":false},"author":1,"featured_media":14686,"comment_status":"open","ping_status":"open","sticky":false,"template":"","format":"standard","meta":{"_monsterinsights_skip_tracking":false,"_monsterinsights_sitenote_active":false,"_monsterinsights_sitenote_note":"","_monsterinsights_sitenote_category":0,"_uf_show_specific_survey":0,"_uf_disable_surveys":false,"footnotes":""},"categories":[1],"tags":[],"class_list":["post-19166","post","type-post","status-publish","format-standard","has-post-thumbnail","hentry","category-news"],"_links":{"self":[{"href":"https:\/\/agromt.news\/index.php?rest_route=\/wp\/v2\/posts\/19166"}],"collection":[{"href":"https:\/\/agromt.news\/index.php?rest_route=\/wp\/v2\/posts"}],"about":[{"href":"https:\/\/agromt.news\/index.php?rest_route=\/wp\/v2\/types\/post"}],"author":[{"embeddable":true,"href":"https:\/\/agromt.news\/index.php?rest_route=\/wp\/v2\/users\/1"}],"replies":[{"embeddable":true,"href":"https:\/\/agromt.news\/index.php?rest_route=%2Fwp%2Fv2%2Fcomments&post=19166"}],"version-history":[{"count":0,"href":"https:\/\/agromt.news\/index.php?rest_route=\/wp\/v2\/posts\/19166\/revisions"}],"wp:featuredmedia":[{"embeddable":true,"href":"https:\/\/agromt.news\/index.php?rest_route=\/wp\/v2\/media\/14686"}],"wp:attachment":[{"href":"https:\/\/agromt.news\/index.php?rest_route=%2Fwp%2Fv2%2Fmedia&parent=19166"}],"wp:term":[{"taxonomy":"category","embeddable":true,"href":"https:\/\/agromt.news\/index.php?rest_route=%2Fwp%2Fv2%2Fcategories&post=19166"},{"taxonomy":"post_tag","embeddable":true,"href":"https:\/\/agromt.news\/index.php?rest_route=%2Fwp%2Fv2%2Ftags&post=19166"}],"curies":[{"name":"wp","href":"https:\/\/api.w.org\/{rel}","templated":true}]}}