{"id":19164,"date":"2025-08-25T20:06:40","date_gmt":"2025-08-26T00:06:40","guid":{"rendered":"https:\/\/agromt.news\/?p=19164"},"modified":"2025-08-25T20:06:40","modified_gmt":"2025-08-26T00:06:40","slug":"agroleite-2025-registrou-alta-de-86-em-volume-de-negocios","status":"publish","type":"post","link":"https:\/\/agromt.news\/?p=19164","title":{"rendered":"Agroleite 2025 registrou alta de 86% em volume de neg\u00f3cios"},"content":{"rendered":"<p> <br \/>\n<br \/><img decoding=\"async\" src=\"https:\/\/agromt.news\/wp-content\/uploads\/2025\/08\/Agroleite-2025-registrou-alta-de-86-em-volume-de-negocios.jpg\" \/><\/p>\n<div>\n<p>A 25\u00aa edi\u00e7\u00e3o do Agroleite movimentou R$ 969 milh\u00f5es em neg\u00f3cios, valor recorde, informou a organiza\u00e7\u00e3o em nota. O montante \u00e9 <strong>86%<\/strong> superior ao registrado em 2024, quando o total chegou a R$ 520 milh\u00f5es. A mostra leiteira ocorreu entre os dias 5 e 8 de agosto em Castro, no Paran\u00e1.<\/p>\n<p>\u201cDevido o contexto geral da economia, nossa expectativa era de um montante pr\u00f3ximo ao da \u00faltima edi\u00e7\u00e3o, mas, durante os dias do evento, constatamos, em conversa tanto com expositores, quanto com visitantes, que as pessoas aguardaram o momento da feira e as condi\u00e7\u00f5es especiais para fechar neg\u00f3cios\u201d, afirmou, na nota, o presidente da Castrolanda, Willem Bouwman.<\/p>\n<p>O levantamento foi feito junto \u00e0s 370 empresas expositoras e institui\u00e7\u00f5es financeiras participantes. De acordo com o gerente do Agroleite, Gustavo Vigan\u00f3, a cifra apenas as transa\u00e7\u00f5es fechadas durante os quatro dias de feira.<\/p>\n<\/div>\n<div>\n<h5 class=\"western\"><span style=\"color: #000000;\"><span style=\"font-family: Arial, sans-serif;\"><span style=\"font-size: x-large;\"><i>Veja em primeira m\u00e3o tudo sobre agricultura, pecu\u00e1ria, economia e previs\u00e3o do tempo:<\/i><\/span><\/span><\/span><a href=\"https:\/\/news.google.com\/publications\/CAAqBwgKMPKZlQswq_mqAw?hl=pt-BR&amp;gl=BR&amp;ceid=BR%3Apt-419\" target=\"_blank\" rel=\"noopener\"><span style=\"color: #1155cc;\"><span style=\"font-family: Arial, Helvetica, sans-serif;\">\u00a0<\/span><\/span><span style=\"color: #1155cc;\"><span style=\"font-family: Arial, sans-serif;\"><span style=\"font-size: x-large;\"><i>siga o Canal Rural no Google News!<\/i><\/span><\/span><\/span><\/a><\/h5>\n<p>\u201cSabemos tamb\u00e9m que \u00e9 grande o volume de neg\u00f3cios prospectados e que se concretizam nas semanas seguintes ao evento\u201d, acrescentou.<\/p>\n<p>O Agroleite 2025 recebeu 163 mil visitantes, recorde de p\u00fablico e o dobro da popula\u00e7\u00e3o de Castro. Outro destaque foi o retorno do Leil\u00e3o Virtual Estrelas do Leite, que comercializou 41 animais e arrecadou R$ 834 mil. O maior valor pago foi R$ 42 mil por uma f\u00eamea jovem da ra\u00e7a Jersey.<\/p>\n<p>A pr\u00f3xima edi\u00e7\u00e3o do Agroleite j\u00e1 est\u00e1 confirmada para agosto de 2026, com data a ser anunciada nas pr\u00f3ximas semanas.<\/p>\n<\/p><\/div>\n<p><br \/>\n<br \/><a href=\"https:\/\/www.canalrural.com.br\/feiras-e-eventos\/agroleite-2025-registrou-alta-de-86-em-volume-de-negocios\/\">Source link <\/a><\/p>\n","protected":false},"excerpt":{"rendered":"<p>A 25\u00aa edi\u00e7\u00e3o do Agroleite movimentou R$ 969 milh\u00f5es em neg\u00f3cios, valor recorde, informou a organiza\u00e7\u00e3o em nota. O montante<\/p>\n","protected":false},"author":1,"featured_media":19165,"comment_status":"open","ping_status":"open","sticky":false,"template":"","format":"standard","meta":{"_monsterinsights_skip_tracking":false,"_monsterinsights_sitenote_active":false,"_monsterinsights_sitenote_note":"","_monsterinsights_sitenote_category":0,"_uf_show_specific_survey":0,"_uf_disable_surveys":false,"footnotes":""},"categories":[1],"tags":[],"class_list":["post-19164","post","type-post","status-publish","format-standard","has-post-thumbnail","hentry","category-news"],"_links":{"self":[{"href":"https:\/\/agromt.news\/index.php?rest_route=\/wp\/v2\/posts\/19164"}],"collection":[{"href":"https:\/\/agromt.news\/index.php?rest_route=\/wp\/v2\/posts"}],"about":[{"href":"https:\/\/agromt.news\/index.php?rest_route=\/wp\/v2\/types\/post"}],"author":[{"embeddable":true,"href":"https:\/\/agromt.news\/index.php?rest_route=\/wp\/v2\/users\/1"}],"replies":[{"embeddable":true,"href":"https:\/\/agromt.news\/index.php?rest_route=%2Fwp%2Fv2%2Fcomments&post=19164"}],"version-history":[{"count":0,"href":"https:\/\/agromt.news\/index.php?rest_route=\/wp\/v2\/posts\/19164\/revisions"}],"wp:featuredmedia":[{"embeddable":true,"href":"https:\/\/agromt.news\/index.php?rest_route=\/wp\/v2\/media\/19165"}],"wp:attachment":[{"href":"https:\/\/agromt.news\/index.php?rest_route=%2Fwp%2Fv2%2Fmedia&parent=19164"}],"wp:term":[{"taxonomy":"category","embeddable":true,"href":"https:\/\/agromt.news\/index.php?rest_route=%2Fwp%2Fv2%2Fcategories&post=19164"},{"taxonomy":"post_tag","embeddable":true,"href":"https:\/\/agromt.news\/index.php?rest_route=%2Fwp%2Fv2%2Ftags&post=19164"}],"curies":[{"name":"wp","href":"https:\/\/api.w.org\/{rel}","templated":true}]}}