{"id":19163,"date":"2025-08-25T19:53:03","date_gmt":"2025-08-25T23:53:03","guid":{"rendered":"https:\/\/agromt.news\/?p=19163"},"modified":"2025-08-25T19:53:03","modified_gmt":"2025-08-25T23:53:03","slug":"argentina-projeta-aumento-na-area-de-milho","status":"publish","type":"post","link":"https:\/\/agromt.news\/?p=19163","title":{"rendered":"Argentina projeta aumento na \u00e1rea de milho"},"content":{"rendered":"<p> <br \/>\n<\/p>\n<div>\n<div class=\"row\">\n<div class=\"col-lg col-infos mt-0 mt-lg-0\">\n<div class=\"section-sub-title\">\n<p itemprop=\"description\">&#13;<br \/>\n                                No cen\u00e1rio global, a campanha 2025\/26 projeta aumento na produ\u00e7\u00e3o&#13;\n                            <\/p>\n<\/p><\/div>\n<div class=\"container\">\n<div class=\"row\">\n<div class=\"col-lg p-0\">\n<div>\n<div class=\"block-news-main-infos mt-3 text-start\">\n<p>                                            <strong class=\"fn\" itemprop=\"author\" style=\"color: rgb(112, 112, 112); \">&#13;<br \/>\n                                                <a href=\"https:\/\/www.agrolink.com.br\/noticias\/javascript:;\" class=\"text-uppercase\" target=\"_blank\" style=\"color: rgb(112, 112, 112); \" rel=\"noopener\">Agrolink<\/a>&#13;<br \/>\n&#13;<br \/>\n                                                    &#8211; Leonardo Gottems&#13;<br \/>\n&#13;<br \/>\n                                            <\/strong><br \/>\n                                        <\/p>\n<p>                                            <abbr><time datetime=\"2025-08-23T17:17\" itemprop=\"datePublished dateModified\">Publicado em 23\/08\/2025 \u00e0s 17:17h.<\/time><\/abbr><br \/>\n                                            <\/p><\/div>\n<\/p><\/div>\n<\/p><\/div>\n<div class=\"col-lg p-0 text-lg-end\">\n<div>\n<div id=\"mdEnviarPagina\" class=\"modal fade\" role=\"dialog\">\n<div class=\"modal-dialog\">\n<div class=\"modal-content\">\n<div class=\"modal-body\">\n<p><strong>Estimado usu\u00e1rio.<\/strong><br \/>Preencha o formul\u00e1rio abaixo para remeter a p\u00e1gina.<\/p>\n<\/p><\/div>\n<\/p><\/div>\n<\/p><\/div>\n<\/div><\/div>\n<\/p><\/div>\n<\/p><\/div>\n<\/p><\/div>\n<\/p><\/div>\n<\/p><\/div>\n<div class=\"row justify-content-md-center mt-3\">\n<div class=\"col-lg-auto col-image block-news-main-image\">\n<p>                                <img decoding=\"async\" src=\"https:\/\/www.agrolink.com.br\/upload\/imagens-resizes\/a39aba4e1d2943c6b62abd386d184256_858x483.jpg\" class=\"lazyload img-fluid\" alt=\"No cen\u00e1rio global, a campanha 2025\/26 projeta aumento na produ\u00e7\u00e3oNo cen\u00e1rio global, a campanha 2025\/26 projeta aumento na produ\u00e7\u00e3o\"\/><br \/>\n                                                <span class=\"d-block mt-1\">No cen\u00e1rio global, a campanha 2025\/26 projeta aumento na produ\u00e7\u00e3oNo cen\u00e1rio global, a campanha 2025\/26 projeta aumento na produ\u00e7\u00e3o &#8211; Foto: Agrolink<\/span><\/p><\/div>\n<\/p><\/div>\n<div class=\"section-description section-description-noticias mt-3\">\n<p>A produ\u00e7\u00e3o de <a href=\"https:\/\/www.agrolink.com.br\/culturas\/milho?utm_source=agrolink-detalhe-noticia&amp;utm_medium=detalhe-noticia&amp;utm_campaign=links-internos&#9;\" target=\"_blank\" rel=\"noopener\">milho<\/a> na Argentina para o ciclo 2025\/26 deve registrar uma recupera\u00e7\u00e3o expressiva em rela\u00e7\u00e3o ao ano anterior. Segundo levantamento da Bolsa de Cereales de Buenos Aires (BCBA), a \u00e1rea destinada ao gr\u00e3o pode alcan\u00e7ar 7,8 milh\u00f5es de hectares, impulsionada por melhores condi\u00e7\u00f5es de umidade e maior conhecimento sobre o manejo da cigarrinha do <a href=\"https:\/\/www.agrolink.com.br\/culturas\/milho?utm_source=agrolink-detalhe-noticia&amp;utm_medium=detalhe-noticia&amp;utm_campaign=links-internos&#9;\" target=\"_blank\" rel=\"noopener\">milho<\/a> (<a href=\"https:\/\/www.agrolink.com.br\/agrolinkfito\/manejo-integrado\/manejo-integrado-de-pragas\/controle--manejo-integrado--da-cigarrinha-do-milho--dalbulus-maidis-_485243.html\" target=\"_blank\" rel=\"noopener\">Dalbulus maidis<\/a>).&#13;\n<\/p>\n<p>O estudo da BCBA indica que, ap\u00f3s um ano marcado por incertezas relacionadas \u00e0 praga, os produtores est\u00e3o mais confiantes e tendem a optar por sementes precoces para reduzir riscos, especialmente nas regi\u00f5es que sofreram redu\u00e7\u00f5es significativas de \u00e1rea na safra passada. Al\u00e9m disso, a combina\u00e7\u00e3o de umidade favor\u00e1vel no solo e estrat\u00e9gias de manejo contribui para um cen\u00e1rio mais positivo.<\/p>\n<p>No cen\u00e1rio global, a campanha 2025\/26 projeta aumento na produ\u00e7\u00e3o e no consumo de milho, impulsionados pela demanda para alimenta\u00e7\u00e3o, etanol e ind\u00fastria. Estados Unidos devem alcan\u00e7ar um recorde hist\u00f3rico, enquanto o Brasil se consolidaria com uma das maiores safras de sua hist\u00f3ria. Os estoques finais mundiais tamb\u00e9m devem subir, com destaque para a recupera\u00e7\u00e3o ucraniana, embora ainda sujeita \u00e0s varia\u00e7\u00f5es do conflito na regi\u00e3o.&#13;\n<\/p>\n<p>Localmente, os pre\u00e7os futuros apresentam ligeira valoriza\u00e7\u00e3o, enquanto os custos de insumos tendem a cair, melhorando a rela\u00e7\u00e3o insumo-produto, embora a rentabilidade projetada permane\u00e7a ajustada. A previs\u00e3o de crescimento de 9,6% na \u00e1rea plantada em rela\u00e7\u00e3o ao ciclo anterior confirma a retomada da confian\u00e7a do produtor argentino, colocando a safra como a segunda maior da s\u00e9rie hist\u00f3rica da BCBA.<br \/>&#13;<br \/>\n\u00a0<\/p>\n<\/p><\/div>\n<\/p><\/div>\n<p><script data-cfasync=\"false\">\n    !function (f, b, e, v, n, t, s) {\n        if (f.fbq) return; n = f.fbq = function () {\n            n.callMethod ?\n                n.callMethod.apply(n, arguments) : n.queue.push(arguments)\n        };\n        if (!f._fbq) f._fbq = n; n.push = n; n.loaded = !0; n.version = '2.0';\n        n.queue = []; t = b.createElement(e); t.async = !0;\n        t.src = v; s = b.getElementsByTagName(e)[0];\n        s.parentNode.insertBefore(t, s)\n    }(window, document, 'script',\n        'https:\/\/connect.facebook.net\/en_US\/fbevents.js');\n    fbq('init', '522546078623747');\n    fbq('track', 'PageView');\n<\/script><br \/>\n<br \/><br \/>\n<br \/><a href=\"https:\/\/www.agrolink.com.br\/noticias\/argentina-projeta-aumento-na-area-de-milho_505246.html\">Source link <\/a><\/p>\n","protected":false},"excerpt":{"rendered":"<p>&#13; No cen\u00e1rio global, a campanha 2025\/26 projeta aumento na produ\u00e7\u00e3o&#13; &#13; Agrolink&#13; &#13; &#8211; Leonardo Gottems&#13; &#13; Publicado em<\/p>\n","protected":false},"author":1,"featured_media":2946,"comment_status":"open","ping_status":"open","sticky":false,"template":"","format":"standard","meta":{"_monsterinsights_skip_tracking":false,"_monsterinsights_sitenote_active":false,"_monsterinsights_sitenote_note":"","_monsterinsights_sitenote_category":0,"_uf_show_specific_survey":0,"_uf_disable_surveys":false,"footnotes":""},"categories":[8,1,14],"tags":[],"class_list":["post-19163","post","type-post","status-publish","format-standard","has-post-thumbnail","hentry","category-agro","category-news","category-politica-agro"],"_links":{"self":[{"href":"https:\/\/agromt.news\/index.php?rest_route=\/wp\/v2\/posts\/19163"}],"collection":[{"href":"https:\/\/agromt.news\/index.php?rest_route=\/wp\/v2\/posts"}],"about":[{"href":"https:\/\/agromt.news\/index.php?rest_route=\/wp\/v2\/types\/post"}],"author":[{"embeddable":true,"href":"https:\/\/agromt.news\/index.php?rest_route=\/wp\/v2\/users\/1"}],"replies":[{"embeddable":true,"href":"https:\/\/agromt.news\/index.php?rest_route=%2Fwp%2Fv2%2Fcomments&post=19163"}],"version-history":[{"count":0,"href":"https:\/\/agromt.news\/index.php?rest_route=\/wp\/v2\/posts\/19163\/revisions"}],"wp:featuredmedia":[{"embeddable":true,"href":"https:\/\/agromt.news\/index.php?rest_route=\/wp\/v2\/media\/2946"}],"wp:attachment":[{"href":"https:\/\/agromt.news\/index.php?rest_route=%2Fwp%2Fv2%2Fmedia&parent=19163"}],"wp:term":[{"taxonomy":"category","embeddable":true,"href":"https:\/\/agromt.news\/index.php?rest_route=%2Fwp%2Fv2%2Fcategories&post=19163"},{"taxonomy":"post_tag","embeddable":true,"href":"https:\/\/agromt.news\/index.php?rest_route=%2Fwp%2Fv2%2Ftags&post=19163"}],"curies":[{"name":"wp","href":"https:\/\/api.w.org\/{rel}","templated":true}]}}