{"id":19157,"date":"2025-08-25T19:08:21","date_gmt":"2025-08-25T23:08:21","guid":{"rendered":"https:\/\/agromt.news\/?p=19157"},"modified":"2025-08-25T19:08:21","modified_gmt":"2025-08-25T23:08:21","slug":"touro-nao-cobre-a-vacada-veterinario-explica-os-motivos-e-a-solucao","status":"publish","type":"post","link":"https:\/\/agromt.news\/?p=19157","title":{"rendered":"Touro n\u00e3o cobre a vacada? Veterin\u00e1rio explica os motivos e a solu\u00e7\u00e3o"},"content":{"rendered":"<p> <br \/>\n<\/p>\n<div>\n<p>Pecuaristas, a reprodu\u00e7\u00e3o \u00e9 o pilar da pecu\u00e1ria de cria, e o desempenho do touro reprodutor \u00e9 crucial para o sucesso da esta\u00e7\u00e3o de monta. Quando o touro n\u00e3o consegue mais cobrir a vacada, mesmo com alta libido, o produtor <strong>Cleudes Rodrigues<\/strong>, de Breu Branco, no <strong>estado do Par\u00e1<\/strong>, buscou ajuda para entender o que pode estar acontecendo com seu reprodutor <strong>gir<\/strong>, filho do C.A. Sans\u00e3o. Assista ao v\u00eddeo e confira as recomenda\u00e7\u00f5es.<\/p>\n<figure class=\"wp-block-embed is-type-video is-provider-youtube wp-block-embed-youtube wp-embed-aspect-16-9 wp-has-aspect-ratio\">\n<p>\n<iframe title=\"TOURO N\u00c3O CONSEGUE MAIS COBRIR A VACADA? ENTENDA O QUE PODE SER\" width=\"800\" height=\"450\" src=\"https:\/\/www.youtube.com\/embed\/rgahqHOEs70?feature=oembed\" frameborder=\"0\" allow=\"accelerometer; autoplay; clipboard-write; encrypted-media; gyroscope; picture-in-picture; web-share\" referrerpolicy=\"strict-origin-when-cross-origin\" allowfullscreen><\/iframe>\n<\/p>\n<\/figure>\n<p>Nesta segunda-feira (25), o m\u00e9dico-veterin\u00e1rio e consultor <strong>Guilherme Vieira<\/strong> respondeu \u00e0 d\u00favida no quadro \u201c<strong>Giro do Boi Responde<\/strong>\u201d do programa <strong>Giro do Boi<\/strong>.<\/p>\n<p><a href=\"https:\/\/girodoboi.canalrural.com.br\/pecuaria\/touro-nao-consegue-mais-cobrir-a-vacada-entenda-o-que-pode-ser\/\">Ele explica que o problema, que parece estar no salto<\/a>, pode ser causado por doen\u00e7as e les\u00f5es que afetam a performance do <a href=\"https:\/\/girodoboi.canalrural.com.br\/tag\/touro\/\">touro<\/a>, e uma aten\u00e7\u00e3o r\u00e1pida \u00e9 fundamental para resolver a quest\u00e3o.<\/p>\n<h2 class=\"wp-block-heading\" id=\"h-sinais-de-alerta-o-problema-pode-ser-mais-grave\">Sinais de alerta: o problema pode ser mais grave<\/h2>\n<figure class=\"wp-block-image size-large\"><img fetchpriority=\"high\" decoding=\"async\" width=\"1024\" height=\"576\" src=\"https:\/\/agromt.news\/wp-content\/uploads\/2025\/08\/Touro-nao-cobre-a-vacada-Veterinario-explica-os-motivos-e.jpg\" alt=\"\" class=\"wp-image-4118995\"  \/><figcaption class=\"wp-element-caption\">Foto: Reprodu\u00e7\u00e3o<\/figcaption><\/figure>\n<p>Guilherme Vieira ressalta que o animal de Cleudes Rodrigues apresenta libido e faz a subida para a c\u00f3pula, mas n\u00e3o consegue complet\u00e1-la.<\/p>\n<p>Esse comportamento \u00e9 um sinal de alerta que pode estar relacionado a diversos problemas de sa\u00fade, que exigem a interven\u00e7\u00e3o de um profissional:<\/p>\n<ul class=\"wp-block-list\">\n<li><strong>Les\u00f5es nos membros posteriores:<\/strong> Les\u00f5es nos cascos ou nas articula\u00e7\u00f5es podem causar dor intensa no momento da subida, impedindo a c\u00f3pula.<\/li>\n<li><strong>Orquite e epididimite:<\/strong> Inflama\u00e7\u00f5es nos test\u00edculos e no epid\u00eddimo podem causar dor e incha\u00e7o, afetando diretamente o desempenho reprodutivo.<\/li>\n<li><strong>Doen\u00e7as infecto-contagiosas:<\/strong> Outras doen\u00e7as podem comprometer a sa\u00fade do touro e impedir que ele exer\u00e7a sua fun\u00e7\u00e3o reprodutiva de forma eficaz.<\/li>\n<\/ul>\n<\/div>\n<div>\n<p>O especialista observa no v\u00eddeo que o touro demonstra sinais de dor antes da c\u00f3pula, o que dificulta a conclus\u00e3o do ato.<\/p>\n<h2 class=\"wp-block-heading\" id=\"h-recomendacoes-investir-na-recuperacao-do-reprodutor\">Recomenda\u00e7\u00f5es: investir na recupera\u00e7\u00e3o do reprodutor<\/h2>\n<p>A recomenda\u00e7\u00e3o para Cleudes Rodrigues e para todos os pecuaristas que enfrentam um problema semelhante \u00e9 chamar imediatamente um m\u00e9dico-veterin\u00e1rio. Um exame cl\u00ednico apurado \u00e9 fundamental para chegar a um diagn\u00f3stico e prescrever o tratamento adequado.<\/p>\n<p>Para o produtor, vale a pena o investimento na recupera\u00e7\u00e3o do touro, especialmente se ele tem um hist\u00f3rico de boas crias e uma gen\u00e9tica de ponta. Se o seu touro, que \u00e9 um bom reprodutor, \u201crefugar\u201d na hora da c\u00f3pula, chame logo um veterin\u00e1rio.<\/p>\n<p>A a\u00e7\u00e3o r\u00e1pida pode evitar perdas e garantir que o animal volte a ser um reprodutor eficaz, protegendo o seu investimento e a produtividade da fazenda.<\/p>\n<p>O alerta de Guilherme Vieira \u00e9 claro: um touro que tem hist\u00f3rico de sucesso, mas de repente para de cobrir a vacada, precisa de aten\u00e7\u00e3o. A interven\u00e7\u00e3o r\u00e1pida de um profissional pode ser a chave para salvar o investimento e manter a produtividade da fazenda.<\/p>\n<\/p><\/div>\n<p><br \/>\n<br \/><a href=\"https:\/\/www.canalrural.com.br\/pecuaria\/touro-nao-cobre-a-vacada-veterinario-explica-os-motivos-e-a-solucao\/\">Source link <\/a><\/p>\n","protected":false},"excerpt":{"rendered":"<p>Pecuaristas, a reprodu\u00e7\u00e3o \u00e9 o pilar da pecu\u00e1ria de cria, e o desempenho do touro reprodutor \u00e9 crucial para o<\/p>\n","protected":false},"author":1,"featured_media":19158,"comment_status":"open","ping_status":"open","sticky":false,"template":"","format":"standard","meta":{"_monsterinsights_skip_tracking":false,"_monsterinsights_sitenote_active":false,"_monsterinsights_sitenote_note":"","_monsterinsights_sitenote_category":0,"_uf_show_specific_survey":0,"_uf_disable_surveys":false,"footnotes":""},"categories":[1],"tags":[],"class_list":["post-19157","post","type-post","status-publish","format-standard","has-post-thumbnail","hentry","category-news"],"_links":{"self":[{"href":"https:\/\/agromt.news\/index.php?rest_route=\/wp\/v2\/posts\/19157"}],"collection":[{"href":"https:\/\/agromt.news\/index.php?rest_route=\/wp\/v2\/posts"}],"about":[{"href":"https:\/\/agromt.news\/index.php?rest_route=\/wp\/v2\/types\/post"}],"author":[{"embeddable":true,"href":"https:\/\/agromt.news\/index.php?rest_route=\/wp\/v2\/users\/1"}],"replies":[{"embeddable":true,"href":"https:\/\/agromt.news\/index.php?rest_route=%2Fwp%2Fv2%2Fcomments&post=19157"}],"version-history":[{"count":0,"href":"https:\/\/agromt.news\/index.php?rest_route=\/wp\/v2\/posts\/19157\/revisions"}],"wp:featuredmedia":[{"embeddable":true,"href":"https:\/\/agromt.news\/index.php?rest_route=\/wp\/v2\/media\/19158"}],"wp:attachment":[{"href":"https:\/\/agromt.news\/index.php?rest_route=%2Fwp%2Fv2%2Fmedia&parent=19157"}],"wp:term":[{"taxonomy":"category","embeddable":true,"href":"https:\/\/agromt.news\/index.php?rest_route=%2Fwp%2Fv2%2Fcategories&post=19157"},{"taxonomy":"post_tag","embeddable":true,"href":"https:\/\/agromt.news\/index.php?rest_route=%2Fwp%2Fv2%2Ftags&post=19157"}],"curies":[{"name":"wp","href":"https:\/\/api.w.org\/{rel}","templated":true}]}}