{"id":19156,"date":"2025-08-25T18:52:26","date_gmt":"2025-08-25T22:52:26","guid":{"rendered":"https:\/\/agromt.news\/?p=19156"},"modified":"2025-08-25T18:52:26","modified_gmt":"2025-08-25T22:52:26","slug":"autorizada-concessao-de-r-217-mi-para-leiloes-de-subvencao-ao-preco-do-feijao","status":"publish","type":"post","link":"https:\/\/agromt.news\/?p=19156","title":{"rendered":"Autorizada concess\u00e3o de R$ 21,7 mi para leil\u00f5es de subven\u00e7\u00e3o ao pre\u00e7o do feij\u00e3o"},"content":{"rendered":"<p> <br \/>\n<br \/><img decoding=\"async\" src=\"https:\/\/agromt.news\/wp-content\/uploads\/2025\/05\/Variedades-de-feijao-tem-comportamentos-opostos-nas-cotacoes.jpg\" \/><\/p>\n<div>\n<p>O governo federal autorizou nesta segunda-feira (25), a concess\u00e3o de subven\u00e7\u00e3o econ\u00f4mica por meio de equaliza\u00e7\u00e3o de pre\u00e7os para o feij\u00e3o da safra 2024\/25 proveniente da regi\u00e3o Sul.<\/p>\n<p>A medida, publicada em portaria interministerial no Di\u00e1rio Oficial da Uni\u00e3o assinada pelo Minist\u00e9rio da Agricultura e Pecu\u00e1ria <a href=\"https:\/\/www.canalrural.com.br\/tag\/mapa\/\"><strong>(Mapa)<\/strong><\/a>, Minist\u00e9rio da Fazenda, Minist\u00e9rio do Planejamento e Or\u00e7amento e Minist\u00e9rio do Desenvolvimento Agr\u00e1rio e Agricultura Familiar (MDA), prev\u00ea <strong>R$ 21,7 milh\u00f5es<\/strong> para a subven\u00e7\u00e3o econ\u00f4mica do gr\u00e3o.<\/p>\n<p>A medida valer\u00e1 para <strong>feij\u00e3o cores e feij\u00e3o-preto<\/strong> cultivados e produzidos no Paran\u00e1, em Santa Catarina e no Rio Grande do Sul.<\/p>\n<p>A subven\u00e7\u00e3o ser\u00e1 concedida pelo governo por meio de pagamento do Pr\u00eamio Equalizador Pago ao Produtor Rural e\/ou sua Cooperativa (Pepro) e do Pr\u00eamio para Escoamento de Produto (PEP), que ser\u00e3o ofertados em leil\u00f5es realizados pela Companhia Nacional de Abastecimento (Conab).<\/p>\n<h5 class=\"western\"><span style=\"color: #000000;\"><span style=\"font-family: Arial, sans-serif;\"><span style=\"font-size: x-large;\"><i>Veja em primeira m\u00e3o tudo sobre agricultura, pecu\u00e1ria, economia e previs\u00e3o do tempo:<\/i><\/span><\/span><\/span><a href=\"https:\/\/news.google.com\/publications\/CAAqBwgKMPKZlQswq_mqAw?hl=pt-BR&amp;gl=BR&amp;ceid=BR%3Apt-419\" target=\"_blank\" rel=\"noopener\"><span style=\"color: #1155cc;\"><span style=\"font-family: Arial, Helvetica, sans-serif;\">\u00a0<\/span><\/span><span style=\"color: #1155cc;\"><span style=\"font-family: Arial, sans-serif;\"><span style=\"font-size: x-large;\"><i>siga o Canal Rural no Google News!<\/i><\/span><\/span><\/span><\/a><\/h5>\n<p class=\"western\">Produtores rurais e cooperativas de produtores rurais poder\u00e3o participar dos certames do Pepro e usinas de beneficiamento e comerciantes poder\u00e3o participar dos leil\u00f5es de PEP. O feij\u00e3o dever\u00e1 ser comercializado pelo setor privado, disp\u00f5e a portaria.<\/p>\n<\/div>\n<div>\n<h2>Pagamento de pre\u00e7os m\u00ednimos<\/h2>\n<p>Os leil\u00f5es visam garantir o pagamento dos pre\u00e7os m\u00ednimos aos produtores de feij\u00e3o, j\u00e1 que os pre\u00e7os praticados no mercado est\u00e3o abaixo do patamar previsto pela Conab para a safra e que cobre os custos de produ\u00e7\u00e3o.<\/p>\n<p>O pre\u00e7o m\u00ednimo de garantia do governo vigente para a safra 2024\/2025 \u00e9 de <strong>R$ 181,23<\/strong> por saca de 60 kg para o feij\u00e3o cores e de <strong>R$ 152,91<\/strong> por saca de 60 kg para o feij\u00e3o-preto, conforme estabelecido na portaria.<\/p>\n<p>O Minist\u00e9rio da Agricultura deve estabelecer o volume m\u00e1ximo de feij\u00e3o cores e de feij\u00e3o-preto a ser comercializado por cada produtor rural em toda a safra.<\/p>\n<p>A Conab dever\u00e1 realizar vistoria para apura\u00e7\u00e3o da regularidade das opera\u00e7\u00f5es e verificar e comparar o volume total negociado no Estado de produ\u00e7\u00e3o com o volume de produ\u00e7\u00e3o disponibilizado na Produ\u00e7\u00e3o Agr\u00edcola Municipal do IBGE para o pagamento da subven\u00e7\u00e3o, prev\u00ea a portaria.<\/p>\n<p>A portaria interministerial entra em vigor nesta segunda-feira e tem vig\u00eancia at\u00e9 <strong>30 de outubro.<\/strong><\/p>\n<\/p><\/div>\n<p><br \/>\n<br \/><a href=\"https:\/\/www.canalrural.com.br\/agricultura\/concessao-de-r-217-milhoes-para-leiloes-de-subvencao-ao-preco-do-feijao-e-autorizada\/\">Source link <\/a><\/p>\n","protected":false},"excerpt":{"rendered":"<p>O governo federal autorizou nesta segunda-feira (25), a concess\u00e3o de subven\u00e7\u00e3o econ\u00f4mica por meio de equaliza\u00e7\u00e3o de pre\u00e7os para o<\/p>\n","protected":false},"author":1,"featured_media":13920,"comment_status":"open","ping_status":"open","sticky":false,"template":"","format":"standard","meta":{"_monsterinsights_skip_tracking":false,"_monsterinsights_sitenote_active":false,"_monsterinsights_sitenote_note":"","_monsterinsights_sitenote_category":0,"_uf_show_specific_survey":0,"_uf_disable_surveys":false,"footnotes":""},"categories":[1],"tags":[],"class_list":["post-19156","post","type-post","status-publish","format-standard","has-post-thumbnail","hentry","category-news"],"_links":{"self":[{"href":"https:\/\/agromt.news\/index.php?rest_route=\/wp\/v2\/posts\/19156"}],"collection":[{"href":"https:\/\/agromt.news\/index.php?rest_route=\/wp\/v2\/posts"}],"about":[{"href":"https:\/\/agromt.news\/index.php?rest_route=\/wp\/v2\/types\/post"}],"author":[{"embeddable":true,"href":"https:\/\/agromt.news\/index.php?rest_route=\/wp\/v2\/users\/1"}],"replies":[{"embeddable":true,"href":"https:\/\/agromt.news\/index.php?rest_route=%2Fwp%2Fv2%2Fcomments&post=19156"}],"version-history":[{"count":0,"href":"https:\/\/agromt.news\/index.php?rest_route=\/wp\/v2\/posts\/19156\/revisions"}],"wp:featuredmedia":[{"embeddable":true,"href":"https:\/\/agromt.news\/index.php?rest_route=\/wp\/v2\/media\/13920"}],"wp:attachment":[{"href":"https:\/\/agromt.news\/index.php?rest_route=%2Fwp%2Fv2%2Fmedia&parent=19156"}],"wp:term":[{"taxonomy":"category","embeddable":true,"href":"https:\/\/agromt.news\/index.php?rest_route=%2Fwp%2Fv2%2Fcategories&post=19156"},{"taxonomy":"post_tag","embeddable":true,"href":"https:\/\/agromt.news\/index.php?rest_route=%2Fwp%2Fv2%2Ftags&post=19156"}],"curies":[{"name":"wp","href":"https:\/\/api.w.org\/{rel}","templated":true}]}}