{"id":19153,"date":"2025-08-25T17:56:29","date_gmt":"2025-08-25T21:56:29","guid":{"rendered":"https:\/\/agromt.news\/?p=19153"},"modified":"2025-08-25T17:56:29","modified_gmt":"2025-08-25T21:56:29","slug":"e-hora-de-vender-o-feijao","status":"publish","type":"post","link":"https:\/\/agromt.news\/?p=19153","title":{"rendered":"\u00c9 hora de vender o feij\u00e3o?"},"content":{"rendered":"<p> <br \/>\n<\/p>\n<div>\n<div class=\"row\">\n<div class=\"col-lg col-infos mt-0 mt-lg-0\">\n<div class=\"section-sub-title\">\n<p itemprop=\"description\">&#13;<br \/>\n                                O fator capaz de alterar o mercado, por ora, seria uma eventual interven\u00e7\u00e3o da Conab&#13;\n                            <\/p>\n<\/p><\/div>\n<div class=\"container\">\n<div class=\"row\">\n<div class=\"col-lg p-0\">\n<div>\n<div class=\"block-news-main-infos mt-3 text-start\">\n<p>                                            <strong class=\"fn\" itemprop=\"author\" style=\"color: rgb(112, 112, 112); \">&#13;<br \/>\n                                                <a href=\"https:\/\/www.agrolink.com.br\/noticias\/javascript:;\" class=\"text-uppercase\" target=\"_blank\" style=\"color: rgb(112, 112, 112); \" rel=\"noopener\">Agrolink<\/a>&#13;<br \/>\n&#13;<br \/>\n                                                    &#8211; Leonardo Gottems&#13;<br \/>\n&#13;<br \/>\n                                            <\/strong><br \/>\n                                        <\/p>\n<p>                                            <abbr><time datetime=\"2025-08-25T06:41\" itemprop=\"datePublished dateModified\">Publicado em 25\/08\/2025 \u00e0s 06:41h.<\/time><\/abbr><br \/>\n                                            <\/p><\/div>\n<\/p><\/div>\n<\/p><\/div>\n<div class=\"col-lg p-0 text-lg-end\">\n<div>\n<div id=\"mdEnviarPagina\" class=\"modal fade\" role=\"dialog\">\n<div class=\"modal-dialog\">\n<div class=\"modal-content\">\n<div class=\"modal-body\">\n<p><strong>Estimado usu\u00e1rio.<\/strong><br \/>Preencha o formul\u00e1rio abaixo para remeter a p\u00e1gina.<\/p>\n<\/p><\/div>\n<\/p><\/div>\n<\/p><\/div>\n<\/div><\/div>\n<\/p><\/div>\n<\/p><\/div>\n<\/p><\/div>\n<\/p><\/div>\n<\/p><\/div>\n<div class=\"row justify-content-md-center mt-3\">\n<div class=\"col-lg-auto col-image block-news-main-image\">\n<p>                                <img decoding=\"async\" src=\"https:\/\/www.agrolink.com.br\/upload\/imagens-resizes\/3be0f8944cdd4381b758a46ef74c2b02_858x483.jpg\" class=\"lazyload img-fluid\" alt=\"O fator capaz de alterar o mercado, por ora, seria uma eventual interven\u00e7\u00e3o da Conab\"\/><br \/>\n                                                <span class=\"d-block mt-1\">O fator capaz de alterar o mercado, por ora, seria uma eventual interven\u00e7\u00e3o da Conab &#8211; Foto: Canva<\/span><\/p><\/div>\n<\/p><\/div>\n<div class=\"section-description section-description-noticias mt-3\">\n<p>A d\u00favida que mais ronda os produtores neste momento \u00e9 direta: vender agora ou esperar mais um pouco? Segundo o Instituto Brasileiro do <a href=\"https:\/\/www.agrolink.com.br\/culturas\/feijao\/?utm_source=agrolink-detalhe-noticia&amp;utm_medium=detalhe-noticia&amp;utm_campaign=links-internos\" target=\"_blank\" rel=\"noopener\">feij\u00e3o<\/a> e Pulses (Ibrafe), esse questionamento \u00e9 natural em per\u00edodos de transi\u00e7\u00e3o, quando o mercado d\u00e1 sinais de recupera\u00e7\u00e3o justamente na virada de m\u00eas. O cen\u00e1rio atual mostra compradores ativos, buscando mercadorias a partir da nota 8 e pagando entre R$ 220 e R$ 230 nos lotes de melhor qualidade, o que representa uma oportunidade para quem precisa de caixa imediato.&#13;\n<\/p>\n<p>Apesar disso, os especialistas alertam que o melhor momento de venda tende a se concentrar entre outubro e o in\u00edcio de janeiro, quando historicamente o mercado ganha for\u00e7a. At\u00e9 l\u00e1, setembro pode trazer oscila\u00e7\u00f5es: logo no in\u00edcio do m\u00eas, \u00e9 comum haver tentativas de recuo de pre\u00e7os por parte dos compradores, ap\u00f3s o rally de valoriza\u00e7\u00e3o de final e in\u00edcio de per\u00edodo. Essa press\u00e3o, por\u00e9m, tende a ser passageira, com chances de rea\u00e7\u00e3o mais consistente j\u00e1 na segunda quinzena do m\u00eas.<\/p>\n<p>No Feij\u00e3o-preto, a situa\u00e7\u00e3o segue distinta. O fator capaz de alterar o mercado, por ora, seria uma eventual interven\u00e7\u00e3o da Conab, seja por meio do PEPRO ou outro mecanismo de suporte. Enquanto isso n\u00e3o acontece, a ampla disponibilidade de produto \u2014 incluindo lotes de menor qualidade que competem diretamente com os melhores nas g\u00f4ndolas \u2014 mant\u00e9m a refer\u00eancia pressionada para baixo. J\u00e1 no caso do Feij\u00e3o-caupi, a expectativa \u00e9 de um setembro mais positivo em compara\u00e7\u00e3o a agosto, tanto no Mato Grosso quanto na Bahia.&#13;\n<\/p>\n<p>O panorama atual refor\u00e7a a necessidade de decis\u00f5es individualizadas. Para os produtores que t\u00eam urg\u00eancia em gerar liquidez, o momento de venda \u00e9 agora, aproveitando o interesse dos compradores. J\u00e1 para aqueles que podem segurar a mercadoria, h\u00e1 espa\u00e7o para esperar uma rea\u00e7\u00e3o do mercado nos pr\u00f3ximos meses, reduzindo a press\u00e3o t\u00edpica do per\u00edodo mais fraco do ano.<br \/>&#13;<br \/>\n\u00a0<\/p>\n<\/p><\/div>\n<\/p><\/div>\n<p><script data-cfasync=\"false\">\n    !function (f, b, e, v, n, t, s) {\n        if (f.fbq) return; n = f.fbq = function () {\n            n.callMethod ?\n                n.callMethod.apply(n, arguments) : n.queue.push(arguments)\n        };\n        if (!f._fbq) f._fbq = n; n.push = n; n.loaded = !0; n.version = '2.0';\n        n.queue = []; t = b.createElement(e); t.async = !0;\n        t.src = v; s = b.getElementsByTagName(e)[0];\n        s.parentNode.insertBefore(t, s)\n    }(window, document, 'script',\n        'https:\/\/connect.facebook.net\/en_US\/fbevents.js');\n    fbq('init', '522546078623747');\n    fbq('track', 'PageView');\n<\/script><br \/>\n<br \/><br \/>\n<br \/><a href=\"https:\/\/www.agrolink.com.br\/noticias\/e-hora-de-vender-o-feijao-_505247.html\">Source link <\/a><\/p>\n","protected":false},"excerpt":{"rendered":"<p>&#13; O fator capaz de alterar o mercado, por ora, seria uma eventual interven\u00e7\u00e3o da Conab&#13; &#13; Agrolink&#13; &#13; &#8211;<\/p>\n","protected":false},"author":1,"featured_media":3865,"comment_status":"open","ping_status":"open","sticky":false,"template":"","format":"standard","meta":{"_monsterinsights_skip_tracking":false,"_monsterinsights_sitenote_active":false,"_monsterinsights_sitenote_note":"","_monsterinsights_sitenote_category":0,"_uf_show_specific_survey":0,"_uf_disable_surveys":false,"footnotes":""},"categories":[8,1,14],"tags":[],"class_list":["post-19153","post","type-post","status-publish","format-standard","has-post-thumbnail","hentry","category-agro","category-news","category-politica-agro"],"_links":{"self":[{"href":"https:\/\/agromt.news\/index.php?rest_route=\/wp\/v2\/posts\/19153"}],"collection":[{"href":"https:\/\/agromt.news\/index.php?rest_route=\/wp\/v2\/posts"}],"about":[{"href":"https:\/\/agromt.news\/index.php?rest_route=\/wp\/v2\/types\/post"}],"author":[{"embeddable":true,"href":"https:\/\/agromt.news\/index.php?rest_route=\/wp\/v2\/users\/1"}],"replies":[{"embeddable":true,"href":"https:\/\/agromt.news\/index.php?rest_route=%2Fwp%2Fv2%2Fcomments&post=19153"}],"version-history":[{"count":0,"href":"https:\/\/agromt.news\/index.php?rest_route=\/wp\/v2\/posts\/19153\/revisions"}],"wp:featuredmedia":[{"embeddable":true,"href":"https:\/\/agromt.news\/index.php?rest_route=\/wp\/v2\/media\/3865"}],"wp:attachment":[{"href":"https:\/\/agromt.news\/index.php?rest_route=%2Fwp%2Fv2%2Fmedia&parent=19153"}],"wp:term":[{"taxonomy":"category","embeddable":true,"href":"https:\/\/agromt.news\/index.php?rest_route=%2Fwp%2Fv2%2Fcategories&post=19153"},{"taxonomy":"post_tag","embeddable":true,"href":"https:\/\/agromt.news\/index.php?rest_route=%2Fwp%2Fv2%2Ftags&post=19153"}],"curies":[{"name":"wp","href":"https:\/\/api.w.org\/{rel}","templated":true}]}}