{"id":19152,"date":"2025-08-25T17:52:11","date_gmt":"2025-08-25T21:52:11","guid":{"rendered":"https:\/\/agromt.news\/?p=19152"},"modified":"2025-08-25T17:52:11","modified_gmt":"2025-08-25T21:52:11","slug":"setores-de-carne-e-cafe-dispensam-compras-publicas-do-governo-em-socorro-ao-tarifaco","status":"publish","type":"post","link":"https:\/\/agromt.news\/?p=19152","title":{"rendered":"Setores de carne e caf\u00e9 dispensam compras p\u00fablicas do governo em socorro ao tarifa\u00e7o"},"content":{"rendered":"<p> <br \/>\n<br \/><img decoding=\"async\" src=\"https:\/\/agromt.news\/wp-content\/uploads\/2025\/03\/exportacoes-do-Brasil-caem-6-em-volume-mas-receita-cresce.jpg\" \/><\/p>\n<div>\n<p>Os segmentos de carne e de caf\u00e9 dizem n\u00e3o haver necessidade de serem inclu\u00eddos em programas governamentais como medida de socorro ao tarifa\u00e7o dos Estados Unidos. A afirma\u00e7\u00e3o foi feita nesta segunda-feira (25) pelo ministro Paulo Teixeira, do Minist\u00e9rio do Desenvolvimento Agr\u00e1rio e Agricultura Familiar (MDA).<\/p>\n<p>\u201cEu acho que \u00e9 um otimismo dos segmentos da carne e do caf\u00e9. N\u00e3o \u00e9 s\u00f3 um otimismo, mas um pedido deles para que o governo continue com a negocia\u00e7\u00e3o com os Estados Unidos\u201d, disse.<\/p>\n<p>De acordo com ele, h\u00e1 um sentimento no governo e nos setores produtivos de que a sociedade norte-americana est\u00e1 reagindo e pressionando o governo de Donald Trump para modificar o tarifa\u00e7o em rela\u00e7\u00e3o aos produtos brasileiros. <\/p>\n<p>\u201cN\u00e3o veem a necessidade de inclus\u00e3o deles [os setores de carne e caf\u00e9] nesse programa de compras. Essa \u00e9 uma medida que ser\u00e1 monitorada cotidianamente\u201d, ressaltou.<\/p>\n<p>Entre janeiro e julho deste ano, o Brasil exportou 169,2 mil toneladas de carne bovina fresca e congelada aos Estados Unidos, crescimento de 106% frente ao mesmo per\u00edodo de 2024, de acordo com a Secretaria de Com\u00e9rcio Exterior (Secex). J\u00e1 em rela\u00e7\u00e3o ao caf\u00e9, o gr\u00e3o nacional abastece cerca de 33% da demanda norte-americana.<\/p>\n<\/div>\n<div>\n<h2 class=\"wp-block-heading\" id=\"h-compras-publicas-de-produtos-afetados\">Compras p\u00fablicas de produtos afetados<\/h2>\n<p>Portaria do Minist\u00e9rio da Agricultura e Pecu\u00e1ria (Mapa) e do Minist\u00e9rio do Desenvolvimento Agr\u00e1rio e Agricultura Familiar (MDA), publicada em edi\u00e7\u00e3o extra no Di\u00e1rio Oficial na sexta-feira (22), disp\u00f5e sobre os procedimentos excepcionais e emergenciais relativos \u00e0s compras p\u00fablicas de g\u00eaneros aliment\u00edcios. <\/p>\n<p>A medida atende exclusivamente produtores e exportadores brasileiros atingidos pelo tarifa\u00e7o imposto pelos Estados Unidos.<\/p>\n<p>De acordo com a portaria, entre os produtos eleg\u00edveis, est\u00e3o: <\/p>\n<ul class=\"wp-block-list\">\n<li>A\u00e7a\u00ed (pur\u00ea, prepara\u00e7\u00f5es aliment\u00edcias e frutas congeladas);<\/li>\n<li>\u00c1gua de coco;<\/li>\n<li>Castanha de caju (<em>in natura<\/em> sem casca, al\u00e9m de prepara\u00e7\u00f5es, sucos e extratos);<\/li>\n<li>Castanha-do-brasil (fresca ou seca, sem casca);<\/li>\n<li>Manga (fresca ou seca);<\/li>\n<li>Mel natural;<\/li>\n<li>Uvas frescas;<\/li>\n<li>Pescados, incluindo corvina, pargo, outros peixes frescos, refrigerados ou congelados, al\u00e9m de til\u00e1pia em diferentes apresenta\u00e7\u00f5es (fil\u00e9s frescos, congelados ou refrigerados, e peixes inteiros frescos ou congelados).<\/li>\n<\/ul>\n<p>Segundo a norma, poder\u00e3o participar produtores e pessoas jur\u00eddicas que deixaram de exportar em raz\u00e3o das novas tarifas. Para se habilitar, as empresas exportadoras dever\u00e3o apresentar uma Declara\u00e7\u00e3o de Perda (DP) e comprovar, via Sistema Integrado de Com\u00e9rcio Exterior (Siscomex), que realizaram exporta\u00e7\u00f5es desde janeiro de 2023. <\/p>\n<p>J\u00e1 os produtores que fornecem diretamente a essas empresas dever\u00e3o apresentar uma Autodeclara\u00e7\u00e3o de Perda (AP). Nos casos de produtores que exportam diretamente, ser\u00e3o exigidos os mesmos documentos das empresas.<\/p>\n<\/p><\/div>\n<p><br \/>\n<br \/><a href=\"https:\/\/www.canalrural.com.br\/agricultura\/setores-de-carne-e-cafe-dispensam-compras-publicas-do-governo-em-socorro-ao-tarifaco\/\">Source link <\/a><\/p>\n","protected":false},"excerpt":{"rendered":"<p>Os segmentos de carne e de caf\u00e9 dizem n\u00e3o haver necessidade de serem inclu\u00eddos em programas governamentais como medida de<\/p>\n","protected":false},"author":1,"featured_media":11073,"comment_status":"open","ping_status":"open","sticky":false,"template":"","format":"standard","meta":{"_monsterinsights_skip_tracking":false,"_monsterinsights_sitenote_active":false,"_monsterinsights_sitenote_note":"","_monsterinsights_sitenote_category":0,"_uf_show_specific_survey":0,"_uf_disable_surveys":false,"footnotes":""},"categories":[1],"tags":[],"class_list":["post-19152","post","type-post","status-publish","format-standard","has-post-thumbnail","hentry","category-news"],"_links":{"self":[{"href":"https:\/\/agromt.news\/index.php?rest_route=\/wp\/v2\/posts\/19152"}],"collection":[{"href":"https:\/\/agromt.news\/index.php?rest_route=\/wp\/v2\/posts"}],"about":[{"href":"https:\/\/agromt.news\/index.php?rest_route=\/wp\/v2\/types\/post"}],"author":[{"embeddable":true,"href":"https:\/\/agromt.news\/index.php?rest_route=\/wp\/v2\/users\/1"}],"replies":[{"embeddable":true,"href":"https:\/\/agromt.news\/index.php?rest_route=%2Fwp%2Fv2%2Fcomments&post=19152"}],"version-history":[{"count":0,"href":"https:\/\/agromt.news\/index.php?rest_route=\/wp\/v2\/posts\/19152\/revisions"}],"wp:featuredmedia":[{"embeddable":true,"href":"https:\/\/agromt.news\/index.php?rest_route=\/wp\/v2\/media\/11073"}],"wp:attachment":[{"href":"https:\/\/agromt.news\/index.php?rest_route=%2Fwp%2Fv2%2Fmedia&parent=19152"}],"wp:term":[{"taxonomy":"category","embeddable":true,"href":"https:\/\/agromt.news\/index.php?rest_route=%2Fwp%2Fv2%2Fcategories&post=19152"},{"taxonomy":"post_tag","embeddable":true,"href":"https:\/\/agromt.news\/index.php?rest_route=%2Fwp%2Fv2%2Ftags&post=19152"}],"curies":[{"name":"wp","href":"https:\/\/api.w.org\/{rel}","templated":true}]}}