{"id":19150,"date":"2025-08-25T17:38:04","date_gmt":"2025-08-25T21:38:04","guid":{"rendered":"https:\/\/agromt.news\/?p=19150"},"modified":"2025-08-25T17:38:04","modified_gmt":"2025-08-25T21:38:04","slug":"chega-de-frio-calor-sera-o-protagonista-em-setembro-com-temperaturas-de-ate-42c","status":"publish","type":"post","link":"https:\/\/agromt.news\/?p=19150","title":{"rendered":"Chega de frio! Calor ser\u00e1 o protagonista em setembro, com temperaturas de at\u00e9 42\u00b0C"},"content":{"rendered":"<p> <br \/>\n<br \/><img decoding=\"async\" src=\"https:\/\/agromt.news\/wp-content\/uploads\/2025\/08\/Chega-de-frio-Calor-sera-o-protagonista-em-setembro-com.jpg\" \/><\/p>\n<div>\n<p>Depois do <a href=\"https:\/\/www.canalrural.com.br\/?s=frio\">per\u00edodo de ar frio<\/a>, o tempo quente come\u00e7a a se intensificar gradualmente, especialmente no Centro-Oeste, em estados como Mato Grosso, Mato Grosso do Sul e no interior do Matopiba. At\u00e9 a segunda quinzena de setembro, o calor \u2018d\u00e1 as caras\u2019 e as m\u00e1ximas podem atingir entre 39\u00b0C e 42\u00b0C, exigindo cautela dos produtores de soja nos preparativos para a pr\u00f3xima safra.<\/p>\n<ul class=\"wp-block-list\">\n<li><strong><em>Fique por dentro das novidades e not\u00edcias recentes sobre a soja! Participe da nossa comunidade atrav\u00e9s do\u00a0<a href=\"https:\/\/chat.whatsapp.com\/BmMRwA0TZ2DHGyhzoaVEWu\">link<\/a>! \ud83c\udf31<\/em><\/strong><\/li>\n<\/ul>\n<h2 class=\"wp-block-heading\" id=\"h-agora-e-a-vez-do-calor-nas-lavouras-de-soja\">Agora \u00e9 a vez do calor nas lavouras de soja! <\/h2>\n<p>O calor deve se manter entre os dias 15 e 20, enquanto as chuvas seguem irregulares, sem volumes suficientes para reduzir o d\u00e9ficit h\u00eddrico. No interior de S\u00e3o Paulo, as precipita\u00e7\u00f5es nos pr\u00f3ximos dias ser\u00e3o fracas, insuficientes para alterar a situa\u00e7\u00e3o.<\/p>\n<\/div>\n<div>\n<h2 class=\"wp-block-heading\" id=\"h-chuvas-tambem-dao-as-caras\">Chuvas tamb\u00e9m \u2018d\u00e3o as caras\u2019 <\/h2>\n<p>Entre 31 de agosto e 4 de setembro, a faixa oeste de Mato Grosso e Mato Grosso do Sul deve registrar chuvas leves, ainda sem volumes expressivos. J\u00e1 de 5 a 9 de setembro, pancadas de 5 a 20 mm come\u00e7am a se intensificar. Para reverter efetivamente o d\u00e9ficit h\u00eddrico, seriam necess\u00e1rios volumes entre 50 mm e 70 mm, estimados apenas para o final de setembro e in\u00edcio de outubro.<\/p>\n<h2 class=\"wp-block-heading\" id=\"h-cautela-pois-clima-e-positivo\">Cautela, pois clima \u00e9 positivo <\/h2>\n<p>Com a chegada de chuvas mais regulares a partir de outubro, a tend\u00eancia \u00e9 de que a safra tenha condi\u00e7\u00f5es favor\u00e1veis, refor\u00e7ando a import\u00e2ncia do monitoramento cont\u00ednuo do clima e da execu\u00e7\u00e3o cuidadosa dos preparativos pelos produtores.<\/p>\n<div data-icp-cta=\"1\" id=\"icp-cta-unique\">Voc\u00ea quer entender como usar o clima a seu favor?<b> <\/b><a href=\"https:\/\/climacampo.canalrural.com.br\/climacampo_-01\">Preparamos um e-book exclusivo<\/a> para ajudar produtores rurais a se antecipar \u00e0s mudan\u00e7as do tempo e planejar melhor suas a\u00e7\u00f5es. Com base em previs\u00f5es meteorol\u00f3gicas confi\u00e1veis, ele oferece orienta\u00e7\u00f5es pr\u00e1ticas para proteger sua lavoura e otimizar seus resultados.<\/div>\n<\/div>\n<p><br \/>\n<br \/><a href=\"https:\/\/www.canalrural.com.br\/agricultura\/projeto-soja-brasil\/chega-de-frio-calor-sera-o-protagonista-em-setembro-com-temperaturas-de-ate-42c\/\">Source link <\/a><\/p>\n","protected":false},"excerpt":{"rendered":"<p>Depois do per\u00edodo de ar frio, o tempo quente come\u00e7a a se intensificar gradualmente, especialmente no Centro-Oeste, em estados como<\/p>\n","protected":false},"author":1,"featured_media":19151,"comment_status":"open","ping_status":"open","sticky":false,"template":"","format":"standard","meta":{"_monsterinsights_skip_tracking":false,"_monsterinsights_sitenote_active":false,"_monsterinsights_sitenote_note":"","_monsterinsights_sitenote_category":0,"_uf_show_specific_survey":0,"_uf_disable_surveys":false,"footnotes":""},"categories":[1],"tags":[],"class_list":["post-19150","post","type-post","status-publish","format-standard","has-post-thumbnail","hentry","category-news"],"_links":{"self":[{"href":"https:\/\/agromt.news\/index.php?rest_route=\/wp\/v2\/posts\/19150"}],"collection":[{"href":"https:\/\/agromt.news\/index.php?rest_route=\/wp\/v2\/posts"}],"about":[{"href":"https:\/\/agromt.news\/index.php?rest_route=\/wp\/v2\/types\/post"}],"author":[{"embeddable":true,"href":"https:\/\/agromt.news\/index.php?rest_route=\/wp\/v2\/users\/1"}],"replies":[{"embeddable":true,"href":"https:\/\/agromt.news\/index.php?rest_route=%2Fwp%2Fv2%2Fcomments&post=19150"}],"version-history":[{"count":0,"href":"https:\/\/agromt.news\/index.php?rest_route=\/wp\/v2\/posts\/19150\/revisions"}],"wp:featuredmedia":[{"embeddable":true,"href":"https:\/\/agromt.news\/index.php?rest_route=\/wp\/v2\/media\/19151"}],"wp:attachment":[{"href":"https:\/\/agromt.news\/index.php?rest_route=%2Fwp%2Fv2%2Fmedia&parent=19150"}],"wp:term":[{"taxonomy":"category","embeddable":true,"href":"https:\/\/agromt.news\/index.php?rest_route=%2Fwp%2Fv2%2Fcategories&post=19150"},{"taxonomy":"post_tag","embeddable":true,"href":"https:\/\/agromt.news\/index.php?rest_route=%2Fwp%2Fv2%2Ftags&post=19150"}],"curies":[{"name":"wp","href":"https:\/\/api.w.org\/{rel}","templated":true}]}}