{"id":19140,"date":"2025-08-25T15:06:01","date_gmt":"2025-08-25T19:06:01","guid":{"rendered":"https:\/\/agromt.news\/?p=19140"},"modified":"2025-08-25T15:06:01","modified_gmt":"2025-08-25T19:06:01","slug":"setembro-tera-chuva-superior-a-200-mm-e-temperaturas-acima-da-media","status":"publish","type":"post","link":"https:\/\/agromt.news\/?p=19140","title":{"rendered":"Setembro ter\u00e1 chuva superior a 200 mm e temperaturas acima da m\u00e9dia"},"content":{"rendered":"<p> <br \/>\n<\/p>\n<div>\n<p>Chuva pr\u00f3ximo a m\u00e9dia para setembro em quase todo o Brasil central e o Nordeste do pa\u00eds. \u00c9 o que indica a previs\u00e3o do tempo para todo o m\u00eas, publicada pelo Instituto Nacional de Meteorologia (Inmet) nesta segunda-feira (25), como mostram as manchas em cinza no mapa abaixo.<\/p>\n<div data-icp-cta=\"1\" id=\"icp-cta-unique\">Voc\u00ea quer entender como usar o clima a seu favor?<b> <\/b><a href=\"https:\/\/climacampo.canalrural.com.br\/climacampo_-01\">Preparamos um e-book exclusivo<\/a> para ajudar produtores rurais a se antecipar \u00e0s mudan\u00e7as do tempo e planejar melhor suas a\u00e7\u00f5es. Com base em previs\u00f5es meteorol\u00f3gicas confi\u00e1veis, ele oferece orienta\u00e7\u00f5es pr\u00e1ticas para proteger sua lavoura e otimizar seus resultados.<\/div>\n<p>J\u00e1 na maior parte da Regi\u00e3o Sul e no noroeste do Amazonas, as estimativas apontam precipita\u00e7\u00f5es <strong>acima da m\u00e9dia<\/strong> (tom em azul). Entretanto, em diversos setores da Regi\u00e3o Norte, est\u00e3o previstos valores abaixo da m\u00e9dia (amarelo). <\/p>\n<h2 class=\"wp-block-heading\" id=\"h-chuva-de-160-mm\">Chuva de 160 mm<\/h2>\n<p>Em rela\u00e7\u00e3o \u00e0 Regi\u00e3o Norte, o Inmet prev\u00ea volumes de chuva de at\u00e9 <strong>50 mm abaixo da m\u00e9dia<\/strong> hist\u00f3rica em grande parte de Roraima, centro-sul do Par\u00e1, por\u00e7\u00f5es centrais do Acre e Rond\u00f4nia e em \u00e1reas isoladas do Amazonas (tom em amarelo). <\/p>\n<p>Por outro lado, volumes de chuva acima de <strong>160 mm<\/strong> s\u00e3o previstos para o norte do Amazonas, bem como acumulados acima de <strong>100 mm<\/strong> para o extremo nordeste do Par\u00e1. Nas demais \u00e1reas da regi\u00e3o, o progn\u00f3stico indica valores pr\u00f3ximos \u00e0s m\u00e9dias climatol\u00f3gicas.<\/p>\n<figure class=\"wp-block-image size-full\"><img fetchpriority=\"high\" decoding=\"async\" width=\"741\" height=\"389\" alt=\"mapa chuva temperaturas\" class=\"wp-image-4119032\"  data-lazy- src=\"https:\/\/agromt.news\/wp-content\/uploads\/2025\/08\/Setembro-tera-chuva-superior-a-200-mm-e-temperaturas-acima.jpg\"\/><img decoding=\"async\" width=\"741\" height=\"389\" src=\"https:\/\/agromt.news\/wp-content\/uploads\/2025\/08\/Setembro-tera-chuva-superior-a-200-mm-e-temperaturas-acima.jpg\" alt=\"mapa chuva temperaturas\" class=\"wp-image-4119032\"  \/><figcaption class=\"wp-element-caption\">Foto: Reprodu\u00e7\u00e3o Inmet<\/figcaption><\/figure>\n<p>Para a Regi\u00e3o Nordeste, majoritariamente, os valores previstos ficar\u00e3o em torno da m\u00e9dia hist\u00f3rica em praticamente todos os estados, exceto no nordeste da regi\u00e3o costeira da Bahia, onde s\u00e3o previstos volumes de chuva de at\u00e9 <strong>50 mm abaixo da m\u00e9dia hist\u00f3rica.<\/strong><\/p>\n<p>Para o Centro-Oeste e Sudeste durante setembro, o Inmet prev\u00ea volumes de chuva pr\u00f3ximos \u00e0 climatologia, com as seguintes exce\u00e7\u00f5es: <\/p>\n<ul class=\"wp-block-list\">\n<li>Setores sudeste e sudoeste de S\u00e3o Paulo, extremo sul de Minas Gerais e sudeste de Mato Grosso do Sul, com estimativas de volumes at\u00e9 <strong>50 mm acima da m\u00e9dia<\/strong>. <\/li>\n<li>Chuva abaixo da m\u00e9dia hist\u00f3rica para as \u00e1reas do oeste de Mato Grosso do Sul.<\/li>\n<\/ul>\n<h2 class=\"wp-block-heading\" id=\"h-acumulados-acima-de-200-mm\">Acumulados acima de 200 mm<\/h2>\n<p>Para o Sul do pa\u00eds, o Inmet indica chuva muito acima da m\u00e9dia para setembro em quase toda a Regi\u00e3o. Veja:<\/p>\n<ul class=\"wp-block-list\">\n<li>Na por\u00e7\u00e3o central de divisa entre as mesorregi\u00f5es do noroeste e nordeste Rio-Grandense \u00e9 previsto volume de chuva acima de <strong>200 mm<\/strong> para o pr\u00f3ximo m\u00eas (tom em azul escuro).<\/li>\n<li>Acumulados pr\u00f3ximos \u00e0 m\u00e9dia hist\u00f3rica de setembro s\u00e3o previstos em \u00e1reas isoladas do norte e sudoeste do Paran\u00e1.<\/li>\n<\/ul>\n<\/div>\n<div>\n<p>A previs\u00e3o do tempo para setembro indica que as temperaturas devem ficar acima da m\u00e9dia em grande parte do pa\u00eds (tons laranja e vermelho no mapa da direita), especialmente nas regi\u00f5es do Par\u00e1, Mato Grosso, leste de Goi\u00e1s, Distrito Federal e Minas Gerais. <\/p>\n<p>Segundo o Inmet, as temperaturas podem alcan\u00e7ar at\u00e9 1,5\u00b0C acima da m\u00e9dia, variando entre 27\u00b0C e 30\u00b0C nas seguintes \u00e1reas:<\/p>\n<ul class=\"wp-block-list\">\n<li>Sudoeste do Par\u00e1 e na divisa de Goi\u00e1s com Minas Gerais<\/li>\n<\/ul>\n<p>Na regi\u00e3o central e leste do Nordeste, a previs\u00e3o \u00e9 de temperaturas acima da m\u00e9dia para todos os estados, com \u00e1reas na costa norte pr\u00f3ximas \u00e0 climatologia. <\/p>\n<p>As temperaturas devem variar entre <strong>22\u00b0C e 27,5\u00b0C<\/strong> no Nordeste, com \u00e1reas pontuais na regi\u00e3o central de Pernambuco e sudeste da <strong><a href=\"https:\/\/www.canalrural.com.br\/nacional\/bahia\/\">Bahia<\/a><\/strong> apresentando valores entre <strong>17\u00b0C e 20\u00b0C.<\/strong><\/p>\n<p>J\u00e1 para o Sudeste, o Inmet prev\u00ea temperaturas m\u00e9dias <strong>acima de 15\u00b0C<\/strong> em \u00e1reas do centro-sul de Minas Gerais, Rio de Janeiro, Esp\u00edrito Santo e centro-leste de S\u00e3o Paulo. J\u00e1 temperaturas mais elevadas s\u00e3o esperadas nas partes central e oeste de Minas Gerais.<\/p>\n<h2 class=\"wp-block-heading\" id=\"h-calor-no-sul\">Calor no Sul?<\/h2>\n<p>A Regi\u00e3o Sul deve apresentar temperaturas dentro da m\u00e9dia (tonalidade em cinza no mapa da direita), exceto no <strong><a href=\"https:\/\/www.canalrural.com.br\/nacional\/parana\/\">Paran\u00e1<\/a><\/strong>, onde as temperaturas podem ficar at\u00e9 0,6 \u00b0C acima da m\u00e9dia. Nessa regi\u00e3o, devem predominar temperaturas entre 12\u00b0C e 17\u00b0C, com temperaturas mais baixas no <strong><a href=\"https:\/\/www.canalrural.com.br\/nacional\/rio-grande-do-sul\/\">Rio Grande do Sul<\/a><\/strong> e na divisa com Santa Catarina, onde as m\u00e9dias podem ficar <strong>abaixo de 12,5\u00b0C.<\/strong><\/p>\n<p>J\u00e1 na Regi\u00e3o Centro-Oeste, as temperaturas m\u00e9dias devem ficar acima de 22,5\u00b0C em todos os estados, com exce\u00e7\u00e3o do sul de Mato Grosso do Sul, onde as m\u00e9dias devem ficar em 20\u00b0C.<\/p>\n<\/p><\/div>\n<p><br \/>\n<br \/><a href=\"https:\/\/www.canalrural.com.br\/tempo\/setembro-tera-chuva-superior-a-200-mm-e-temperaturas-acima-da-media\/\">Source link <\/a><\/p>\n","protected":false},"excerpt":{"rendered":"<p>Chuva pr\u00f3ximo a m\u00e9dia para setembro em quase todo o Brasil central e o Nordeste do pa\u00eds. \u00c9 o que<\/p>\n","protected":false},"author":1,"featured_media":2179,"comment_status":"open","ping_status":"open","sticky":false,"template":"","format":"standard","meta":{"_monsterinsights_skip_tracking":false,"_monsterinsights_sitenote_active":false,"_monsterinsights_sitenote_note":"","_monsterinsights_sitenote_category":0,"_uf_show_specific_survey":0,"_uf_disable_surveys":false,"footnotes":""},"categories":[1],"tags":[],"class_list":["post-19140","post","type-post","status-publish","format-standard","has-post-thumbnail","hentry","category-news"],"_links":{"self":[{"href":"https:\/\/agromt.news\/index.php?rest_route=\/wp\/v2\/posts\/19140"}],"collection":[{"href":"https:\/\/agromt.news\/index.php?rest_route=\/wp\/v2\/posts"}],"about":[{"href":"https:\/\/agromt.news\/index.php?rest_route=\/wp\/v2\/types\/post"}],"author":[{"embeddable":true,"href":"https:\/\/agromt.news\/index.php?rest_route=\/wp\/v2\/users\/1"}],"replies":[{"embeddable":true,"href":"https:\/\/agromt.news\/index.php?rest_route=%2Fwp%2Fv2%2Fcomments&post=19140"}],"version-history":[{"count":0,"href":"https:\/\/agromt.news\/index.php?rest_route=\/wp\/v2\/posts\/19140\/revisions"}],"wp:featuredmedia":[{"embeddable":true,"href":"https:\/\/agromt.news\/index.php?rest_route=\/wp\/v2\/media\/2179"}],"wp:attachment":[{"href":"https:\/\/agromt.news\/index.php?rest_route=%2Fwp%2Fv2%2Fmedia&parent=19140"}],"wp:term":[{"taxonomy":"category","embeddable":true,"href":"https:\/\/agromt.news\/index.php?rest_route=%2Fwp%2Fv2%2Fcategories&post=19140"},{"taxonomy":"post_tag","embeddable":true,"href":"https:\/\/agromt.news\/index.php?rest_route=%2Fwp%2Fv2%2Ftags&post=19140"}],"curies":[{"name":"wp","href":"https:\/\/api.w.org\/{rel}","templated":true}]}}