{"id":19135,"date":"2025-08-25T14:00:18","date_gmt":"2025-08-25T18:00:18","guid":{"rendered":"https:\/\/agromt.news\/?p=19135"},"modified":"2025-08-25T14:00:18","modified_gmt":"2025-08-25T18:00:18","slug":"mercado-de-defensivos-para-soja-recua","status":"publish","type":"post","link":"https:\/\/agromt.news\/?p=19135","title":{"rendered":"Mercado de defensivos para soja recua"},"content":{"rendered":"<p> <br \/>\n<\/p>\n<div>\n<p>O mercado de defensivos agr\u00edcolas para <a href=\"https:\/\/www.agrolink.com.br\/culturas\/soja?utm_source=agrolink-detalhe-noticia&amp;utm_medium=detalhe-noticia&amp;utm_campaign=links-internos\" target=\"_blank\" rel=\"noopener\">soja<\/a> registrou retra\u00e7\u00e3o na safra 2024\/25, mesmo com o aumento expressivo da \u00e1rea protegida por tecnologias. Segundo levantamento exclusivo da Kynetec Brasil, citado pelo especialista em pesquisas Cristiano Limberger, a movimenta\u00e7\u00e3o financeira caiu 4,3%, somando US$ 9,45 bilh\u00f5es, contra os US$ 9,87 bilh\u00f5es do ciclo anterior. Em contrapartida, a \u00e1rea potencial tratada (PAT) avan\u00e7ou 12% e superou 1,4 bilh\u00e3o de hectares, estabelecendo novo recorde para a cultura.&#13;\n<\/p>\n<p>A queda no faturamento esteve associada \u00e0 desvaloriza\u00e7\u00e3o de 7,7% do real frente ao d\u00f3lar e \u00e0 retra\u00e7\u00e3o m\u00e9dia de 8% nos pre\u00e7os dos produtos. Entre as categorias, os fungicidas foliares refor\u00e7aram a lideran\u00e7a: responderam por 40% do mercado, com vendas de US$ 3,819 bilh\u00f5es, alta de 3% sobre a temporada passada. Os inseticidas foliares ocuparam a segunda posi\u00e7\u00e3o, movimentando US$ 2,23 bilh\u00f5es (23,6% do total), recuo de 9% em rela\u00e7\u00e3o a 2023\/24. O controle de percevejos se destacou dentro da categoria, respons\u00e1vel por 54% das vendas, com presen\u00e7a em 96% da \u00e1rea cultivada e m\u00e9dia de 3,4 aplica\u00e7\u00f5es na safra.<\/p>\n<p>Os herbicidas permaneceram como a terceira categoria em vendas, mas perderam participa\u00e7\u00e3o: ca\u00edram de 25% para 23%, somando US$ 2,18 bilh\u00f5es. J\u00e1 os produtos para tratamento de sementes alcan\u00e7aram 6% do mercado, equivalentes a US$ 558 milh\u00f5es. Os nematicidas, por sua vez, atingiram US$ 250 milh\u00f5es (2,6%), enquanto adjuvantes e inoculantes representaram juntos 4,4%, ou US$ 418 milh\u00f5es.&#13;\n<\/p>\n<p>No campo das biotecnologias, houve avan\u00e7o expressivo das variedades de soja tolerantes a lagartas de segunda gera\u00e7\u00e3o (\u201cBt\u201d), que passaram de 11% para 24% da \u00e1rea cultivada. O estudo capturou mais de 150 op\u00e7\u00f5es comerciais com essa tecnologia, sinalizando forte ades\u00e3o a solu\u00e7\u00f5es inovadoras e maior intensifica\u00e7\u00e3o do manejo na sojicultura.<br \/>&#13;<br \/>\n\u00a0<\/p>\n<\/p><\/div>\n<p><script data-cfasync=\"false\">\n    !function (f, b, e, v, n, t, s) {\n        if (f.fbq) return; n = f.fbq = function () {\n            n.callMethod ?\n                n.callMethod.apply(n, arguments) : n.queue.push(arguments)\n        };\n        if (!f._fbq) f._fbq = n; n.push = n; n.loaded = !0; n.version = '2.0';\n        n.queue = []; t = b.createElement(e); t.async = !0;\n        t.src = v; s = b.getElementsByTagName(e)[0];\n        s.parentNode.insertBefore(t, s)\n    }(window, document, 'script',\n        'https:\/\/connect.facebook.net\/en_US\/fbevents.js');\n    fbq('init', '522546078623747');\n    fbq('track', 'PageView');\n<\/script><br \/>\n<br \/><br \/>\n<br \/><a href=\"https:\/\/www.agrolink.com.br\/noticias\/mercado-de-defensivos-para-soja-recua_505249.html\">Source link <\/a><\/p>\n","protected":false},"excerpt":{"rendered":"<p>O mercado de defensivos agr\u00edcolas para soja registrou retra\u00e7\u00e3o na safra 2024\/25, mesmo com o aumento expressivo da \u00e1rea protegida<\/p>\n","protected":false},"author":1,"featured_media":0,"comment_status":"open","ping_status":"open","sticky":false,"template":"","format":"standard","meta":{"_monsterinsights_skip_tracking":false,"_monsterinsights_sitenote_active":false,"_monsterinsights_sitenote_note":"","_monsterinsights_sitenote_category":0,"_uf_show_specific_survey":0,"_uf_disable_surveys":false,"footnotes":""},"categories":[8,1,14],"tags":[],"class_list":["post-19135","post","type-post","status-publish","format-standard","hentry","category-agro","category-news","category-politica-agro"],"_links":{"self":[{"href":"https:\/\/agromt.news\/index.php?rest_route=\/wp\/v2\/posts\/19135"}],"collection":[{"href":"https:\/\/agromt.news\/index.php?rest_route=\/wp\/v2\/posts"}],"about":[{"href":"https:\/\/agromt.news\/index.php?rest_route=\/wp\/v2\/types\/post"}],"author":[{"embeddable":true,"href":"https:\/\/agromt.news\/index.php?rest_route=\/wp\/v2\/users\/1"}],"replies":[{"embeddable":true,"href":"https:\/\/agromt.news\/index.php?rest_route=%2Fwp%2Fv2%2Fcomments&post=19135"}],"version-history":[{"count":0,"href":"https:\/\/agromt.news\/index.php?rest_route=\/wp\/v2\/posts\/19135\/revisions"}],"wp:attachment":[{"href":"https:\/\/agromt.news\/index.php?rest_route=%2Fwp%2Fv2%2Fmedia&parent=19135"}],"wp:term":[{"taxonomy":"category","embeddable":true,"href":"https:\/\/agromt.news\/index.php?rest_route=%2Fwp%2Fv2%2Fcategories&post=19135"},{"taxonomy":"post_tag","embeddable":true,"href":"https:\/\/agromt.news\/index.php?rest_route=%2Fwp%2Fv2%2Ftags&post=19135"}],"curies":[{"name":"wp","href":"https:\/\/api.w.org\/{rel}","templated":true}]}}