{"id":19118,"date":"2025-08-25T07:48:22","date_gmt":"2025-08-25T11:48:22","guid":{"rendered":"https:\/\/agromt.news\/?p=19118"},"modified":"2025-08-25T07:48:22","modified_gmt":"2025-08-25T11:48:22","slug":"veranico-chega-ao-fim-e-frio-volta-em-algumas-regioes-veja-a-previsao-do-tempo-para-hoje","status":"publish","type":"post","link":"https:\/\/agromt.news\/?p=19118","title":{"rendered":"Veranico chega ao fim e frio volta em algumas regi\u00f5es; veja a previs\u00e3o do tempo para hoje"},"content":{"rendered":"<p> <br \/>\n<br \/><img decoding=\"async\" src=\"https:\/\/agromt.news\/wp-content\/uploads\/2024\/10\/semana-deve-terminar-com-transtornos-veja-onde.jpg\" \/><\/p>\n<div>\n<p>A frente fria segue posicionada sobre o oceano, e juntamente com a atua\u00e7\u00e3o de um cavado meteorol\u00f3gico em n\u00edveis m\u00e9dios da atmosfera, ainda deve realizar a manuten\u00e7\u00e3o das instabilidades entre o nordeste e norte do Rio Grande do Sul e entre Santa Catarina e parte do Paran\u00e1 nesta segunda-feira (25).<\/p>\n<p>Ainda pela manh\u00e3, as pancadas de chuva come\u00e7am a ganhar for\u00e7a sobre boa parte de Santa Catarina, sul, sudoeste e oeste paranaense, variando entre fraca a moderada intensidade, mas que deve persistir ao longo do dia \u2013 pancadas que intercalam per\u00edodos de melhoria e aberturas de sol. No Rio Grande do Sul, algumas \u00e1reas entre a serra e o norte podem contar com a ocorr\u00eancia de chuva fraca durante a segunda.<\/p>\n<p>Nas demais regi\u00f5es, o predom\u00ednio j\u00e1 ser\u00e1 de tempo aberto, com sol entre nebulosidade vari\u00e1vel. A massa de ar frio que avan\u00e7ou na retaguarda da frente fria mant\u00e9m as temperaturas mais baixas, especialmente no Rio Grande do Sul, o dia come\u00e7a bem gelado e com risco de geada na Campanha Ga\u00facha; as temperaturas continuam amenas ao longo da tarde com sensa\u00e7\u00e3o de frio nas capitais.<\/p>\n<p><em>Veja em primeira m\u00e3o tudo sobre agricultura, pecu\u00e1ria, economia e previs\u00e3o do tempo:<\/em><a href=\"https:\/\/news.google.com\/publications\/CAAqBwgKMPKZlQswq_mqAw?hl=pt-BR&amp;gl=BR&amp;ceid=BR%3Apt-419\" target=\"_blank\" rel=\"noreferrer noopener\"><em>\u00a0siga o Canal Rural no Google News!<\/em><\/a><\/p>\n<\/div>\n<div>\n<p>No Sudeste, a semana come\u00e7a ainda com predom\u00ednio de tempo firme em praticamente todas as \u00e1reas. No litoral paulista, em parte do litoral e sul do RJ e ES, infiltra\u00e7\u00e3o mar\u00edtima mant\u00e9m muita nebulosidade e possibilidade de chuva mais leve e fraca no decorrer do dia. Entre o Vale do Ribeira e a Grande SP, sol entre muitas nuvens, sem chuva e temperatura ligeiramente mais amena. Nas demais regi\u00f5es, o sol aparece entre poucas nuvens, o calor segue ganhando for\u00e7a durante o dia e a umidade do ar despenca, variando entre n\u00edveis de aten\u00e7\u00e3o e alerta \u2013 sobretudo entre o interior paulista e no estado de Minas Gerais.<\/p>\n<p>Enquanto no Centro-Oeste, a presen\u00e7a do cavado meteorol\u00f3gico na m\u00e9dia atmosfera deve seguir realizando a manuten\u00e7\u00e3o das pancadas de chuva sobre o oeste e sul de Mato Grosso do Sul. As pancadas de chuva ganham for\u00e7a a partir da segunda metade da tarde, variando entre fraca e moderada intensidade. N\u00e3o est\u00e3o descartados eventuais epis\u00f3dios de chuva forte localizada. Destaque para a presen\u00e7a da massa de ar polar, mantendo as temperaturas mais amenas entre o sul de MS e de MT. Cuiab\u00e1 e Campo Grande devem contar com tarde mais amena, sem calor intenso. Entre Goi\u00e1s e Distrito Federal, o tempo segue firme, com predom\u00ednio de ar seco.<\/p>\n<p>J\u00e1 no Nordeste , a circula\u00e7\u00e3o de umidade vinda do oceano mant\u00e9m a chuva sobre a costa leste . Destaque para as pancadas mais fortes no litoral norte da Bahia e aten\u00e7\u00e3o para Salvador \u2013 muitas nuvens e condi\u00e7\u00e3o de chuva moderada a forte. Entre o litoral de Sergipe e do Rio Grande do Norte, dia de sol com previs\u00e3o de chuva fraca a moderada ao longo do dia. No interior nordestino, alerta para umidade abaixo de 20% e temperaturas mais elevadas, sem previs\u00e3o de chuva.<\/p>\n<p>E no Norte, a chuva segue concentrada entre o Amazonas, Roraima e parte do Acre, com pancadas de chuva ocorrendo de maneira isolada ao longo do dia. H\u00e1 risco para epis\u00f3dios de chuva forte, intercalando aberturas de sol. Entre Rond\u00f4nia, Par\u00e1 e Tocantins, o sol segue predominando forte com calor e ar seco marcando presen\u00e7a \u00e0 tarde.<\/p>\n<div data-icp-cta=\"1\" id=\"icp-cta-unique\">Voc\u00ea quer entender como usar o clima a seu favor?<b> <\/b><a href=\"https:\/\/climacampo.canalrural.com.br\/climacampo_-01\">Preparamos um e-book exclusivo<\/a> para ajudar produtores rurais a se antecipar \u00e0s mudan\u00e7as do tempo e planejar melhor suas a\u00e7\u00f5es. Com base em previs\u00f5es meteorol\u00f3gicas confi\u00e1veis, ele oferece orienta\u00e7\u00f5es pr\u00e1ticas para proteger sua lavoura e otimizar seus resultados.<\/div>\n<\/div>\n<p><br \/>\n<br \/><a href=\"https:\/\/www.canalrural.com.br\/tempo\/veranico-chega-ao-fim-e-frio-volta-em-algumas-regioes-veja-a-previsao-do-tempo-para-hoje\/\">Source link <\/a><\/p>\n","protected":false},"excerpt":{"rendered":"<p>A frente fria segue posicionada sobre o oceano, e juntamente com a atua\u00e7\u00e3o de um cavado meteorol\u00f3gico em n\u00edveis m\u00e9dios<\/p>\n","protected":false},"author":1,"featured_media":3545,"comment_status":"open","ping_status":"open","sticky":false,"template":"","format":"standard","meta":{"_monsterinsights_skip_tracking":false,"_monsterinsights_sitenote_active":false,"_monsterinsights_sitenote_note":"","_monsterinsights_sitenote_category":0,"_uf_show_specific_survey":0,"_uf_disable_surveys":false,"footnotes":""},"categories":[1],"tags":[],"class_list":["post-19118","post","type-post","status-publish","format-standard","has-post-thumbnail","hentry","category-news"],"_links":{"self":[{"href":"https:\/\/agromt.news\/index.php?rest_route=\/wp\/v2\/posts\/19118"}],"collection":[{"href":"https:\/\/agromt.news\/index.php?rest_route=\/wp\/v2\/posts"}],"about":[{"href":"https:\/\/agromt.news\/index.php?rest_route=\/wp\/v2\/types\/post"}],"author":[{"embeddable":true,"href":"https:\/\/agromt.news\/index.php?rest_route=\/wp\/v2\/users\/1"}],"replies":[{"embeddable":true,"href":"https:\/\/agromt.news\/index.php?rest_route=%2Fwp%2Fv2%2Fcomments&post=19118"}],"version-history":[{"count":0,"href":"https:\/\/agromt.news\/index.php?rest_route=\/wp\/v2\/posts\/19118\/revisions"}],"wp:featuredmedia":[{"embeddable":true,"href":"https:\/\/agromt.news\/index.php?rest_route=\/wp\/v2\/media\/3545"}],"wp:attachment":[{"href":"https:\/\/agromt.news\/index.php?rest_route=%2Fwp%2Fv2%2Fmedia&parent=19118"}],"wp:term":[{"taxonomy":"category","embeddable":true,"href":"https:\/\/agromt.news\/index.php?rest_route=%2Fwp%2Fv2%2Fcategories&post=19118"},{"taxonomy":"post_tag","embeddable":true,"href":"https:\/\/agromt.news\/index.php?rest_route=%2Fwp%2Fv2%2Ftags&post=19118"}],"curies":[{"name":"wp","href":"https:\/\/api.w.org\/{rel}","templated":true}]}}