{"id":19108,"date":"2025-08-24T19:11:16","date_gmt":"2025-08-24T23:11:16","guid":{"rendered":"https:\/\/agromt.news\/?p=19108"},"modified":"2025-08-24T19:11:16","modified_gmt":"2025-08-24T23:11:16","slug":"precos-do-boi-gordo-se-dividem-mas-exportacoes-ainda-seguram-alta","status":"publish","type":"post","link":"https:\/\/agromt.news\/?p=19108","title":{"rendered":"Pre\u00e7os do boi gordo se dividem, mas exporta\u00e7\u00f5es ainda seguram alta"},"content":{"rendered":"<p> <br \/>\n<\/p>\n<div>\n<p>O mercado brasileiro de boi gordo registrou algumas negocia\u00e7\u00f5es acima da refer\u00eancia m\u00e9dia durante a semana. <\/p>\n<p>Por\u00e9m, conforme o analista de Safras &amp; Mercado Fernando Iglesias, em alguns estados predomina um perfil mais acomodado nos neg\u00f3cios, casos de S\u00e3o Paulo, Mato Grosso, Mato Grosso do Sul e Minas Gerais.<\/p>\n<pre class=\"wp-block-code\"><code>\"Na regi\u00e3o Norte persistem os neg\u00f3cios acima da refer\u00eancia m\u00e9dia, com os frigor\u00edficos do estado encontrando maior dificuldade na composi\u00e7\u00e3o das escalas de abate\", diz.<\/code><\/pre>\n<p>Iglesias observa que, sob o prisma da demanda, ainda h\u00e1 um ritmo intenso de embarques, com o pa\u00eds caminhando a passos largos para mais um recorde de exporta\u00e7\u00e3o ao longo de 2025.<\/p>\n<p>Os pre\u00e7os da arroba do boi gordo na modalidade a prazo nas principais pra\u00e7as de comercializa\u00e7\u00e3o do Brasil estavam assim no dia 21 de agosto:<\/p>\n<ul class=\"wp-block-list\">\n<li><strong>S\u00e3o Paulo (Capital):<\/strong> R$ 315, inalterado frente \u00e0 semana passada;<\/li>\n<li><strong>Goi\u00e1s (Goi\u00e2nia): <\/strong>R$ 305, mesmo valor ante a semana passada;<\/li>\n<li><strong>Minas Gerais (Uberaba):<\/strong> R$ 305, valor 1,67% acima dos R$ 300 no<br \/>fechamento da semana anterior;<\/li>\n<li><strong>Mato Grosso do Sul (Dourados):<\/strong> R$ 320, est\u00e1vel ante o fechamento da semana passada<\/li>\n<li><strong>Mato Grosso (Cuiab\u00e1): <\/strong>R$ 315, alta de 1,61% frente aos R$ 310 registrados anteriormente<\/li>\n<li><strong>Rond\u00f4nia (Vilhena): <\/strong>R$ 280, avan\u00e7o de 1,82% frente aos R$ 275 do fechamento da semana passada<\/li>\n<\/ul>\n<h2 class=\"wp-block-heading\" id=\"h-mercado-atacadista\">Mercado atacadista<\/h2>\n<p>Iglesias comenta que o mercado atacadista se deparou com queda nas cota\u00e7\u00f5es para os cortes do traseiro bovino ao longo da semana e estabilidade para os cortes do dianteiro.<\/p>\n<\/div>\n<div>\n<p>O ambiente de neg\u00f3cios ainda sugere pela continuidade deste movimento no curto prazo, consequ\u00eancia de uma reposi\u00e7\u00e3o mais lenta entre atacado e varejo durante a segunda quinzena do m\u00eas. <\/p>\n<p>Vale destacar que a carne de frango ainda disp\u00f5e de maior competitividade na compara\u00e7\u00e3o com as concorrentes, em especial na compara\u00e7\u00e3o com a carne bovina.<\/p>\n<pre class=\"wp-block-code\"><code>O quarto do traseiro do boi foi cotado a R$ 23,15 o quilo, queda de 0,64% frente aos R$ 23,30 praticado na semana passada. J\u00e1 o quarto do dianteiro do boi foi vendido por R$ 18,00 o quilo, sem mudan\u00e7as frente ao valor registrado no per\u00edodo anterior.<\/code><\/pre>\n<h2 class=\"wp-block-heading\" id=\"h-exportacoes-de-carne-bovina\">Exporta\u00e7\u00f5es de carne bovina<\/h2>\n<figure class=\"wp-block-image size-large\"><img fetchpriority=\"high\" decoding=\"async\" width=\"1024\" height=\"683\" alt=\"carne bovina frigor\u00edficos\" class=\"wp-image-4010509\"  data-lazy- src=\"https:\/\/agromt.news\/wp-content\/uploads\/2024\/09\/Escalas-de-abate-garantem-precos-mais-altos-para-a-arroba.jpg\"\/><img decoding=\"async\" width=\"1024\" height=\"683\" src=\"https:\/\/agromt.news\/wp-content\/uploads\/2024\/09\/Escalas-de-abate-garantem-precos-mais-altos-para-a-arroba.jpg\" alt=\"carne bovina frigor\u00edficos\" class=\"wp-image-4010509\"  \/><figcaption class=\"wp-element-caption\">Foto: Freepik<\/figcaption><\/figure>\n<p>As exporta\u00e7\u00f5es de <strong><a href=\"https:\/\/www.canalrural.com.br\/tag\/carne\/\">carne<\/a><\/strong> bovina fresca, congelada ou refrigerada do Brasil renderam US$ 764,394 milh\u00f5es em agosto at\u00e9 o momento (11 dias \u00fateis), com m\u00e9dia di\u00e1ria de US$ 69,490 milh\u00f5es, de acordo com a Secretaria de Com\u00e9rcio Exterior (Secex).<\/p>\n<p>A quantidade total exportada pelo pa\u00eds chegou a 135,785 mil toneladas, com m\u00e9dia di\u00e1ria de 12,344 mil toneladas. O pre\u00e7o m\u00e9dio da tonelada ficou em US$ 5.629,40.<\/p>\n<p>Em rela\u00e7\u00e3o a agosto de 2024, houve alta de <strong>58,5%<\/strong> no valor m\u00e9dio di\u00e1rio da exporta\u00e7\u00e3o, ganho de <strong>24,9% <\/strong>na quantidade m\u00e9dia di\u00e1ria exportada e avan\u00e7o de <strong>26,9%<\/strong> no pre\u00e7o m\u00e9dio. <\/p>\n<\/p><\/div>\n<p><br \/>\n<br \/><a href=\"https:\/\/www.canalrural.com.br\/pecuaria\/precos-do-boi-gordo-se-dividem-mas-exportacoes-ainda-seguram-alta\/\">Source link <\/a><\/p>\n","protected":false},"excerpt":{"rendered":"<p>O mercado brasileiro de boi gordo registrou algumas negocia\u00e7\u00f5es acima da refer\u00eancia m\u00e9dia durante a semana. Por\u00e9m, conforme o analista<\/p>\n","protected":false},"author":1,"featured_media":13617,"comment_status":"open","ping_status":"open","sticky":false,"template":"","format":"standard","meta":{"_monsterinsights_skip_tracking":false,"_monsterinsights_sitenote_active":false,"_monsterinsights_sitenote_note":"","_monsterinsights_sitenote_category":0,"_uf_show_specific_survey":0,"_uf_disable_surveys":false,"footnotes":""},"categories":[1],"tags":[],"class_list":["post-19108","post","type-post","status-publish","format-standard","has-post-thumbnail","hentry","category-news"],"_links":{"self":[{"href":"https:\/\/agromt.news\/index.php?rest_route=\/wp\/v2\/posts\/19108"}],"collection":[{"href":"https:\/\/agromt.news\/index.php?rest_route=\/wp\/v2\/posts"}],"about":[{"href":"https:\/\/agromt.news\/index.php?rest_route=\/wp\/v2\/types\/post"}],"author":[{"embeddable":true,"href":"https:\/\/agromt.news\/index.php?rest_route=\/wp\/v2\/users\/1"}],"replies":[{"embeddable":true,"href":"https:\/\/agromt.news\/index.php?rest_route=%2Fwp%2Fv2%2Fcomments&post=19108"}],"version-history":[{"count":0,"href":"https:\/\/agromt.news\/index.php?rest_route=\/wp\/v2\/posts\/19108\/revisions"}],"wp:featuredmedia":[{"embeddable":true,"href":"https:\/\/agromt.news\/index.php?rest_route=\/wp\/v2\/media\/13617"}],"wp:attachment":[{"href":"https:\/\/agromt.news\/index.php?rest_route=%2Fwp%2Fv2%2Fmedia&parent=19108"}],"wp:term":[{"taxonomy":"category","embeddable":true,"href":"https:\/\/agromt.news\/index.php?rest_route=%2Fwp%2Fv2%2Fcategories&post=19108"},{"taxonomy":"post_tag","embeddable":true,"href":"https:\/\/agromt.news\/index.php?rest_route=%2Fwp%2Fv2%2Ftags&post=19108"}],"curies":[{"name":"wp","href":"https:\/\/api.w.org\/{rel}","templated":true}]}}