{"id":19106,"date":"2025-08-24T18:57:33","date_gmt":"2025-08-24T22:57:33","guid":{"rendered":"https:\/\/agromt.news\/?p=19106"},"modified":"2025-08-24T18:57:33","modified_gmt":"2025-08-24T22:57:33","slug":"a-arte-de-eternizar-a-vida-no-campo-fotografias-de-guta-alonso","status":"publish","type":"post","link":"https:\/\/agromt.news\/?p=19106","title":{"rendered":"A arte de eternizar a vida no campo: fotografias de Guta Alonso"},"content":{"rendered":"<p> <br \/>\n<\/p>\n<div>\n<figure class=\"wp-block-image size-large\"><img fetchpriority=\"high\" fetchpriority=\"high\" decoding=\"async\" width=\"1024\" height=\"768\" src=\"https:\/\/agromt.news\/wp-content\/uploads\/2025\/08\/A-arte-de-eternizar-a-vida-no-campo-fotografias-de.jpg\" alt=\"quadro de Guta Alonso na Expogen\u00e9tica 2025\" class=\"wp-image-4118910\"  \/><\/figure>\n<p>Guta Alonso, <a href=\"https:\/\/www.instagram.com\/fazendaelge\/\">da Fazenda Elge<\/a>, \u00e9 uma figura conhecida no universo do pecu\u00e1ria. M\u00e9dica veterin\u00e1ria especializada em cavalos e potros, colunista do Canal do Criador e parceira nos leil\u00f5es, ela tamb\u00e9m carrega uma veia art\u00edstica que surpreende. Al\u00e9m do trabalho t\u00e9cnico no campo, encontrou na fotografia uma forma de eternizar a beleza da pecu\u00e1ria, transformando cenas do cotidiano rural em obras que unem emo\u00e7\u00e3o, cultura e arte.<\/p>\n<p>A inspira\u00e7\u00e3o veio do pai, que registrava a vida na fazenda, ainda sem olhar art\u00edstico. Incentivada por ele, que a presenteava com c\u00e2meras fotogr\u00e1ficas, Guta come\u00e7ou a desenvolver o h\u00e1bito de captar os detalhes do campo: o nascer do sol, o contato entre uma vaca e o bezerro, o ciclo da vida na pecu\u00e1ria.<\/p>\n<p><a href=\"https:\/\/www.youtube.com\/watch?v=SPt9RdAzUN4\">Assista a entrevista exclusiva com a Guta Alonso no Lance Rural<\/a><\/p>\n<h2 class=\"wp-block-heading\" id=\"h-o-olhar-de-quem-vive-o-agro\">O olhar de quem vive o agro<\/h2>\n<p>Neta de publicit\u00e1rios, Guta explica que a comunica\u00e7\u00e3o e a sensibilidade sempre estiveram em sua trajet\u00f3ria. <\/p>\n<blockquote class=\"wp-block-quote is-layout-flow wp-block-quote-is-layout-flow\">\n<p>\u201cMeu grande objetivo \u00e9 compartilhar com as pessoas que n\u00e3o vivem o dia a dia da fazenda a beleza do nosso mundo do agroneg\u00f3cio. Seja um p\u00f4r do sol, um nascimento de bezerro ou o olhar de um animal, quero que essa emo\u00e7\u00e3o chegue at\u00e9 elas\u201d, afirma.<\/p>\n<\/blockquote>\n<figure class=\"wp-block-image size-large\"><img decoding=\"async\" width=\"1024\" height=\"768\" alt=\"\" class=\"wp-image-4118906\"  data-lazy- src=\"https:\/\/agromt.news\/wp-content\/uploads\/2025\/08\/1756076252_639_A-arte-de-eternizar-a-vida-no-campo-fotografias-de.jpg\"\/><img decoding=\"async\" width=\"1024\" height=\"768\" src=\"https:\/\/agromt.news\/wp-content\/uploads\/2025\/08\/1756076252_639_A-arte-de-eternizar-a-vida-no-campo-fotografias-de.jpg\" alt=\"\" class=\"wp-image-4118906\"  \/><figcaption class=\"wp-element-caption\">Quadro de Guta Alonso, exposto no Museu do Zebu durante a Expogen\u00e9tica 2025 | Foto: Larissa Bezerra<\/figcaption><\/figure>\n<p>Suas obras ganham ainda mais for\u00e7a ao serem impressas em <strong>doeskin<\/strong>, um material aveludado e sensorial que convida o p\u00fablico a tocar e sentir a arte. Essa caracter\u00edstica transforma cada fotografia em uma experi\u00eancia t\u00e1til, aproximando ainda mais as pessoas da realidade do campo.<\/p>\n<\/div>\n<div>\n<h2 class=\"wp-block-heading\" id=\"h-expogenetica-2025\">Expogen\u00e9tica 2025<\/h2>\n<figure class=\"wp-block-image size-large\"><img decoding=\"async\" width=\"1024\" height=\"768\" alt=\"quadro de Guta Alonso na Expogen\u00e9tica 2025\" class=\"wp-image-4118907\"  data-lazy- src=\"https:\/\/agromt.news\/wp-content\/uploads\/2025\/08\/1756076252_237_A-arte-de-eternizar-a-vida-no-campo-fotografias-de.jpg\"\/><img loading=\"lazy\" decoding=\"async\" width=\"1024\" height=\"768\" src=\"https:\/\/agromt.news\/wp-content\/uploads\/2025\/08\/1756076252_237_A-arte-de-eternizar-a-vida-no-campo-fotografias-de.jpg\" alt=\"quadro de Guta Alonso na Expogen\u00e9tica 2025\" class=\"wp-image-4118907\"  \/><figcaption class=\"wp-element-caption\">Museu do Zebu, Expogen\u00e9tica 2025 | Foto: Larissa Bezerra<\/figcaption><\/figure>\n<p>Durante a 18\u00aa Expogen\u00e9tica, em Uberaba (MG), o p\u00fablico p\u00f4de conhecer parte desse trabalho. Algumas das obras de Guta foram expostas no <strong>Museu do Zebu<\/strong>, al\u00e9m do estande da Elge, no Pavilh\u00e3o 14.<\/p>\n<blockquote class=\"wp-block-quote is-layout-flow wp-block-quote-is-layout-flow\">\n<p>\u201cEssa forma de comunicar o agro \u00e9 muito importante para mim. Convido todos a visitar, sentir e contemplar o que a fotografia pode transmitir do nosso campo\u201d, completa a artista.<\/p>\n<\/blockquote>\n<p><a href=\"https:\/\/www.canalrural.com.br\/pecuaria\/vaca-alcanca-valorizacao-de-r-35-milhoes-na-18a-expogenetica\/\">Leia tamb\u00e9m: Vaca alcan\u00e7a valoriza\u00e7\u00e3o de R$3,5 milh\u00f5es na 18\u00aa Expogen\u00e9tica<\/a><\/p>\n<h2 class=\"wp-block-heading\" id=\"h-arte-e-pecuaria-lado-a-lado\">Arte e pecu\u00e1ria lado a lado<\/h2>\n<p>Ao unir sua viv\u00eancia profissional no agro com a veia art\u00edstica, Guta constr\u00f3i uma ponte entre dois mundos. Suas fotografias s\u00e3o testemunhos de que a pecu\u00e1ria n\u00e3o \u00e9 apenas produ\u00e7\u00e3o: \u00e9 emo\u00e7\u00e3o, cultura e beleza.<\/p>\n<p>Com cada clique, ela eterniza o campo, refor\u00e7ando que o agro tamb\u00e9m pode ser contado por meio da arte.<\/p>\n<p>Veja mais:<\/p>\n<figure class=\"wp-block-image size-large\"><img loading=\"lazy\" decoding=\"async\" width=\"1024\" height=\"768\" alt=\"quadro de Guta Alonso na Expogen\u00e9tica 2025\" class=\"wp-image-4118909\"  data-lazy- src=\"https:\/\/agromt.news\/wp-content\/uploads\/2025\/08\/1756076253_818_A-arte-de-eternizar-a-vida-no-campo-fotografias-de.jpg\"\/><img loading=\"lazy\" decoding=\"async\" width=\"1024\" height=\"768\" src=\"https:\/\/agromt.news\/wp-content\/uploads\/2025\/08\/1756076253_818_A-arte-de-eternizar-a-vida-no-campo-fotografias-de.jpg\" alt=\"quadro de Guta Alonso na Expogen\u00e9tica 2025\" class=\"wp-image-4118909\"  \/><\/figure>\n<figure class=\"wp-block-image size-large\"><img loading=\"lazy\" decoding=\"async\" width=\"1024\" height=\"768\" alt=\"quadro de Guta Alonso na Expogen\u00e9tica 2025\" class=\"wp-image-4118911\"  data-lazy- src=\"https:\/\/agromt.news\/wp-content\/uploads\/2025\/08\/1756076253_331_A-arte-de-eternizar-a-vida-no-campo-fotografias-de.jpg\"\/><img loading=\"lazy\" decoding=\"async\" width=\"1024\" height=\"768\" src=\"https:\/\/agromt.news\/wp-content\/uploads\/2025\/08\/1756076253_331_A-arte-de-eternizar-a-vida-no-campo-fotografias-de.jpg\" alt=\"quadro de Guta Alonso na Expogen\u00e9tica 2025\" class=\"wp-image-4118911\"  \/><\/figure>\n<figure class=\"wp-block-image size-large\"><img loading=\"lazy\" decoding=\"async\" width=\"1024\" height=\"768\" alt=\"\" class=\"wp-image-4118918\"  data-lazy- src=\"https:\/\/agromt.news\/wp-content\/uploads\/2025\/08\/1756076253_191_A-arte-de-eternizar-a-vida-no-campo-fotografias-de.jpg\"\/><img loading=\"lazy\" decoding=\"async\" width=\"1024\" height=\"768\" src=\"https:\/\/agromt.news\/wp-content\/uploads\/2025\/08\/1756076253_191_A-arte-de-eternizar-a-vida-no-campo-fotografias-de.jpg\" alt=\"\" class=\"wp-image-4118918\"  \/><figcaption class=\"wp-element-caption\">Quadro do touro Atol da Elge, no pavilh\u00e3o da Elge na 18\u00aa Expogen\u00e9tica | Foto: Larissa Bezerra<\/figcaption><\/figure>\n<figure class=\"wp-block-image size-large\"><img loading=\"lazy\" decoding=\"async\" width=\"1024\" height=\"768\" alt=\"\" class=\"wp-image-4118919\"  data-lazy- src=\"https:\/\/agromt.news\/wp-content\/uploads\/2025\/08\/1756076253_170_A-arte-de-eternizar-a-vida-no-campo-fotografias-de.jpg\"\/><img loading=\"lazy\" decoding=\"async\" width=\"1024\" height=\"768\" src=\"https:\/\/agromt.news\/wp-content\/uploads\/2025\/08\/1756076253_170_A-arte-de-eternizar-a-vida-no-campo-fotografias-de.jpg\" alt=\"\" class=\"wp-image-4118919\"  \/><figcaption class=\"wp-element-caption\">Fotografias de Guta Alonso no pavilh\u00e3o da Elge, na 18\u00aa Expogen\u00e9tica | Foto: Larissa Bezerra<\/figcaption><\/figure>\n<\/p><\/div>\n<p><script async src=\"\/\/www.instagram.com\/embed.js\"><\/script><br \/>\n<br \/><br \/>\n<br \/><a href=\"https:\/\/www.canalrural.com.br\/pecuaria\/historia-fotografia-guta-elge-arte-pecuaria\/\">Source link <\/a><\/p>\n","protected":false},"excerpt":{"rendered":"<p>Guta Alonso, da Fazenda Elge, \u00e9 uma figura conhecida no universo do pecu\u00e1ria. M\u00e9dica veterin\u00e1ria especializada em cavalos e potros,<\/p>\n","protected":false},"author":1,"featured_media":19107,"comment_status":"open","ping_status":"open","sticky":false,"template":"","format":"standard","meta":{"_monsterinsights_skip_tracking":false,"_monsterinsights_sitenote_active":false,"_monsterinsights_sitenote_note":"","_monsterinsights_sitenote_category":0,"_uf_show_specific_survey":0,"_uf_disable_surveys":false,"footnotes":""},"categories":[1],"tags":[],"class_list":["post-19106","post","type-post","status-publish","format-standard","has-post-thumbnail","hentry","category-news"],"_links":{"self":[{"href":"https:\/\/agromt.news\/index.php?rest_route=\/wp\/v2\/posts\/19106"}],"collection":[{"href":"https:\/\/agromt.news\/index.php?rest_route=\/wp\/v2\/posts"}],"about":[{"href":"https:\/\/agromt.news\/index.php?rest_route=\/wp\/v2\/types\/post"}],"author":[{"embeddable":true,"href":"https:\/\/agromt.news\/index.php?rest_route=\/wp\/v2\/users\/1"}],"replies":[{"embeddable":true,"href":"https:\/\/agromt.news\/index.php?rest_route=%2Fwp%2Fv2%2Fcomments&post=19106"}],"version-history":[{"count":0,"href":"https:\/\/agromt.news\/index.php?rest_route=\/wp\/v2\/posts\/19106\/revisions"}],"wp:featuredmedia":[{"embeddable":true,"href":"https:\/\/agromt.news\/index.php?rest_route=\/wp\/v2\/media\/19107"}],"wp:attachment":[{"href":"https:\/\/agromt.news\/index.php?rest_route=%2Fwp%2Fv2%2Fmedia&parent=19106"}],"wp:term":[{"taxonomy":"category","embeddable":true,"href":"https:\/\/agromt.news\/index.php?rest_route=%2Fwp%2Fv2%2Fcategories&post=19106"},{"taxonomy":"post_tag","embeddable":true,"href":"https:\/\/agromt.news\/index.php?rest_route=%2Fwp%2Fv2%2Ftags&post=19106"}],"curies":[{"name":"wp","href":"https:\/\/api.w.org\/{rel}","templated":true}]}}