{"id":19103,"date":"2025-08-24T16:27:14","date_gmt":"2025-08-24T20:27:14","guid":{"rendered":"https:\/\/agromt.news\/?p=19103"},"modified":"2025-08-24T16:27:14","modified_gmt":"2025-08-24T20:27:14","slug":"precos-internacionais-apertam-milho-brasileiro","status":"publish","type":"post","link":"https:\/\/agromt.news\/?p=19103","title":{"rendered":"Pre\u00e7os internacionais apertam milho brasileiro"},"content":{"rendered":"<p> <br \/>\n<\/p>\n<div>\n<div class=\"row\">\n<div class=\"col-lg col-infos mt-0 mt-lg-0\">\n<div class=\"section-sub-title\">\n<p itemprop=\"description\">&#13;<br \/>\n                                Internamente, os agricultores enfrentam juros elevados&#13;\n                            <\/p>\n<\/p><\/div>\n<div class=\"container\">\n<div class=\"row\">\n<div class=\"col-lg p-0\">\n<div>\n<div class=\"block-news-main-infos mt-3 text-start\">\n<p>                                            <strong class=\"fn\" itemprop=\"author\" style=\"color: rgb(112, 112, 112); \">&#13;<br \/>\n                                                <a href=\"https:\/\/www.agrolink.com.br\/noticias\/javascript:;\" class=\"text-uppercase\" target=\"_blank\" style=\"color: rgb(112, 112, 112); \" rel=\"noopener\">Agrolink<\/a>&#13;<br \/>\n&#13;<br \/>\n                                                    &#8211; Leonardo Gottems&#13;<br \/>\n&#13;<br \/>\n                                            <\/strong><br \/>\n                                        <\/p>\n<p>                                            <abbr><time datetime=\"2025-08-23T09:09\" itemprop=\"datePublished dateModified\">Publicado em 23\/08\/2025 \u00e0s 09:09h.<\/time><\/abbr><br \/>\n                                            <\/p><\/div>\n<\/p><\/div>\n<\/p><\/div>\n<div class=\"col-lg p-0 text-lg-end\">\n<div>\n<div id=\"mdEnviarPagina\" class=\"modal fade\" role=\"dialog\">\n<div class=\"modal-dialog\">\n<div class=\"modal-content\">\n<div class=\"modal-body\">\n<p><strong>Estimado usu\u00e1rio.<\/strong><br \/>Preencha o formul\u00e1rio abaixo para remeter a p\u00e1gina.<\/p>\n<\/p><\/div>\n<\/p><\/div>\n<\/p><\/div>\n<\/div><\/div>\n<\/p><\/div>\n<\/p><\/div>\n<\/p><\/div>\n<\/p><\/div>\n<\/p><\/div>\n<div class=\"row justify-content-md-center mt-3\">\n<div class=\"col-lg-auto col-image block-news-main-image\">\n<p>                                <img decoding=\"async\" src=\"https:\/\/www.agrolink.com.br\/upload\/imagens-resizes\/093f50106b484abf8acb9b3ae35dccf9_858x483.jpg\" class=\"lazyload img-fluid\" alt=\"Internamente, os agricultores enfrentam juros elevados\"\/><br \/>\n                                                <span class=\"d-block mt-1\">Internamente, os agricultores enfrentam juros elevados &#8211; Foto: Canva<\/span><\/p><\/div>\n<\/p><\/div>\n<div class=\"section-description section-description-noticias mt-3\">\n<p>O cen\u00e1rio global do <a href=\"https:\/\/www.agrolink.com.br\/culturas\/milho?utm_source=agrolink-detalhe-noticia&amp;utm_medium=detalhe-noticia&amp;utm_campaign=links-internos&#9;\" target=\"_blank\" rel=\"noopener\">milho<\/a> segue desafiador, com super safra nos Estados Unidos e estoques elevados pressionando os pre\u00e7os internacionais. Dados recentes do USDA indicam produtividade m\u00e9dia de 188,8 bushels por acre e colheita total de 425,3 milh\u00f5es de toneladas, com estoques finais americanos estimados em 53,8 milh\u00f5es de toneladas. Para o consultor da C\u00e9leres, Enilson Nogueira, o contexto sugere que os pre\u00e7os devem permanecer apertados, exigindo aten\u00e7\u00e3o dos produtores para a gera\u00e7\u00e3o de margem nos pr\u00f3ximos ciclos.&#13;\n<\/p>\n<p>Internamente, os agricultores enfrentam juros elevados, que tornam o cr\u00e9dito mais caro, e a necessidade de monitorar o c\u00e2mbio, atualmente na faixa de R$ 5,40 a R$ 5,50 por d\u00f3lar, que ainda garante competitividade, mas pode afetar margens caso haja valoriza\u00e7\u00e3o. \u201cEste cen\u00e1rio refor\u00e7a ainda mais o desafio para 2026, que deve ser mais um ano em que o produtor precisar\u00e1 olhar com muita aten\u00e7\u00e3o para o elemento da gera\u00e7\u00e3o de margem\u201d, destaca.<\/p>\n<p>A estrat\u00e9gia apontada por Nogueira \u00e9 focar em efici\u00eancia operacional e produtiva, produzindo mais com menos, al\u00e9m de adotar gest\u00e3o assertiva de insumos e comercializa\u00e7\u00e3o. Planejamento financeiro e uso de tecnologias agr\u00edcolas s\u00e3o considerados essenciais para manter a rentabilidade diante de margens estreitas.&#13;\n<\/p>\n<p>A orienta\u00e7\u00e3o para o pr\u00f3ximo ciclo \u00e9 clara: produtores que conseguirem unir tecnologia, efici\u00eancia e bom planejamento estar\u00e3o melhor posicionados para enfrentar a press\u00e3o de custos e pre\u00e7os internacionais. \u201cIsso ser\u00e1 um diferencial para atravessar esse per\u00edodo de margens extremamente apertadas\u201d, conclui.<br \/>&#13;<br \/>\n\u00a0<\/p>\n<\/p><\/div>\n<\/p><\/div>\n<p><script data-cfasync=\"false\">\n    !function (f, b, e, v, n, t, s) {\n        if (f.fbq) return; n = f.fbq = function () {\n            n.callMethod ?\n                n.callMethod.apply(n, arguments) : n.queue.push(arguments)\n        };\n        if (!f._fbq) f._fbq = n; n.push = n; n.loaded = !0; n.version = '2.0';\n        n.queue = []; t = b.createElement(e); t.async = !0;\n        t.src = v; s = b.getElementsByTagName(e)[0];\n        s.parentNode.insertBefore(t, s)\n    }(window, document, 'script',\n        'https:\/\/connect.facebook.net\/en_US\/fbevents.js');\n    fbq('init', '522546078623747');\n    fbq('track', 'PageView');\n<\/script><br \/>\n<br \/><br \/>\n<br \/><a href=\"https:\/\/www.agrolink.com.br\/noticias\/precos-internacionais-apertam-milho-brasileiro_505237.html\">Source link <\/a><\/p>\n","protected":false},"excerpt":{"rendered":"<p>&#13; Internamente, os agricultores enfrentam juros elevados&#13; &#13; Agrolink&#13; &#13; &#8211; Leonardo Gottems&#13; &#13; Publicado em 23\/08\/2025 \u00e0s 09:09h. Estimado<\/p>\n","protected":false},"author":1,"featured_media":4473,"comment_status":"open","ping_status":"open","sticky":false,"template":"","format":"standard","meta":{"_monsterinsights_skip_tracking":false,"_monsterinsights_sitenote_active":false,"_monsterinsights_sitenote_note":"","_monsterinsights_sitenote_category":0,"_uf_show_specific_survey":0,"_uf_disable_surveys":false,"footnotes":""},"categories":[8,1,14],"tags":[],"class_list":["post-19103","post","type-post","status-publish","format-standard","has-post-thumbnail","hentry","category-agro","category-news","category-politica-agro"],"_links":{"self":[{"href":"https:\/\/agromt.news\/index.php?rest_route=\/wp\/v2\/posts\/19103"}],"collection":[{"href":"https:\/\/agromt.news\/index.php?rest_route=\/wp\/v2\/posts"}],"about":[{"href":"https:\/\/agromt.news\/index.php?rest_route=\/wp\/v2\/types\/post"}],"author":[{"embeddable":true,"href":"https:\/\/agromt.news\/index.php?rest_route=\/wp\/v2\/users\/1"}],"replies":[{"embeddable":true,"href":"https:\/\/agromt.news\/index.php?rest_route=%2Fwp%2Fv2%2Fcomments&post=19103"}],"version-history":[{"count":0,"href":"https:\/\/agromt.news\/index.php?rest_route=\/wp\/v2\/posts\/19103\/revisions"}],"wp:featuredmedia":[{"embeddable":true,"href":"https:\/\/agromt.news\/index.php?rest_route=\/wp\/v2\/media\/4473"}],"wp:attachment":[{"href":"https:\/\/agromt.news\/index.php?rest_route=%2Fwp%2Fv2%2Fmedia&parent=19103"}],"wp:term":[{"taxonomy":"category","embeddable":true,"href":"https:\/\/agromt.news\/index.php?rest_route=%2Fwp%2Fv2%2Fcategories&post=19103"},{"taxonomy":"post_tag","embeddable":true,"href":"https:\/\/agromt.news\/index.php?rest_route=%2Fwp%2Fv2%2Ftags&post=19103"}],"curies":[{"name":"wp","href":"https:\/\/api.w.org\/{rel}","templated":true}]}}