{"id":19100,"date":"2025-08-24T15:53:18","date_gmt":"2025-08-24T19:53:18","guid":{"rendered":"https:\/\/agromt.news\/?p=19100"},"modified":"2025-08-24T15:53:18","modified_gmt":"2025-08-24T19:53:18","slug":"alckmin-aposta-em-ampliar-parceria-agroindustrial-com-o-mexico","status":"publish","type":"post","link":"https:\/\/agromt.news\/?p=19100","title":{"rendered":"Alckmin aposta em ampliar parceria agroindustrial com o M\u00e9xico"},"content":{"rendered":"<p> <br \/>\n<br \/><img decoding=\"async\" src=\"https:\/\/agromt.news\/wp-content\/uploads\/2025\/03\/Geraldo-Alckmin-participa-do-lancamento-do-projeto-Memorias-do-Brasil.webp.webp\" \/><\/p>\n<div>\n<p>O vice-presidente da Rep\u00fablica e ministro do Desenvolvimento, Ind\u00fastria, Com\u00e9rcio e Servi\u00e7os, Geraldo Alckmin, destacou, neste s\u00e1bado (23,) que a sua viagem ao M\u00e9xico, na pr\u00f3xima semana, ter\u00e1 como foco setores estrat\u00e9gicos como biocombust\u00edveis, energia, combust\u00edvel sustent\u00e1vel de avia\u00e7\u00e3o (SAF), agroind\u00fastria, sa\u00fade e a facilita\u00e7\u00e3o de vistos.<\/p>\n<p>\u201cEstou indo ter\u00e7a-feira para o M\u00e9xico. N\u00f3s temos uma corrente de com\u00e9rcio significativa: no ano passado, exportamos R$ 7,8 bilh\u00f5es para eles, e eles exportaram R$ 5,8 bilh\u00f5es para n\u00f3s. Podemos fazer crescer essa corrente de com\u00e9rcio\u201d, afirmou o vice-presidente, em entrevista coletiva durante visita \u00e0 concession\u00e1ria Brasilwagen, em S\u00e3o Paulo.<\/p>\n<\/div>\n<div>\n<p>Segundo Alckmin, a implementa\u00e7\u00e3o de um visto eletr\u00f4nico para cidad\u00e3os dos dois pa\u00edses tamb\u00e9m est\u00e1 na pauta. \u201cPara mexicanos entrarem no Brasil, poder\u00e3o obter visto eletr\u00f4nico, e n\u00f3s tamb\u00e9m l\u00e1. Enfim, fortalecer a corrente de com\u00e9rcio, que gera emprego e renda\u201d, disse.<\/p>\n<\/p><\/div>\n<p><br \/>\n<br \/><a href=\"https:\/\/www.canalrural.com.br\/agricultura\/alckmin-aposta-em-ampliar-comercio-com-mexico-agenda-inclui-biocombustiveis-e-visto-eletronico\/\">Source link <\/a><\/p>\n","protected":false},"excerpt":{"rendered":"<p>O vice-presidente da Rep\u00fablica e ministro do Desenvolvimento, Ind\u00fastria, Com\u00e9rcio e Servi\u00e7os, Geraldo Alckmin, destacou, neste s\u00e1bado (23,) que a<\/p>\n","protected":false},"author":1,"featured_media":11462,"comment_status":"open","ping_status":"open","sticky":false,"template":"","format":"standard","meta":{"_monsterinsights_skip_tracking":false,"_monsterinsights_sitenote_active":false,"_monsterinsights_sitenote_note":"","_monsterinsights_sitenote_category":0,"_uf_show_specific_survey":0,"_uf_disable_surveys":false,"footnotes":""},"categories":[1],"tags":[],"class_list":["post-19100","post","type-post","status-publish","format-standard","has-post-thumbnail","hentry","category-news"],"_links":{"self":[{"href":"https:\/\/agromt.news\/index.php?rest_route=\/wp\/v2\/posts\/19100"}],"collection":[{"href":"https:\/\/agromt.news\/index.php?rest_route=\/wp\/v2\/posts"}],"about":[{"href":"https:\/\/agromt.news\/index.php?rest_route=\/wp\/v2\/types\/post"}],"author":[{"embeddable":true,"href":"https:\/\/agromt.news\/index.php?rest_route=\/wp\/v2\/users\/1"}],"replies":[{"embeddable":true,"href":"https:\/\/agromt.news\/index.php?rest_route=%2Fwp%2Fv2%2Fcomments&post=19100"}],"version-history":[{"count":0,"href":"https:\/\/agromt.news\/index.php?rest_route=\/wp\/v2\/posts\/19100\/revisions"}],"wp:featuredmedia":[{"embeddable":true,"href":"https:\/\/agromt.news\/index.php?rest_route=\/wp\/v2\/media\/11462"}],"wp:attachment":[{"href":"https:\/\/agromt.news\/index.php?rest_route=%2Fwp%2Fv2%2Fmedia&parent=19100"}],"wp:term":[{"taxonomy":"category","embeddable":true,"href":"https:\/\/agromt.news\/index.php?rest_route=%2Fwp%2Fv2%2Fcategories&post=19100"},{"taxonomy":"post_tag","embeddable":true,"href":"https:\/\/agromt.news\/index.php?rest_route=%2Fwp%2Fv2%2Ftags&post=19100"}],"curies":[{"name":"wp","href":"https:\/\/api.w.org\/{rel}","templated":true}]}}