{"id":19092,"date":"2025-08-24T12:07:37","date_gmt":"2025-08-24T16:07:37","guid":{"rendered":"https:\/\/agromt.news\/?p=19092"},"modified":"2025-08-24T12:07:37","modified_gmt":"2025-08-24T16:07:37","slug":"instabilidade-global-ameaca-o-produtor-brasileiro","status":"publish","type":"post","link":"https:\/\/agromt.news\/?p=19092","title":{"rendered":"instabilidade global amea\u00e7a o produtor brasileiro"},"content":{"rendered":"<p> <br \/>\n<\/p>\n<div>\n<p>A queda recente nos pre\u00e7os das commodities agr\u00edcolas reflete muito mais do que oscila\u00e7\u00f5es naturais do mercado: \u00e9 resultado direto da instabilidade econ\u00f4mica e financeira internacional, alimentada por pol\u00edticas desprovidas de coer\u00eancia econ\u00f4mica nos Estados Unidos. <\/p>\n<p>Na tentativa de reafirmar sua supremacia global, o governo norte-americano adota medidas que lembram uma estrat\u00e9gia de \u201cterra arrasada\u201d, em que o poder vale mais do que a racionalidade.<\/p>\n<p>Historicamente, per\u00edodos de incerteza geram forte volatilidade: investidores migram para ativos de menor risco, como o ouro e os t\u00edtulos p\u00fablicos, e o pre\u00e7o das commodities, dependente da liquidez global, sofre corre\u00e7\u00f5es severas.<\/p>\n<p>No Brasil, o impacto \u00e9 imediato e doloroso. Produtores que arrendaram terras em \u00e9pocas de pre\u00e7os recordes agora enfrentam custos fixos elevados, insumos dolarizados e uma taxa de juros de 15% que encarece ainda mais o <strong><a href=\"https:\/\/www.canalrural.com.br\/tag\/credito-rural\/\">cr\u00e9dito rural<\/a><\/strong>. O resultado \u00e9 um aperto financeiro que amea\u00e7a transformar opera\u00e7\u00f5es antes lucrativas em preju\u00edzo.<\/p>\n<p>O risco maior recai sobre produtores arrendat\u00e1rios, que comprometeram margens futuras com contratos firmados nos tempos de bonan\u00e7a. Com a soja, o milho e outras culturas em queda, muitos j\u00e1 veem a pr\u00f3xima safra com apreens\u00e3o: menos receita, mais d\u00edvida e custos crescentes.<\/p>\n<\/div>\n<div>\n<p>A met\u00e1fora do sapo na \u00e1gua morna ilustra bem a situa\u00e7\u00e3o: se n\u00e3o perceber o aquecimento gradual da crise, o produtor corre o risco de ser \u201ccozido\u201d sem rea\u00e7\u00e3o. \u00c9 urgente reconhecer os canais de transmiss\u00e3o dessa turbul\u00eancia global e agir antes que seja tarde.<\/p>\n<p>Entre as medidas necess\u00e1rias est\u00e3o a renegocia\u00e7\u00e3o de arrendamentos, maior uso de instrumentos de hedge para prote\u00e7\u00e3o de margens, diversifica\u00e7\u00e3o produtiva com agrega\u00e7\u00e3o de valor e press\u00e3o por pol\u00edticas antic\u00edclicas que aliviam o estrangulamento do setor.<\/p>\n<p>A hist\u00f3ria mostra que crises globais sempre desafiaram os pre\u00e7os das commodities. O que definir\u00e1 o futuro do agro brasileiro \u00e9 a capacidade de reagir com intelig\u00eancia e estrat\u00e9gia, n\u00e3o com a passividade de quem espera a \u00e1gua ferver.<\/p>\n<div class=\"wp-block-media-text is-stacked-on-mobile\">\n<figure class=\"wp-block-media-text__media\"><img fetchpriority=\"high\" decoding=\"async\" width=\"683\" height=\"1024\" src=\"https:\/\/agromt.news\/wp-content\/uploads\/2025\/04\/Como-guerras-e-crises-moldaram-o-preco-das-commodities-nos.jpg\" alt=\"Miguel Daoud\" class=\"wp-image-4095706 size-full\"  \/><\/figure>\n<div class=\"wp-block-media-text__content\">\n<p class=\"has-text-align-center\">*<em><strong>Miguel Daoud<\/strong>\u00a0\u00e9 comentarista de Economia e Pol\u00edtica\u00a0do Canal Rural<\/em><\/p>\n<\/div>\n<\/div>\n<hr class=\"wp-block-separator has-alpha-channel-opacity\"\/>\n<p><em>O\u00a0<strong>Canal Rural<\/strong>\u00a0n\u00e3o se responsabiliza pelas opini\u00f5es e conceitos emitidos nos textos desta sess\u00e3o, sendo os conte\u00fados de inteira responsabilidade de seus autores. A empresa se reserva o direito de fazer ajustes no texto para adequa\u00e7\u00e3o \u00e0s normas de publica\u00e7\u00e3o.<\/em><\/p>\n<\/p><\/div>\n<p><br \/>\n<br \/><a href=\"https:\/\/www.canalrural.com.br\/opiniao-noticias\/commodities-em-queda-instabilidade-global-ameaca-o-produtor-brasileiro\/\">Source link <\/a><\/p>\n","protected":false},"excerpt":{"rendered":"<p>A queda recente nos pre\u00e7os das commodities agr\u00edcolas reflete muito mais do que oscila\u00e7\u00f5es naturais do mercado: \u00e9 resultado direto<\/p>\n","protected":false},"author":1,"featured_media":1713,"comment_status":"open","ping_status":"open","sticky":false,"template":"","format":"standard","meta":{"_monsterinsights_skip_tracking":false,"_monsterinsights_sitenote_active":false,"_monsterinsights_sitenote_note":"","_monsterinsights_sitenote_category":0,"_uf_show_specific_survey":0,"_uf_disable_surveys":false,"footnotes":""},"categories":[1],"tags":[],"class_list":["post-19092","post","type-post","status-publish","format-standard","has-post-thumbnail","hentry","category-news"],"_links":{"self":[{"href":"https:\/\/agromt.news\/index.php?rest_route=\/wp\/v2\/posts\/19092"}],"collection":[{"href":"https:\/\/agromt.news\/index.php?rest_route=\/wp\/v2\/posts"}],"about":[{"href":"https:\/\/agromt.news\/index.php?rest_route=\/wp\/v2\/types\/post"}],"author":[{"embeddable":true,"href":"https:\/\/agromt.news\/index.php?rest_route=\/wp\/v2\/users\/1"}],"replies":[{"embeddable":true,"href":"https:\/\/agromt.news\/index.php?rest_route=%2Fwp%2Fv2%2Fcomments&post=19092"}],"version-history":[{"count":0,"href":"https:\/\/agromt.news\/index.php?rest_route=\/wp\/v2\/posts\/19092\/revisions"}],"wp:featuredmedia":[{"embeddable":true,"href":"https:\/\/agromt.news\/index.php?rest_route=\/wp\/v2\/media\/1713"}],"wp:attachment":[{"href":"https:\/\/agromt.news\/index.php?rest_route=%2Fwp%2Fv2%2Fmedia&parent=19092"}],"wp:term":[{"taxonomy":"category","embeddable":true,"href":"https:\/\/agromt.news\/index.php?rest_route=%2Fwp%2Fv2%2Fcategories&post=19092"},{"taxonomy":"post_tag","embeddable":true,"href":"https:\/\/agromt.news\/index.php?rest_route=%2Fwp%2Fv2%2Ftags&post=19092"}],"curies":[{"name":"wp","href":"https:\/\/api.w.org\/{rel}","templated":true}]}}