{"id":19090,"date":"2025-08-24T10:54:05","date_gmt":"2025-08-24T14:54:05","guid":{"rendered":"https:\/\/agromt.news\/?p=19090"},"modified":"2025-08-24T10:54:05","modified_gmt":"2025-08-24T14:54:05","slug":"camara-setorial-apoiara-produtores-de-citros","status":"publish","type":"post","link":"https:\/\/agromt.news\/?p=19090","title":{"rendered":"C\u00e2mara Setorial apoiar\u00e1 produtores de citros"},"content":{"rendered":"<p> <br \/>\n<br \/><img decoding=\"async\" src=\"https:\/\/agromt.news\/wp-content\/uploads\/2025\/02\/Aumento-da-produtividade-de-citros-e-milho-sera-destaque-em.jpg\" \/><\/p>\n<div>\n<p>Os produtores de citros da Bahia poder\u00e3o contar com mais um espa\u00e7o de apoio ao setor. Isso porque a Secretaria da Agricultura, Pecu\u00e1ria, Irriga\u00e7\u00e3o, Pesca e Aquicultura da Bahia (Seagri), em parceria com a Prefeitura de Rio Real, anunciou nesta quinta-feira (21) a reativa\u00e7\u00e3o das atividades da C\u00e2mara Setorial da Citricultura.<\/p>\n<p>O evento reuniu mais de 150 representantes da cadeia produtiva de frutas c\u00edtricas de 20 munic\u00edpios, e na ocasi\u00e3o, foram definidas as primeiras a\u00e7\u00f5es para a reestrutura\u00e7\u00e3o da C\u00e2mara. Entre elas est\u00e1 o cadastramento de institui\u00e7\u00f5es representativas do setor citr\u00edcola, a indica\u00e7\u00e3o de membros titulares e suplentes e a defini\u00e7\u00e3o de um cronograma de reuni\u00f5es.<\/p>\n<p>A iniciativa chega em um momento em que os produtores da regi\u00e3o enfrentam altos custos de produ\u00e7\u00e3o, oscila\u00e7\u00e3o de pre\u00e7os e problemas de log\u00edstica.\u00a0<\/p>\n<h3 class=\"wp-block-heading\" id=\"h-escoamento-de-producao-travado\">Escoamento de produ\u00e7\u00e3o travado<\/h3>\n<p>O presidente do Sindicato dos Produtores Rurais de Rio Real, Fernando Braz, destacou que a reativa\u00e7\u00e3o acontece em um momento decisivo. \u201cA C\u00e2mara Setorial devolve representatividade ao setor e nos d\u00e1 ferramentas para transformar desafios em oportunidades\u201d, diz.<\/p>\n<p>No come\u00e7o de agosto, o Canal Rural trouxe uma <a href=\"https:\/\/www.youtube.com\/watch?v=E32fOuc-7EM\">reportagem<\/a> produzida pelo jornalista Vinicius Ramos, que mostrava o cen\u00e1rio de crise dos produtores no escoamento da produ\u00e7\u00e3o de laranjas na regi\u00e3o conhecida como Sealba, que abriga os estados de Sergipe, Alagoas e Bahia. Um dos relatos dessas dificuldades veio do Luan Roger, citricultor no munic\u00edpio de Rio Real.\u00a0<\/p>\n<\/div>\n<div>\n<p>Segundo ele, os pomares enfrentam um problema de descompasso na produ\u00e7\u00e3o, o que leva os frutos a atingirem diferentes est\u00e1gios de matura\u00e7\u00e3o ao mesmo tempo. \u201cA flora\u00e7\u00e3o, a carga\u2026 se torna muito complicado. Voc\u00ea luta para ter uma produ\u00e7\u00e3o de laranja toda igual, mas acaba ficando madura, verdosa e j\u00e1 vem outra flora\u00e7\u00e3o em cima. Como segurar essa, sendo que o fruto anterior j\u00e1 deveria ter sido colhido?\u201d, questionou.<\/p>\n<h3 class=\"wp-block-heading\" id=\"h-precos-que-nao-compensam\">Pre\u00e7os que n\u00e3o compensam<\/h3>\n<p>Em Est\u00e2ncia, Sergipe,\u00a0parte das laranjas foram descartadas por n\u00e3o atenderem aos padr\u00f5es exigidos pelo mercado de sucos. Al\u00e9m disso, caminh\u00f5es carregados se acumulavam nas ind\u00fastrias. O citricultor Reginaldo Corsino relatou um cen\u00e1rio de pre\u00e7os que n\u00e3o compensam aos produtores.<\/p>\n<p>\u201cHoje n\u00f3s estamos com a demanda de laranja na planta, porque n\u00e3o temos pre\u00e7o. O valor pago pela ind\u00fastria \u00e9 de R$ 270 por tonelada, n\u00e3o compensa. J\u00e1 a laranja de mesa gira em torno de R$ 500, mas s\u00f3 para produzir gastamos entre R$ 350 e R$ 400 por tonelada. A planta est\u00e1 sofrendo com a carga, j\u00e1 vem outra flora\u00e7\u00e3o, e n\u00f3s citricultores estamos perdendo muito devido ao pre\u00e7o\u201d, explicou.<\/p>\n<h3 class=\"wp-block-heading\" id=\"h-papel-das-camaras\">Papel das C\u00e2maras<\/h3>\n<p>Criadas pelo governo da <a href=\"https:\/\/www.canalrural.com.br\/nacional\/bahia\/\">Bahia<\/a> em 2023, as C\u00e2maras Setoriais Agropecu\u00e1rias s\u00e3o \u00f3rg\u00e3os consultivos que re\u00fanem representantes do poder p\u00fablico e da cadeia produtiva, com a miss\u00e3o de propor pol\u00edticas e a\u00e7\u00f5es para fortalecer as principais atividades do estado.<\/p>\n<p>Na avalia\u00e7\u00e3o do secret\u00e1rio estadual da Agricultura, Pablo Barrozo, a reativa\u00e7\u00e3o da C\u00e2mara Setorial da Citricultura representa um marco para a citricultura baiana. \u201cQueremos construir pontes entre os produtores e as pol\u00edticas p\u00fablicas, transformando assim o setor em uma vertente capaz de se desenvolver e gerar emprego e renda\u201d, afirma.<\/p>\n<\/p><\/div>\n<p><br \/>\n<br \/><a href=\"https:\/\/www.canalrural.com.br\/agricultura\/logistica-e-precos-baixos-camara-setorial-apoiara-produtores\/\">Source link <\/a><\/p>\n","protected":false},"excerpt":{"rendered":"<p>Os produtores de citros da Bahia poder\u00e3o contar com mais um espa\u00e7o de apoio ao setor. Isso porque a Secretaria<\/p>\n","protected":false},"author":1,"featured_media":10271,"comment_status":"open","ping_status":"open","sticky":false,"template":"","format":"standard","meta":{"_monsterinsights_skip_tracking":false,"_monsterinsights_sitenote_active":false,"_monsterinsights_sitenote_note":"","_monsterinsights_sitenote_category":0,"_uf_show_specific_survey":0,"_uf_disable_surveys":false,"footnotes":""},"categories":[1],"tags":[],"class_list":["post-19090","post","type-post","status-publish","format-standard","has-post-thumbnail","hentry","category-news"],"_links":{"self":[{"href":"https:\/\/agromt.news\/index.php?rest_route=\/wp\/v2\/posts\/19090"}],"collection":[{"href":"https:\/\/agromt.news\/index.php?rest_route=\/wp\/v2\/posts"}],"about":[{"href":"https:\/\/agromt.news\/index.php?rest_route=\/wp\/v2\/types\/post"}],"author":[{"embeddable":true,"href":"https:\/\/agromt.news\/index.php?rest_route=\/wp\/v2\/users\/1"}],"replies":[{"embeddable":true,"href":"https:\/\/agromt.news\/index.php?rest_route=%2Fwp%2Fv2%2Fcomments&post=19090"}],"version-history":[{"count":0,"href":"https:\/\/agromt.news\/index.php?rest_route=\/wp\/v2\/posts\/19090\/revisions"}],"wp:featuredmedia":[{"embeddable":true,"href":"https:\/\/agromt.news\/index.php?rest_route=\/wp\/v2\/media\/10271"}],"wp:attachment":[{"href":"https:\/\/agromt.news\/index.php?rest_route=%2Fwp%2Fv2%2Fmedia&parent=19090"}],"wp:term":[{"taxonomy":"category","embeddable":true,"href":"https:\/\/agromt.news\/index.php?rest_route=%2Fwp%2Fv2%2Fcategories&post=19090"},{"taxonomy":"post_tag","embeddable":true,"href":"https:\/\/agromt.news\/index.php?rest_route=%2Fwp%2Fv2%2Ftags&post=19090"}],"curies":[{"name":"wp","href":"https:\/\/api.w.org\/{rel}","templated":true}]}}