{"id":19089,"date":"2025-08-24T10:37:09","date_gmt":"2025-08-24T14:37:09","guid":{"rendered":"https:\/\/agromt.news\/?p=19089"},"modified":"2025-08-24T10:37:09","modified_gmt":"2025-08-24T14:37:09","slug":"safra-recorde-e-tecnologia-impulsionam-o-agro","status":"publish","type":"post","link":"https:\/\/agromt.news\/?p=19089","title":{"rendered":"Safra recorde e tecnologia impulsionam o agro"},"content":{"rendered":"<p> <br \/>\n<\/p>\n<div>\n<div class=\"row\">\n<div class=\"col-lg col-infos mt-0 mt-lg-0\">\n<div class=\"section-sub-title\">\n<p itemprop=\"description\">&#13;<br \/>\n                                A tecnologia tem sido adotada por m\u00e9dios produtores de soja e milho&#13;\n                            <\/p>\n<\/p><\/div>\n<div class=\"container\">\n<div class=\"row\">\n<div class=\"col-lg p-0\">\n<div>\n<div class=\"block-news-main-infos mt-3 text-start\">\n<p>                                            <strong class=\"fn\" itemprop=\"author\" style=\"color: rgb(112, 112, 112); \">&#13;<br \/>\n                                                <a href=\"https:\/\/www.agrolink.com.br\/noticias\/javascript:;\" class=\"text-uppercase\" target=\"_blank\" style=\"color: rgb(112, 112, 112); \" rel=\"noopener\">Agrolink<\/a>&#13;<br \/>\n&#13;<br \/>\n                                                    &#8211; Leonardo Gottems&#13;<br \/>\n&#13;<br \/>\n                                            <\/strong><br \/>\n                                        <\/p>\n<p>                                            <abbr><time datetime=\"2025-08-23T10:27\" itemprop=\"datePublished dateModified\">Publicado em 23\/08\/2025 \u00e0s 10:27h.<\/time><\/abbr><br \/>\n                                            <\/p><\/div>\n<\/p><\/div>\n<\/p><\/div>\n<div class=\"col-lg p-0 text-lg-end\">\n<div>\n<div id=\"mdEnviarPagina\" class=\"modal fade\" role=\"dialog\">\n<div class=\"modal-dialog\">\n<div class=\"modal-content\">\n<div class=\"modal-body\">\n<p><strong>Estimado usu\u00e1rio.<\/strong><br \/>Preencha o formul\u00e1rio abaixo para remeter a p\u00e1gina.<\/p>\n<\/p><\/div>\n<\/p><\/div>\n<\/p><\/div>\n<\/div><\/div>\n<\/p><\/div>\n<\/p><\/div>\n<\/p><\/div>\n<\/p><\/div>\n<\/p><\/div>\n<div class=\"row justify-content-md-center mt-3\">\n<div class=\"col-lg-auto col-image block-news-main-image\">\n<p>                                <img decoding=\"async\" src=\"https:\/\/www.agrolink.com.br\/upload\/imagens-resizes\/79785b2881114d29872b7d3cca1e3456_858x483.jpg\" class=\"lazyload img-fluid\" alt=\"A tecnologia tem sido adotada por m\u00e9dios produtores de soja e milho\"\/><br \/>\n                                                <span class=\"d-block mt-1\">A tecnologia tem sido adotada por m\u00e9dios produtores de soja e milho &#8211; Foto: Canva<\/span><\/p><\/div>\n<\/p><\/div>\n<div class=\"section-description section-description-noticias mt-3\">\n<p>O agroneg\u00f3cio brasileiro se aproxima de uma colheita hist\u00f3rica. A Conab projeta uma produ\u00e7\u00e3o de 345,2 milh\u00f5es de toneladas de gr\u00e3os em 2024\/25, superando em mais de 24 milh\u00f5es de toneladas o recorde anterior de 2022\/23. O avan\u00e7o n\u00e3o se deve apenas \u00e0 expans\u00e3o da \u00e1rea plantada, mas tamb\u00e9m ao uso crescente de tecnologias digitais e ferramentas de an\u00e1lise de qualidade, que tiveram crescimento de 23% no primeiro semestre de 2025, segundo a Pensalab.&#13;\n<\/p>\n<p>A tecnologia tem sido adotada por m\u00e9dios produtores de soja e milho, que utilizam equipamentos NIR de bancada para analisar rapidamente umidade e prote\u00edna dos gr\u00e3os. Essa pr\u00e1tica melhora a negocia\u00e7\u00e3o com cooperativas e tradings, otimiza o momento da colheita e evita perdas financeiras, antes restrita apenas a grandes grupos.<\/p>\n<p>\u201cA pr\u00e1tica evita descontos na comercializa\u00e7\u00e3o, otimiza o momento da colheita e melhora a negocia\u00e7\u00e3o com tradings e cooperativas. Esse movimento mostra que a an\u00e1lise deixou de ser exclusividade de grandes estruturas e passou a fazer parte da rotina produtiva tamb\u00e9m dos m\u00e9dios produtores\u201d, comenta o gerente de aplica\u00e7\u00e3o e produtos da Pensalab, Rafael Cares.&#13;\n<\/p>\n<p>Inova\u00e7\u00f5es em automa\u00e7\u00e3o, intelig\u00eancia artificial e portabilidade est\u00e3o transformando a instrumenta\u00e7\u00e3o anal\u00edtica. Equipamentos NIR com calibra\u00e7\u00f5es inteligentes e ICP-OES de alta sensibilidade permitem an\u00e1lises r\u00e1pidas e precisas de diferentes cultivares, tornando a agricultura de precis\u00e3o acess\u00edvel a produtores menores.<\/p>\n<p>\u201cO acesso a tecnologias como o NIR port\u00e1til ou de bancada, por exemplo, j\u00e1 permite ao produtor avaliar a qualidade dos gr\u00e3os na pr\u00f3pria fazenda, sem esperar a an\u00e1lise do armaz\u00e9m ou da cooperativa. Isso antecipa decis\u00f5es de colheita e reduz perdas. Al\u00e9m disso, a maior disponibilidade de laborat\u00f3rios regionais equipados com ICP-OES, que atendem pequenos produtores com an\u00e1lise de solo e fertilizantes, democratiza o acesso \u00e0 agricultura de precis\u00e3o. A tend\u00eancia \u00e9 que esses instrumentos deixem de ser apoio t\u00e9cnico e passem a ser ferramentas estrat\u00e9gicas no dia a dia do campo\u201d, conclui<br \/>&#13;<br \/>\n\u00a0&#13;\n<\/p>\n<\/p><\/div>\n<\/p><\/div>\n<p><script data-cfasync=\"false\">\n    !function (f, b, e, v, n, t, s) {\n        if (f.fbq) return; n = f.fbq = function () {\n            n.callMethod ?\n                n.callMethod.apply(n, arguments) : n.queue.push(arguments)\n        };\n        if (!f._fbq) f._fbq = n; n.push = n; n.loaded = !0; n.version = '2.0';\n        n.queue = []; t = b.createElement(e); t.async = !0;\n        t.src = v; s = b.getElementsByTagName(e)[0];\n        s.parentNode.insertBefore(t, s)\n    }(window, document, 'script',\n        'https:\/\/connect.facebook.net\/en_US\/fbevents.js');\n    fbq('init', '522546078623747');\n    fbq('track', 'PageView');\n<\/script><br \/>\n<br \/><br \/>\n<br \/><a href=\"https:\/\/www.agrolink.com.br\/noticias\/safra-recorde-e-tecnologia-impulsionam-o-agro_505240.html\">Source link <\/a><\/p>\n","protected":false},"excerpt":{"rendered":"<p>&#13; A tecnologia tem sido adotada por m\u00e9dios produtores de soja e milho&#13; &#13; Agrolink&#13; &#13; &#8211; Leonardo Gottems&#13; &#13;<\/p>\n","protected":false},"author":1,"featured_media":4570,"comment_status":"open","ping_status":"open","sticky":false,"template":"","format":"standard","meta":{"_monsterinsights_skip_tracking":false,"_monsterinsights_sitenote_active":false,"_monsterinsights_sitenote_note":"","_monsterinsights_sitenote_category":0,"_uf_show_specific_survey":0,"_uf_disable_surveys":false,"footnotes":""},"categories":[8,1,14],"tags":[],"class_list":["post-19089","post","type-post","status-publish","format-standard","has-post-thumbnail","hentry","category-agro","category-news","category-politica-agro"],"_links":{"self":[{"href":"https:\/\/agromt.news\/index.php?rest_route=\/wp\/v2\/posts\/19089"}],"collection":[{"href":"https:\/\/agromt.news\/index.php?rest_route=\/wp\/v2\/posts"}],"about":[{"href":"https:\/\/agromt.news\/index.php?rest_route=\/wp\/v2\/types\/post"}],"author":[{"embeddable":true,"href":"https:\/\/agromt.news\/index.php?rest_route=\/wp\/v2\/users\/1"}],"replies":[{"embeddable":true,"href":"https:\/\/agromt.news\/index.php?rest_route=%2Fwp%2Fv2%2Fcomments&post=19089"}],"version-history":[{"count":0,"href":"https:\/\/agromt.news\/index.php?rest_route=\/wp\/v2\/posts\/19089\/revisions"}],"wp:featuredmedia":[{"embeddable":true,"href":"https:\/\/agromt.news\/index.php?rest_route=\/wp\/v2\/media\/4570"}],"wp:attachment":[{"href":"https:\/\/agromt.news\/index.php?rest_route=%2Fwp%2Fv2%2Fmedia&parent=19089"}],"wp:term":[{"taxonomy":"category","embeddable":true,"href":"https:\/\/agromt.news\/index.php?rest_route=%2Fwp%2Fv2%2Fcategories&post=19089"},{"taxonomy":"post_tag","embeddable":true,"href":"https:\/\/agromt.news\/index.php?rest_route=%2Fwp%2Fv2%2Ftags&post=19089"}],"curies":[{"name":"wp","href":"https:\/\/api.w.org\/{rel}","templated":true}]}}