{"id":19084,"date":"2025-08-24T07:45:22","date_gmt":"2025-08-24T11:45:22","guid":{"rendered":"https:\/\/agromt.news\/?p=19084"},"modified":"2025-08-24T07:45:22","modified_gmt":"2025-08-24T11:45:22","slug":"cafe-mais-caro-do-brasil-passa-pelo-processo-digestivo-de-ave","status":"publish","type":"post","link":"https:\/\/agromt.news\/?p=19084","title":{"rendered":"Caf\u00e9 mais caro do Brasil passa pelo processo digestivo de ave"},"content":{"rendered":"<p> <br \/>\n<\/p>\n<div>\n<p>O caf\u00e9 do jacu, considerado uma das iguarias mais raras e caras do Brasil, nasce de um processo inusitado: ele passa pelo trato digestivo do jacu, ave nativa da Mata Atl\u00e2ntica. O quilo do <a href=\"https:\/\/www.canalrural.com.br\/agricultura\/brasil-obtem-receita-recorde-nas-exportacoes-de-cafe-e-luta-contra-tarifaco\/\">caf\u00e9 <\/a> ex\u00f3tico custa em m\u00e9dia R$ 1.600. Apesar do valor elevado, o Brasil ocupa apenas a quarta posi\u00e7\u00e3o no consumo mundial da bebida.<\/p>\n<p>\u201cAtualmente, os maiores consumidores do caf\u00e9 s\u00e3o Jap\u00e3o, Fran\u00e7a, Inglaterra e Brasil\u201d, afirma Henrique Sloper, produtor rural e dono da <a href=\"https:\/\/www.cafecamocim.com.br\/\">Fazenda Camocim<\/a>, localizada nas montanhas do Esp\u00edrito Santo (ES), pr\u00f3ximo \u00e0 capital Vit\u00f3ria.<\/p>\n<p> Al\u00e9m de curioso, o local se tornou um importante<strong> <\/strong><a href=\"https:\/\/www.canalrural.com.br\/empreendedorismo\/rota-dos-pireneus-conecta-turismo-rural-e-producao-artesanal\/\">ponto tur\u00edstico <\/a>da regi\u00e3o serrana, atraindo visitantes interessados em conhecer de perto a produ\u00e7\u00e3o e experimentar o \u2018caf\u00e9 do jacu\u2019.<\/p>\n<p><strong>A ave se alimenta dos frutos mais maduros e elimina as sementes junto das fezes.<\/strong> Esse contato com o sistema digestivo provoca uma fermenta\u00e7\u00e3o natural que transforma o sabor do caf\u00e9, tornando-o suave, arom\u00e1tico e livre de amargor.<\/p>\n<ul class=\"wp-block-list\">\n<li>Participe do Porteira Aberta Empreender: envie perguntas, sugest\u00f5es e conte a sua hist\u00f3ria de empreendedorismo pelo<a href=\"https:\/\/api.whatsapp.com\/send?phone=5511932796720&amp;PorteiraAbertaEmpreender=SuaMensagem\"> WhatsApp<\/a><\/li>\n<\/ul>\n<figure class=\"wp-block-image size-large is-resized\"><img fetchpriority=\"high\" decoding=\"async\" width=\"1024\" height=\"674\" alt=\"Um homem com uma grande peneira jogando o caf\u00e9\" class=\"wp-image-4118242\" style=\"width:639px;height:auto\"  data-lazy- src=\"https:\/\/agromt.news\/wp-content\/uploads\/2025\/08\/Cafe-mais-caro-do-Brasil-passa-pelo-processo-digestivo-de.png\"\/><img decoding=\"async\" width=\"1024\" height=\"674\" src=\"https:\/\/agromt.news\/wp-content\/uploads\/2025\/08\/Cafe-mais-caro-do-Brasil-passa-pelo-processo-digestivo-de.png\" alt=\"Um homem com uma grande peneira jogando o caf\u00e9\" class=\"wp-image-4118242\" style=\"width:639px;height:auto\"  \/><figcaption class=\"wp-element-caption\">Produtor de caf\u00e9 na Fazenda Camocim no Esp\u00edrito Santo. Foto: Fabiana Bertinelli <\/figcaption><\/figure>\n<h2 class=\"wp-block-heading\" id=\"h-sabor-unico\">Sabor \u00fanico<\/h2>\n<p>\u201cEle consome n\u00e3o s\u00f3 caf\u00e9, todas as frutas e, tem tr\u00eas fun\u00e7\u00f5es fundamentais para n\u00f3s: \u00e9 alarme de colheita \u2013 onde ele est\u00e1 comendo o caf\u00e9 est\u00e1 maduro -, ele \u00e9 selecionador da fruta \u2013 ent\u00e3o, o caf\u00e9 que o jacu consome \u00e9 s\u00f3 caf\u00e9 bom -, e \u00e9 replantador de fruta na natureza\u201d, diz Sloper.<\/p>\n<p>Ap\u00f3s o jacu ingerir o caf\u00e9, o fruto \u00e9 digerido e o caro\u00e7o \u2013 o gr\u00e3o cru \u2013 \u00e9 expelido em um formato que lembra um <strong>p\u00e9-de-moleque natural<\/strong>, recolhido manualmente pelos produtores.<\/p>\n<p>\u201cO processo \u00e9 totalmente manual, porque dentro do res\u00edduo do p\u00e1ssaro voc\u00ea tem sementes de um monte de coisa. Ent\u00e3o, n\u00e3o d\u00e1 para pegar e processar como o caf\u00e9 convencional. Tem que separar manualmente, onde o caf\u00e9 vai para um lado e o res\u00edduo para outro\u201d, conta o produtor justificando o valor t\u00e3o alto do quilo do caf\u00e9 ex\u00f3tico. <\/p>\n<\/div>\n<div>\n<p>Como a ave prefere frutos no ponto de matura\u00e7\u00e3o, o resultado \u00e9 um lote naturalmente homog\u00eaneo e de alt\u00edssima qualidade. <\/p>\n<p>\u201cA parte interessante \u00e9 que ele consome 70% da cafe\u00edna. Ent\u00e3o, o caf\u00e9 do jacu \u00e9 um \u2018low coffee\u2019 \u2014 ou seja \u2014, com baixa cafe\u00edna\u201d, explica Sloper.<\/p>\n<h2 class=\"wp-block-heading\" id=\"h-tradicao-e-sustentabilidade\">Tradi\u00e7\u00e3o e sustentabilidade<\/h2>\n<p>A produ\u00e7\u00e3o \u00e9 limitada, j\u00e1 que depende do comportamento alimentar do jacu e da disponibilidade de frutos maduros. \u201cEu consigo produzir tr\u00eas toneladas por ano contra 230 toneladas de caf\u00e9 normal.\u201d<\/p>\n<p>Al\u00e9m do valor gastron\u00f4mico, o caf\u00e9 da ave carrega um impacto positivo para a preserva\u00e7\u00e3o ambiental. A cria\u00e7\u00e3o de \u00e1reas de cultivo que convivem com a fauna local estimula pr\u00e1ticas sustent\u00e1veis e protege a Mata Atl\u00e2ntica. <\/p>\n<p>Al\u00e9m disso, a produ\u00e7\u00e3o destaque-se por impulsionar o turismo rural e a <strong>conscientiza\u00e7\u00e3o sobre a import\u00e2ncia da biodiversidade.<\/strong><\/p>\n<p>\u201cPor que eu tenho o jacu aqui na Camocim? Porque aqui \u00e9 uma \u00e1rea de regenera\u00e7\u00e3o. Ent\u00e3o, aqui eu tenho uma agricultura regenerativa\u201d, explica o produtor rural. <\/p>\n<p>Mais do que um caf\u00e9, \u00e9<strong> um exemplo de como a intera\u00e7\u00e3o entre fauna e agricultura pode criar oportunidades \u00fanicas de neg\u00f3cio e, ao mesmo tempo, preservar a natureza. <\/strong><\/p>\n<h2 class=\"wp-block-heading\"><strong>Porteira Aberta Empreender<\/strong><\/h2>\n<p>Quer saber mais? Assista ao programa <a href=\"https:\/\/www.canalrural.com.br\/empreendedorismo\/transforme-sua-propriedade-em-um-destino-turistico\/\"><strong>Porteira Aberta Empreender<\/strong>,<\/a> uma parceria entre o <a href=\"https:\/\/sebrae.com.br\/sites\/PortalSebrae\/ufs\/es?codUf=8\">Sebrae <\/a>e o Canal Rural, que traz dicas, curiosidades, orienta\u00e7\u00f5es e mostra hist\u00f3rias reais de micro e pequenos produtores de todo o pa\u00eds.<\/p>\n<figure class=\"wp-block-image size-full is-resized\"><img decoding=\"async\" width=\"1013\" height=\"1017\" alt=\"\" class=\"wp-image-4116505\" style=\"width:486px;height:auto\"  data-lazy- src=\"https:\/\/agromt.news\/wp-content\/uploads\/2025\/08\/tradicao-dos-queijos-artesanais-e-turismo-rural-em-Goias.png\"\/><img loading=\"lazy\" decoding=\"async\" width=\"1013\" height=\"1017\" src=\"https:\/\/agromt.news\/wp-content\/uploads\/2025\/08\/tradicao-dos-queijos-artesanais-e-turismo-rural-em-Goias.png\" alt=\"\" class=\"wp-image-4116505\" style=\"width:486px;height:auto\"  \/><figcaption class=\"wp-element-caption\">\u00c0s quintas-feiras, \u00e0s 17h45, no Canal Rural. | Foto: Arte Divulga\u00e7\u00e3o<\/figcaption><\/figure>\n<\/p><\/div>\n<p><br \/>\n<br \/><a href=\"https:\/\/www.canalrural.com.br\/empreendedorismo\/cafe-mais-caro-do-brasil-passa-pelo-processo-digestivo-de-ave\/\">Source link <\/a><\/p>\n","protected":false},"excerpt":{"rendered":"<p>O caf\u00e9 do jacu, considerado uma das iguarias mais raras e caras do Brasil, nasce de um processo inusitado: ele<\/p>\n","protected":false},"author":1,"featured_media":19085,"comment_status":"open","ping_status":"open","sticky":false,"template":"","format":"standard","meta":{"_monsterinsights_skip_tracking":false,"_monsterinsights_sitenote_active":false,"_monsterinsights_sitenote_note":"","_monsterinsights_sitenote_category":0,"_uf_show_specific_survey":0,"_uf_disable_surveys":false,"footnotes":""},"categories":[1],"tags":[],"class_list":["post-19084","post","type-post","status-publish","format-standard","has-post-thumbnail","hentry","category-news"],"_links":{"self":[{"href":"https:\/\/agromt.news\/index.php?rest_route=\/wp\/v2\/posts\/19084"}],"collection":[{"href":"https:\/\/agromt.news\/index.php?rest_route=\/wp\/v2\/posts"}],"about":[{"href":"https:\/\/agromt.news\/index.php?rest_route=\/wp\/v2\/types\/post"}],"author":[{"embeddable":true,"href":"https:\/\/agromt.news\/index.php?rest_route=\/wp\/v2\/users\/1"}],"replies":[{"embeddable":true,"href":"https:\/\/agromt.news\/index.php?rest_route=%2Fwp%2Fv2%2Fcomments&post=19084"}],"version-history":[{"count":0,"href":"https:\/\/agromt.news\/index.php?rest_route=\/wp\/v2\/posts\/19084\/revisions"}],"wp:featuredmedia":[{"embeddable":true,"href":"https:\/\/agromt.news\/index.php?rest_route=\/wp\/v2\/media\/19085"}],"wp:attachment":[{"href":"https:\/\/agromt.news\/index.php?rest_route=%2Fwp%2Fv2%2Fmedia&parent=19084"}],"wp:term":[{"taxonomy":"category","embeddable":true,"href":"https:\/\/agromt.news\/index.php?rest_route=%2Fwp%2Fv2%2Fcategories&post=19084"},{"taxonomy":"post_tag","embeddable":true,"href":"https:\/\/agromt.news\/index.php?rest_route=%2Fwp%2Fv2%2Ftags&post=19084"}],"curies":[{"name":"wp","href":"https:\/\/api.w.org\/{rel}","templated":true}]}}