{"id":19064,"date":"2025-08-23T14:53:25","date_gmt":"2025-08-23T18:53:25","guid":{"rendered":"https:\/\/agromt.news\/?p=19064"},"modified":"2025-08-23T14:53:25","modified_gmt":"2025-08-23T18:53:25","slug":"frio-e-chuvas-marcam-o-fim-de-semana-no-sul-e-centro-oeste","status":"publish","type":"post","link":"https:\/\/agromt.news\/?p=19064","title":{"rendered":"Frio e chuvas marcam o fim de semana no Sul e Centro-Oeste"},"content":{"rendered":"<p> <br \/>\n<\/p>\n<div>\n<div class=\"row\">\n<div class=\"col-lg col-infos mt-0 mt-lg-0\">\n<div class=\"section-sub-title\">\n<p itemprop=\"description\">&#13;<br \/>\n                                O Inmet alerta que a massa de ar frio ter\u00e1 efeitos tamb\u00e9m na regi\u00e3o Norte&#13;\n                            <\/p>\n<\/p><\/div>\n<div class=\"container\">\n<div class=\"row\">\n<div class=\"col-lg p-0\">\n<div>\n<div class=\"block-news-main-infos mt-3 text-start\">\n<p>                                            <strong class=\"fn\" itemprop=\"author\" style=\"color: rgb(112, 112, 112); \">&#13;<br \/>\n                                                <a href=\"https:\/\/www.agrolink.com.br\/noticias\/javascript:;\" class=\"text-uppercase\" target=\"_blank\" style=\"color: rgb(112, 112, 112); \" rel=\"noopener\">Agrolink<\/a>&#13;<br \/>\n&#13;<br \/>\n                                                    &#8211; Aline Merladete&#13;<br \/>\n&#13;<br \/>\n                                            <\/strong><br \/>\n                                        <\/p>\n<p>                                            <abbr><time datetime=\"2025-08-22T11:04\" itemprop=\"datePublished dateModified\">Publicado em 22\/08\/2025 \u00e0s 11:04h.<\/time><\/abbr><br \/>\n                                            <\/p><\/div>\n<\/p><\/div>\n<\/p><\/div>\n<div class=\"col-lg p-0 text-lg-end\">\n<div>\n<div id=\"mdEnviarPagina\" class=\"modal fade\" role=\"dialog\">\n<div class=\"modal-dialog\">\n<div class=\"modal-content\">\n<div class=\"modal-body\">\n<p><strong>Estimado usu\u00e1rio.<\/strong><br \/>Preencha o formul\u00e1rio abaixo para remeter a p\u00e1gina.<\/p>\n<\/p><\/div>\n<\/p><\/div>\n<\/p><\/div>\n<\/div><\/div>\n<\/p><\/div>\n<\/p><\/div>\n<\/p><\/div>\n<\/p><\/div>\n<\/p><\/div>\n<div class=\"row justify-content-md-center mt-3\">\n<div class=\"col-lg-auto col-image block-news-main-image\">\n<p>                                <img decoding=\"async\" src=\"https:\/\/www.agrolink.com.br\/upload\/imagens-resizes\/b6610cd642da4040bb1bc9fe83077630_858x483.jpg\" class=\"lazyload img-fluid\"\/><br \/>\n                                                <span class=\"publicity-photo d-block mt-1\">Foto: Pixabay<\/span><\/p><\/div>\n<\/p><\/div>\n<div class=\"section-description section-description-noticias mt-3\">\n<p style=\"text-align:justify\">Durante este fim de semana, uma frente fria avan\u00e7a sobre o Sul do Brasil e deve provocar fortes instabilidades, com possibilidade de chuvas intensas em diversos pontos da regi\u00e3o. Ap\u00f3s os acumulados de at\u00e9 70 mil\u00edmetros, a previs\u00e3o indica queda acentuada nas temperaturas, o que pode resultar em geadas no Rio Grande do Sul no in\u00edcio da pr\u00f3xima semana, especialmente na segunda-feira (25).&#13;\n<\/p>\n<p style=\"text-align:justify\">Segundo informa\u00e7\u00f5es divulgadas pelo Instituto Nacional de Meteorologia (Inmet), o sistema tamb\u00e9m deve se deslocar em dire\u00e7\u00e3o ao Centro-Oeste. No Mato Grosso do Sul, a queda nas temperaturas ser\u00e1 sentida j\u00e1 no s\u00e1bado (23), enquanto no Mato Grosso o decl\u00ednio ocorre no domingo (24). As capitais dos dois estados devem registrar m\u00e1ximas entre 25\u00b0C e 30\u00b0C. A metade oeste do Mato Grosso ser\u00e1 a \u00e1rea mais afetada, com os menores valores previstos.<\/p>\n<p style=\"text-align:justify\">O Inmet alerta que a massa de ar frio ter\u00e1 efeitos tamb\u00e9m na regi\u00e3o Norte. Na segunda-feira (25), os estados de Rond\u00f4nia e Acre devem sentir a influ\u00eancia do fen\u00f4meno, com m\u00ednimas em torno de 20\u00b0C nas capitais Porto Velho e Rio Branco. O decl\u00ednio previsto \u00e9 de 5\u00b0C em Porto Velho e de 3\u00b0C em Rio Branco.&#13;\n<\/p>\n<p style=\"text-align:justify\">No Amazonas, as temperaturas podem chegar a 3\u00b0C abaixo do normal no sul do estado, refor\u00e7ando a intensidade do fen\u00f4meno. Essa condi\u00e7\u00e3o caracteriza o s\u00e9timo epis\u00f3dio de friagem registrado em 2025, refor\u00e7ando o impacto da massa de ar frio na regi\u00e3o amaz\u00f4nica.<\/p>\n<p style=\"text-align:justify\">O cen\u00e1rio clim\u00e1tico deve afetar diretamente a rotina da popula\u00e7\u00e3o, tanto no campo quanto nas cidades. Agricultores do Sul devem se preparar para a possibilidade de geadas, que podem comprometer lavouras mais sens\u00edveis \u00e0s baixas temperaturas. J\u00e1 no Centro-Oeste e Norte, o frio repentino pode alterar a demanda por energia e servi\u00e7os, al\u00e9m de surpreender moradores pouco acostumados a temperaturas t\u00e3o baixas.&#13;\n<\/p>\n<\/p><\/div>\n<\/p><\/div>\n<p><script data-cfasync=\"false\">\n    !function (f, b, e, v, n, t, s) {\n        if (f.fbq) return; n = f.fbq = function () {\n            n.callMethod ?\n                n.callMethod.apply(n, arguments) : n.queue.push(arguments)\n        };\n        if (!f._fbq) f._fbq = n; n.push = n; n.loaded = !0; n.version = '2.0';\n        n.queue = []; t = b.createElement(e); t.async = !0;\n        t.src = v; s = b.getElementsByTagName(e)[0];\n        s.parentNode.insertBefore(t, s)\n    }(window, document, 'script',\n        'https:\/\/connect.facebook.net\/en_US\/fbevents.js');\n    fbq('init', '522546078623747');\n    fbq('track', 'PageView');\n<\/script><br \/>\n<br \/><br \/>\n<br \/><a href=\"https:\/\/www.agrolink.com.br\/noticias\/frio-e-chuvas-marcam-o-fim-de-semana-no-sul-e-centro-oeste_505211.html\">Source link <\/a><\/p>\n","protected":false},"excerpt":{"rendered":"<p>&#13; O Inmet alerta que a massa de ar frio ter\u00e1 efeitos tamb\u00e9m na regi\u00e3o Norte&#13; &#13; Agrolink&#13; &#13; &#8211;<\/p>\n","protected":false},"author":1,"featured_media":12748,"comment_status":"open","ping_status":"open","sticky":false,"template":"","format":"standard","meta":{"_monsterinsights_skip_tracking":false,"_monsterinsights_sitenote_active":false,"_monsterinsights_sitenote_note":"","_monsterinsights_sitenote_category":0,"_uf_show_specific_survey":0,"_uf_disable_surveys":false,"footnotes":""},"categories":[8,1,14],"tags":[],"class_list":["post-19064","post","type-post","status-publish","format-standard","has-post-thumbnail","hentry","category-agro","category-news","category-politica-agro"],"_links":{"self":[{"href":"https:\/\/agromt.news\/index.php?rest_route=\/wp\/v2\/posts\/19064"}],"collection":[{"href":"https:\/\/agromt.news\/index.php?rest_route=\/wp\/v2\/posts"}],"about":[{"href":"https:\/\/agromt.news\/index.php?rest_route=\/wp\/v2\/types\/post"}],"author":[{"embeddable":true,"href":"https:\/\/agromt.news\/index.php?rest_route=\/wp\/v2\/users\/1"}],"replies":[{"embeddable":true,"href":"https:\/\/agromt.news\/index.php?rest_route=%2Fwp%2Fv2%2Fcomments&post=19064"}],"version-history":[{"count":0,"href":"https:\/\/agromt.news\/index.php?rest_route=\/wp\/v2\/posts\/19064\/revisions"}],"wp:featuredmedia":[{"embeddable":true,"href":"https:\/\/agromt.news\/index.php?rest_route=\/wp\/v2\/media\/12748"}],"wp:attachment":[{"href":"https:\/\/agromt.news\/index.php?rest_route=%2Fwp%2Fv2%2Fmedia&parent=19064"}],"wp:term":[{"taxonomy":"category","embeddable":true,"href":"https:\/\/agromt.news\/index.php?rest_route=%2Fwp%2Fv2%2Fcategories&post=19064"},{"taxonomy":"post_tag","embeddable":true,"href":"https:\/\/agromt.news\/index.php?rest_route=%2Fwp%2Fv2%2Ftags&post=19064"}],"curies":[{"name":"wp","href":"https:\/\/api.w.org\/{rel}","templated":true}]}}