{"id":19062,"date":"2025-08-23T13:27:26","date_gmt":"2025-08-23T17:27:26","guid":{"rendered":"https:\/\/agromt.news\/?p=19062"},"modified":"2025-08-23T13:27:26","modified_gmt":"2025-08-23T17:27:26","slug":"agro-paraense-mostra-forca-da-sustentabilidade-durante-visita-de-diplomatas","status":"publish","type":"post","link":"https:\/\/agromt.news\/?p=19062","title":{"rendered":"Agro paraense mostra for\u00e7a da sustentabilidade durante visita de diplomatas"},"content":{"rendered":"<p> <br \/>\n<br \/><img decoding=\"async\" src=\"https:\/\/agromt.news\/wp-content\/uploads\/2025\/08\/Agro-paraense-mostra-forca-da-sustentabilidade-durante-visita-de-diplomatas.webp.webp\" \/><\/p>\n<div>\n<p>A 10\u00aa edi\u00e7\u00e3o do programa AgroBrazil, iniciativa da <a href=\"https:\/\/www.cnabrasil.org.br\/cna\">Confedera\u00e7\u00e3o da Agricultura e Pecu\u00e1ria do Brasil<\/a> (CNA) e da Federa\u00e7\u00e3o da Agricultura e Pecu\u00e1ria do Par\u00e1 (Faepa), que promove interc\u00e2mbio de diplomatas e representantes de organismos internacionais para apresentar pr\u00e1ticas do <a href=\"https:\/\/www.canalrural.com.br\/?s=agroneg%C3%B3cio\">agroneg\u00f3cio brasileiro<\/a>, reuniu participantes para conhecer o setor e a sustentabilidade no estado do Par\u00e1. <\/p>\n<p>Em visitas a propriedades rurais, cooperativas e agroind\u00fastrias em Bel\u00e9m, Paragominas e Tom\u00e9-A\u00e7u, o programa destacou o compromisso do agro com pr\u00e1ticas sustent\u00e1veis e a integra\u00e7\u00e3o entre produ\u00e7\u00e3o de alimentos, preserva\u00e7\u00e3o ambiental e gera\u00e7\u00e3o de renda.<\/p>\n<\/div>\n<div>\n<h2 class=\"wp-block-heading\" id=\"h-inovacao-e-sustentabilidade\">Inova\u00e7\u00e3o e sustentabilidade <\/h2>\n<p>Durante seis dias, a comitiva acompanhou projetos que unem inova\u00e7\u00e3o e sustentabilidade, como f\u00e1bricas de chocolate de cacau nativo, agroind\u00fastrias de dend\u00ea que recuperam \u00e1reas degradadas, sistemas de Integra\u00e7\u00e3o Lavoura-Pecu\u00e1ria (ILP) e colheita de a\u00e7a\u00ed com rob\u00f4s. Tamb\u00e9m visitaram ind\u00fastrias de madeira que operam s\u00f3 com mat\u00e9ria-prima reflorestada e experi\u00eancias de agricultura familiar que integram lavouras e esp\u00e9cies florestais.<\/p>\n<p>Fernanda Maciel, diretora adjunta de Rela\u00e7\u00f5es Internacionais da CNA, destacou que o interc\u00e2mbio refor\u00e7a a imagem do agroneg\u00f3cio brasileiro como refer\u00eancia em sustentabilidade e seguran\u00e7a alimentar. \u201cMostramos aos diplomatas a for\u00e7a da agricultura tropical sustent\u00e1vel e o papel essencial do produtor rural para alimentar o mundo preservando o meio ambiente\u201d, afirmou.<\/p>\n<p>Os visitantes observaram ainda a diversidade produtiva, desde monoculturas de gr\u00e3os e reflorestamento de eucalipto at\u00e9 sistemas agroflorestais e cooperativos. Para Felipe Spaniol, coordenador de Intelig\u00eancia Comercial da CNA, o interc\u00e2mbio evidenciou a gera\u00e7\u00e3o de renda para pequenos produtores e a integra\u00e7\u00e3o da produ\u00e7\u00e3o com a preserva\u00e7\u00e3o ambiental. \u201cMostramos ao mundo que o Brasil produz com diversidade, sustentabilidade e inclus\u00e3o\u201d, disse.<\/p>\n<\/p><\/div>\n<p><br \/>\n<br \/><a href=\"https:\/\/www.canalrural.com.br\/nacional\/agro-paraense-mostra-forca-da-sustentabilidade-durante-visita-de-diplomatas\/\">Source link <\/a><\/p>\n","protected":false},"excerpt":{"rendered":"<p>A 10\u00aa edi\u00e7\u00e3o do programa AgroBrazil, iniciativa da Confedera\u00e7\u00e3o da Agricultura e Pecu\u00e1ria do Brasil (CNA) e da Federa\u00e7\u00e3o da<\/p>\n","protected":false},"author":1,"featured_media":19063,"comment_status":"open","ping_status":"open","sticky":false,"template":"","format":"standard","meta":{"_monsterinsights_skip_tracking":false,"_monsterinsights_sitenote_active":false,"_monsterinsights_sitenote_note":"","_monsterinsights_sitenote_category":0,"_uf_show_specific_survey":0,"_uf_disable_surveys":false,"footnotes":""},"categories":[1],"tags":[],"class_list":["post-19062","post","type-post","status-publish","format-standard","has-post-thumbnail","hentry","category-news"],"_links":{"self":[{"href":"https:\/\/agromt.news\/index.php?rest_route=\/wp\/v2\/posts\/19062"}],"collection":[{"href":"https:\/\/agromt.news\/index.php?rest_route=\/wp\/v2\/posts"}],"about":[{"href":"https:\/\/agromt.news\/index.php?rest_route=\/wp\/v2\/types\/post"}],"author":[{"embeddable":true,"href":"https:\/\/agromt.news\/index.php?rest_route=\/wp\/v2\/users\/1"}],"replies":[{"embeddable":true,"href":"https:\/\/agromt.news\/index.php?rest_route=%2Fwp%2Fv2%2Fcomments&post=19062"}],"version-history":[{"count":0,"href":"https:\/\/agromt.news\/index.php?rest_route=\/wp\/v2\/posts\/19062\/revisions"}],"wp:featuredmedia":[{"embeddable":true,"href":"https:\/\/agromt.news\/index.php?rest_route=\/wp\/v2\/media\/19063"}],"wp:attachment":[{"href":"https:\/\/agromt.news\/index.php?rest_route=%2Fwp%2Fv2%2Fmedia&parent=19062"}],"wp:term":[{"taxonomy":"category","embeddable":true,"href":"https:\/\/agromt.news\/index.php?rest_route=%2Fwp%2Fv2%2Fcategories&post=19062"},{"taxonomy":"post_tag","embeddable":true,"href":"https:\/\/agromt.news\/index.php?rest_route=%2Fwp%2Fv2%2Ftags&post=19062"}],"curies":[{"name":"wp","href":"https:\/\/api.w.org\/{rel}","templated":true}]}}