{"id":19061,"date":"2025-08-23T12:56:13","date_gmt":"2025-08-23T16:56:13","guid":{"rendered":"https:\/\/agromt.news\/?p=19061"},"modified":"2025-08-23T12:56:13","modified_gmt":"2025-08-23T16:56:13","slug":"aviacao-agricola-brasileira-celebra-avancos-e-projeta-expansao","status":"publish","type":"post","link":"https:\/\/agromt.news\/?p=19061","title":{"rendered":"Avia\u00e7\u00e3o agr\u00edcola brasileira celebra avan\u00e7os e projeta expans\u00e3o"},"content":{"rendered":"<p> <br \/>\n<\/p>\n<div>\n<p style=\"text-align:justify\">O Congresso da Avia\u00e7\u00e3o Agr\u00edcola do Brasil 2025 encerrou-se nesta quinta-feira (21), ap\u00f3s tr\u00eas dias de intensa programa\u00e7\u00e3o, marcando um importante momento para o setor aeroagr\u00edcola nacional. Realizado no Aeroporto Executivo de Santo Ant\u00f4nio do Leverger, em Mato Grosso, o evento contou com a presen\u00e7a de autoridades pol\u00edticas, empres\u00e1rios, pesquisadores e pilotos, consolidando-se como espa\u00e7o estrat\u00e9gico de debates, networking e inova\u00e7\u00e3o tecnol\u00f3gica.&#13;\n<\/p>\n<p style=\"text-align:justify\">Segundo informa\u00e7\u00f5es divulgadas pelo pr\u00f3prio Sindicato Nacional das Empresas de Avia\u00e7\u00e3o Agr\u00edcola (SINDAG), o congresso coincidiu com a comemora\u00e7\u00e3o do Dia Nacional da Avia\u00e7\u00e3o Agr\u00edcola, celebrando os 78 anos da atividade no pa\u00eds. A solenidade de abertura, realizada na noite de ter\u00e7a-feira (19), marcou o lan\u00e7amento oficial do evento, com discursos que destacaram a import\u00e2ncia hist\u00f3rica e econ\u00f4mica do setor para Mato Grosso e para o Brasil.<\/p>\n<p style=\"text-align:justify\">A presidente do Sindag, Hoana Almeida Santos, ressaltou a relev\u00e2ncia da avia\u00e7\u00e3o agr\u00edcola e os avan\u00e7os alcan\u00e7ados nos \u00faltimos anos. \u201c\u00c9 com muita honra que damos in\u00edcio a mais uma edi\u00e7\u00e3o do Congresso da Avia\u00e7\u00e3o Agr\u00edcola do Brasil, aqui no cora\u00e7\u00e3o do agro. Declaro aberto o evento\u201d, afirmou. Hoana ainda destacou o aumento da participa\u00e7\u00e3o feminina no setor, os desafios econ\u00f4micos enfrentados e a necessidade de combate aos mitos sobre a atividade. Ela anunciou que 2025 seria o Ano da Seguran\u00e7a na Avia\u00e7\u00e3o Agr\u00edcola, enfatizando o compromisso com a qualifica\u00e7\u00e3o e o profissionalismo do segmento.&#13;\n<\/p>\n<p style=\"text-align:justify\">Durante o congresso, foi entregue a Medalha M\u00e9rito Avia\u00e7\u00e3o Agr\u00edcola, maior honraria do setor, em reconhecimento \u00e0s contribui\u00e7\u00f5es de profissionais e empresas que se destacaram na atividade. O audit\u00f3rio, lotado durante os tr\u00eas dias, recebeu palestras, debates, apresenta\u00e7\u00f5es cient\u00edficas e a mostra tecnol\u00f3gica, que evidenciou o porte e a ambi\u00e7\u00e3o da edi\u00e7\u00e3o deste ano.<\/p>\n<p style=\"text-align:justify\">Um dos principais temas discutidos foi o impacto da taxa\u00e7\u00e3o americana sobre equipamentos aeron\u00e1uticos. O economista Claudio Junior Oliveira Gomes, diretor operacional do SINDAG, moderou debates sobre o assunto, destacando que a aplica\u00e7\u00e3o da Lei de Reciprocidade pelo Brasil poderia afetar diretamente a compra de aeronaves e a presta\u00e7\u00e3o de servi\u00e7os. \u201cA taxa\u00e7\u00e3o impacta indiretamente o setor aeroagr\u00edcola, pois ele atende setores que s\u00e3o afetados\u201d, explicou. Gomes lembrou que, na fase inicial, a expectativa era de um recuo de US$ 500 milh\u00f5es, mas ajustes ainda eram necess\u00e1rios devido \u00e0 exclus\u00e3o de alguns produtos da taxa\u00e7\u00e3o.&#13;\n<\/p>\n<p style=\"text-align:justify\">O setor aeroagr\u00edcola brasileiro apresenta crescimento consistente, segundo o SINDAG. Nos \u00faltimos 14 anos, a frota nacional aumentou de 1.560 para 2.722 aeronaves, com Mato Grosso concentrando 749 avi\u00f5es. Para 2025, o faturamento anual do setor deve chegar a R$ 8 bilh\u00f5es, e a proje\u00e7\u00e3o \u00e9 que a frota alcance 3.400 avi\u00f5es em 2028, atendendo 170 milh\u00f5es de hectares em todo o pa\u00eds.<\/p>\n<p style=\"text-align:justify\">O congresso, que se consolidou como refer\u00eancia no setor, deixou claro que a avia\u00e7\u00e3o agr\u00edcola brasileira busca crescimento sustent\u00e1vel, inova\u00e7\u00e3o tecnol\u00f3gica e fortalecimento da seguran\u00e7a.<\/p>\n<\/p><\/div>\n<p><script data-cfasync=\"false\">\n    !function (f, b, e, v, n, t, s) {\n        if (f.fbq) return; n = f.fbq = function () {\n            n.callMethod ?\n                n.callMethod.apply(n, arguments) : n.queue.push(arguments)\n        };\n        if (!f._fbq) f._fbq = n; n.push = n; n.loaded = !0; n.version = '2.0';\n        n.queue = []; t = b.createElement(e); t.async = !0;\n        t.src = v; s = b.getElementsByTagName(e)[0];\n        s.parentNode.insertBefore(t, s)\n    }(window, document, 'script',\n        'https:\/\/connect.facebook.net\/en_US\/fbevents.js');\n    fbq('init', '522546078623747');\n    fbq('track', 'PageView');\n<\/script><br \/>\n<br \/><br \/>\n<br \/><a href=\"https:\/\/www.agrolink.com.br\/noticias\/aviacao-agricola-brasileira-celebra-avancos-e-projeta-expansao_505212.html\">Source link <\/a><\/p>\n","protected":false},"excerpt":{"rendered":"<p>O Congresso da Avia\u00e7\u00e3o Agr\u00edcola do Brasil 2025 encerrou-se nesta quinta-feira (21), ap\u00f3s tr\u00eas dias de intensa programa\u00e7\u00e3o, marcando um<\/p>\n","protected":false},"author":1,"featured_media":8396,"comment_status":"open","ping_status":"open","sticky":false,"template":"","format":"standard","meta":{"_monsterinsights_skip_tracking":false,"_monsterinsights_sitenote_active":false,"_monsterinsights_sitenote_note":"","_monsterinsights_sitenote_category":0,"_uf_show_specific_survey":0,"_uf_disable_surveys":false,"footnotes":""},"categories":[8,1,14],"tags":[],"class_list":["post-19061","post","type-post","status-publish","format-standard","has-post-thumbnail","hentry","category-agro","category-news","category-politica-agro"],"_links":{"self":[{"href":"https:\/\/agromt.news\/index.php?rest_route=\/wp\/v2\/posts\/19061"}],"collection":[{"href":"https:\/\/agromt.news\/index.php?rest_route=\/wp\/v2\/posts"}],"about":[{"href":"https:\/\/agromt.news\/index.php?rest_route=\/wp\/v2\/types\/post"}],"author":[{"embeddable":true,"href":"https:\/\/agromt.news\/index.php?rest_route=\/wp\/v2\/users\/1"}],"replies":[{"embeddable":true,"href":"https:\/\/agromt.news\/index.php?rest_route=%2Fwp%2Fv2%2Fcomments&post=19061"}],"version-history":[{"count":0,"href":"https:\/\/agromt.news\/index.php?rest_route=\/wp\/v2\/posts\/19061\/revisions"}],"wp:featuredmedia":[{"embeddable":true,"href":"https:\/\/agromt.news\/index.php?rest_route=\/wp\/v2\/media\/8396"}],"wp:attachment":[{"href":"https:\/\/agromt.news\/index.php?rest_route=%2Fwp%2Fv2%2Fmedia&parent=19061"}],"wp:term":[{"taxonomy":"category","embeddable":true,"href":"https:\/\/agromt.news\/index.php?rest_route=%2Fwp%2Fv2%2Fcategories&post=19061"},{"taxonomy":"post_tag","embeddable":true,"href":"https:\/\/agromt.news\/index.php?rest_route=%2Fwp%2Fv2%2Ftags&post=19061"}],"curies":[{"name":"wp","href":"https:\/\/api.w.org\/{rel}","templated":true}]}}