{"id":19060,"date":"2025-08-23T12:42:25","date_gmt":"2025-08-23T16:42:25","guid":{"rendered":"https:\/\/agromt.news\/?p=19060"},"modified":"2025-08-23T12:42:25","modified_gmt":"2025-08-23T16:42:25","slug":"economista-de-harvard-classifica-tarifaco-de-trump-como-ineficaz-ate-para-americanos","status":"publish","type":"post","link":"https:\/\/agromt.news\/?p=19060","title":{"rendered":"Economista de Harvard classifica tarifa\u00e7o de Trump como ineficaz at\u00e9 para americanos"},"content":{"rendered":"<p> <br \/>\n<br \/><img decoding=\"async\" src=\"https:\/\/agromt.news\/wp-content\/uploads\/2025\/08\/Isolacionismo-dos-EUA-e-quase-sovietico-e-nao-se-sustentara.jpg\" \/><\/p>\n<div>\n<p>O \u2018tarifa\u00e7o\u2019 promovido pelo presidente dos Estados Unidos, Donald Trump, contra parceiros comerciais \u00e9 considerado <a href=\"https:\/\/www.canalrural.com.br\/?s=tarifa%C3%A7o\">ineficaz <\/a>at\u00e9 mesmo para os americanos, segundo o economista da Universidade de Harvard Dani Rodrik. Para ele, as sucessivas taxa\u00e7\u00f5es sobre produtos importados n\u00e3o estimulam a economia nem garantem melhores empregos aos norte-americanos. \u201cH\u00e1 uma boa chance de que, no final das contas, isso seja autodestrutivo\u201d, afirma Rodrik. As informa\u00e7\u00f5es s\u00e3o da <a href=\"https:\/\/agenciabrasil.ebc.com.br\/\">Ag\u00eancia Brasil<\/a>.<\/p>\n<p>O economista participou do semin\u00e1rio Globaliza\u00e7\u00e3o, Desenvolvimento e Democracia, realizado pelo BNDES e Open Society Foundations no Rio de Janeiro. Rodrik criticou a pol\u00edtica de Trump, dizendo que os objetivos de reconstru\u00e7\u00e3o industrial e fortalecimento da classe m\u00e9dia n\u00e3o ser\u00e3o alcan\u00e7ados com tarifas. \u201cO problema com a Am\u00e9rica de Trump n\u00e3o \u00e9 o nacionalismo econ\u00f4mico, \u00e9 que Trump n\u00e3o est\u00e1 adotando pol\u00edticas que sejam nacionalistas o suficiente. Na verdade, n\u00e3o est\u00e1 servindo ao interesse econ\u00f4mico americano\u201d, afirma.<\/p>\n<\/div>\n<div>\n<h2 class=\"wp-block-heading\" id=\"h-o-impacto-do-tarifaco\">O impacto do tarifa\u00e7o <\/h2>\n<p>Produtos brasileiros est\u00e3o entre os alvos das tarifas. Em 6 de agosto, entrou em vigor a taxa\u00e7\u00e3o de 50% sobre parte das exporta\u00e7\u00f5es para os EUA, o que afetou 35,9% das mercadorias enviadas, cerca de 4% do total das exporta\u00e7\u00f5es brasileiras. Para reduzir o impacto, o governo lan\u00e7ou o Plano Brasil Soberano, enquanto cerca de 700 produtos foram exclu\u00eddos da sobretaxa.<\/p>\n<h2 class=\"wp-block-heading\" id=\"h-lucros-nao-significam-mais-empregos\">Lucros n\u00e3o significam mais empregos<\/h2>\n<p>Rodrik destaca que tarifas podem aumentar a arrecada\u00e7\u00e3o ou lucro de empresas, mas isso n\u00e3o significa que haver\u00e1 mais empregos de qualidade ou investimentos em inova\u00e7\u00e3o. \u201cAs tarifas apenas aumentam a lucratividade de certos segmentos da manufatura. Agora, quando algumas empresas se tornam mais lucrativas, elas necessariamente inovam mais? Elas investem mais em seus trabalhadores? Todas essas coisas boas n\u00e3o est\u00e3o diretamente ligadas ao fato de que est\u00e3o ganhando mais dinheiro\u201d, explica.<\/p>\n<h2 class=\"wp-block-heading\" id=\"h-mais-criticas-ao-tarifaco\">Mais cr\u00edticas ao tarifa\u00e7o<\/h2>\n<p>Alex Soros, presidente do Conselho da Open Society, tamb\u00e9m criticou as pol\u00edticas de Trump, citando cortes da Usaid que afetaram a\u00e7\u00f5es humanit\u00e1rias globais. \u201cFalando como um americano, isso n\u00e3o \u00e9 um interesse americano\u201d, disse. A Open Society anunciou ainda um plano de investimentos de oito anos na Am\u00e9rica Latina, incluindo Brasil, para apoiar popula\u00e7\u00f5es historicamente marginalizadas, com foco em acesso a servi\u00e7os, empregos de qualidade e pol\u00edticas p\u00fablicas inclusivas.<\/p>\n<\/p><\/div>\n<p><br \/>\n<br \/><a href=\"https:\/\/www.canalrural.com.br\/internacional\/economista-de-harvard-classifica-tarifaco-de-trump-como-ineficaz-ate-para-americanos\/\">Source link <\/a><\/p>\n","protected":false},"excerpt":{"rendered":"<p>O \u2018tarifa\u00e7o\u2019 promovido pelo presidente dos Estados Unidos, Donald Trump, contra parceiros comerciais \u00e9 considerado ineficaz at\u00e9 mesmo para os<\/p>\n","protected":false},"author":1,"featured_media":18125,"comment_status":"open","ping_status":"open","sticky":false,"template":"","format":"standard","meta":{"_monsterinsights_skip_tracking":false,"_monsterinsights_sitenote_active":false,"_monsterinsights_sitenote_note":"","_monsterinsights_sitenote_category":0,"_uf_show_specific_survey":0,"_uf_disable_surveys":false,"footnotes":""},"categories":[1],"tags":[],"class_list":["post-19060","post","type-post","status-publish","format-standard","has-post-thumbnail","hentry","category-news"],"_links":{"self":[{"href":"https:\/\/agromt.news\/index.php?rest_route=\/wp\/v2\/posts\/19060"}],"collection":[{"href":"https:\/\/agromt.news\/index.php?rest_route=\/wp\/v2\/posts"}],"about":[{"href":"https:\/\/agromt.news\/index.php?rest_route=\/wp\/v2\/types\/post"}],"author":[{"embeddable":true,"href":"https:\/\/agromt.news\/index.php?rest_route=\/wp\/v2\/users\/1"}],"replies":[{"embeddable":true,"href":"https:\/\/agromt.news\/index.php?rest_route=%2Fwp%2Fv2%2Fcomments&post=19060"}],"version-history":[{"count":0,"href":"https:\/\/agromt.news\/index.php?rest_route=\/wp\/v2\/posts\/19060\/revisions"}],"wp:featuredmedia":[{"embeddable":true,"href":"https:\/\/agromt.news\/index.php?rest_route=\/wp\/v2\/media\/18125"}],"wp:attachment":[{"href":"https:\/\/agromt.news\/index.php?rest_route=%2Fwp%2Fv2%2Fmedia&parent=19060"}],"wp:term":[{"taxonomy":"category","embeddable":true,"href":"https:\/\/agromt.news\/index.php?rest_route=%2Fwp%2Fv2%2Fcategories&post=19060"},{"taxonomy":"post_tag","embeddable":true,"href":"https:\/\/agromt.news\/index.php?rest_route=%2Fwp%2Fv2%2Ftags&post=19060"}],"curies":[{"name":"wp","href":"https:\/\/api.w.org\/{rel}","templated":true}]}}