{"id":19056,"date":"2025-08-23T12:14:13","date_gmt":"2025-08-23T16:14:13","guid":{"rendered":"https:\/\/agromt.news\/?p=19056"},"modified":"2025-08-23T12:14:13","modified_gmt":"2025-08-23T16:14:13","slug":"da-farmacia-a-granja-carolina-troca-sao-paulo-pela-avicultura","status":"publish","type":"post","link":"https:\/\/agromt.news\/?p=19056","title":{"rendered":"Da farm\u00e1cia \u00e0 granja: Carolina troca S\u00e3o Paulo pela avicultura"},"content":{"rendered":"<p> <br \/>\n<\/p>\n<div>\n<p>Carolina Pimenta sempre teve o <a href=\"https:\/\/interligados.canalrural.com.br\/vida-no-campo\/\">campo<\/a> como refer\u00eancia, mas construiu sua trajet\u00f3ria profissional bem longe dali. Formada em farm\u00e1cia, trabalhava em S\u00e3o Paulo, onde vivia com o marido e os filhos. A rotina era est\u00e1vel e estruturada, at\u00e9 que a pandemia de 2020 trouxe reflex\u00f5es sobre futuro e prop\u00f3sito. Em 2021, veio a decis\u00e3o que mudaria tudo: deixar a capital para iniciar uma nova <a href=\"https:\/\/interligados.canalrural.com.br\/vida-no-campo\/\">vida no interior<\/a>.<\/p>\n<figure class=\"wp-block-embed is-type-video is-provider-youtube wp-block-embed-youtube wp-embed-aspect-16-9 wp-has-aspect-ratio\">\n<p>\n<iframe title=\"De farmac\u00eautica a avicultora: o que levou Carolina a mudar de carreira| Interligados - Vida No Campo\" width=\"800\" height=\"450\" src=\"https:\/\/www.youtube.com\/embed\/aMMIFZp0K0g?feature=oembed\" frameborder=\"0\" allow=\"accelerometer; autoplay; clipboard-write; encrypted-media; gyroscope; picture-in-picture; web-share\" referrerpolicy=\"strict-origin-when-cross-origin\" allowfullscreen><\/iframe>\n<\/p><figcaption class=\"wp-element-caption\">Vida no Campo: Toda sexta-feira, \u00e0s 11h30 da manh\u00e3, tem epis\u00f3dio novo no Interligados<br \/><\/figcaption><\/figure>\n<p>\u201cNo come\u00e7o foi desafiador, s\u00e3o dois mundos muito diferentes. Mas eu n\u00e3o queria passar o resto da vida fechada em salas de reuni\u00e3o\u201d, conta Carolina. Durante os meses de isolamento, a fazenda da fam\u00edlia se tornou ref\u00fagio. E logo virou tamb\u00e9m palco de um recome\u00e7o. \u201cA vida tem mais a oferecer, e eu fui sortuda de ter essa chance\u201d, completa.<\/p>\n<h2 class=\"wp-block-heading\" id=\"h-avicultura-como-escolha-e-oportunidade\"><strong>Avicultura como escolha e oportunidade<\/strong><\/h2>\n<p>Com apoio do marido, dos pais e de dois funcion\u00e1rios contratados por meio das redes sociais, ela ergueu dois avi\u00e1rios com capacidade para 80 mil <a href=\"https:\/\/interligados.canalrural.com.br\/avicultura\/\">aves<\/a>. A parceria com a integradora foi fundamental para suprir a falta de experi\u00eancia, oferecendo suporte t\u00e9cnico e treinamentos. \u201cSozinha, n\u00e3o teria conseguido. Mas com uma equipe comprometida, tudo ganhou forma\u201d, afirma.<\/p>\n<p>Al\u00e9m da <a href=\"https:\/\/interligados.canalrural.com.br\/avicultura\/\">avicultura<\/a>, a Fazenda S\u00e3o Lucas mant\u00e9m outras atividades. H\u00e1 cana-de-a\u00e7\u00facar, uma pequena produ\u00e7\u00e3o de leite artesanal, horta, pomar e at\u00e9 um vinhedo em desenvolvimento.<\/p>\n<p>Toda a energia el\u00e9trica dos galp\u00f5es \u00e9 gerada por uma mini usina fotovoltaica, refor\u00e7ando o cuidado com a sustentabilidade.<\/p>\n<\/div>\n<div>\n<h2 class=\"wp-block-heading\" id=\"h-gestao-lideranca-e-primeiros-resultados\"><strong>Gest\u00e3o, lideran\u00e7a e primeiros resultados<\/strong><\/h2>\n<figure class=\"wp-block-image size-large\"><img fetchpriority=\"high\" decoding=\"async\" width=\"1024\" height=\"576\" src=\"https:\/\/agromt.news\/wp-content\/uploads\/2025\/08\/Da-farmacia-a-granja-Carolina-troca-Sao-Paulo-pela-avicultura.jpg\" alt=\"Avicultura: Carolina deixa a farm\u00e1cia e vence no campo&#10;\" class=\"wp-image-4118836\"  \/><figcaption class=\"wp-element-caption\">Foto: Interligados \u2013 Canal Rural<\/figcaption><\/figure>\n<p>Mesmo sem atuar diretamente no manejo di\u00e1rio, Carolina faz quest\u00e3o de entender os processos. \u201cSe n\u00e3o conhecemos minimamente a opera\u00e7\u00e3o, n\u00e3o conseguimos resolver os problemas\u201d, explica. Para ela, gerir uma granja vai muito al\u00e9m de cuidar das aves: envolve finan\u00e7as, pessoas e processos \u2014 algo que j\u00e1 praticava no setor farmac\u00eautico.<\/p>\n<p>O esfor\u00e7o deu resultado. Em pouco tempo, a granja foi premiada entre as melhores do ano na categoria macho e f\u00eamea. \u201cO m\u00e9rito \u00e9 coletivo. Os colaboradores s\u00e3o muito comprometidos e fazem tudo com dedica\u00e7\u00e3o\u201d, reconhece.<\/p>\n<p>Mais do que neg\u00f3cios, a <a href=\"https:\/\/interligados.canalrural.com.br\/avicultura\/\">avicultura<\/a> trouxe um aprendizado pessoal. \u201cEla me ensinou a ter esperan\u00e7a e a n\u00e3o ter medo de recome\u00e7ar\u201d, reflete. Para outras mulheres que sonham em liderar no campo, deixa um recado: \u201cAssuma seus sonhos, mesmo sem saber tudo no in\u00edcio. Pe\u00e7a ajuda e siga em frente. Lugar de mulher \u00e9 onde ela quiser \u2014 inclusive na granja.\u201d<\/p>\n<p><strong>Fa\u00e7a parte da nossa\u00a0<a href=\"https:\/\/chat.whatsapp.com\/KHdVAB6MSXAJBTe0S657Ip\" target=\"_blank\" rel=\"noreferrer noopener\">comunidade no WhatsApp<\/a>!<br \/><\/strong>Entre no grupo do <a href=\"https:\/\/interligados.canalrural.com.br\/\">Interligados<\/a> e fique por dentro de not\u00edcias, dicas t\u00e9cnicas e novidades das cadeias de aves e su\u00ednos, al\u00e9m de acompanhar o dia a dia no campo. \u00c9 r\u00e1pido, f\u00e1cil e cheio de conte\u00fados especiais! \ud83e\udde1<br \/>\ud83d\udd17<a href=\"https:\/\/chat.whatsapp.com\/KHdVAB6MSXAJBTe0S657Ip\" target=\"_blank\" rel=\"noreferrer noopener\">\u00a0Clique aqui e junte-se a n\u00f3s<\/a>.<\/p>\n<\/p><\/div>\n<p><br \/>\n<br \/><a href=\"https:\/\/www.canalrural.com.br\/aves-e-suinos\/da-farmacia-a-granja-carolina-troca-sao-paulo-pela-avicultura\/\">Source link <\/a><\/p>\n","protected":false},"excerpt":{"rendered":"<p>Carolina Pimenta sempre teve o campo como refer\u00eancia, mas construiu sua trajet\u00f3ria profissional bem longe dali. Formada em farm\u00e1cia, trabalhava<\/p>\n","protected":false},"author":1,"featured_media":19057,"comment_status":"open","ping_status":"open","sticky":false,"template":"","format":"standard","meta":{"_monsterinsights_skip_tracking":false,"_monsterinsights_sitenote_active":false,"_monsterinsights_sitenote_note":"","_monsterinsights_sitenote_category":0,"_uf_show_specific_survey":0,"_uf_disable_surveys":false,"footnotes":""},"categories":[1],"tags":[],"class_list":["post-19056","post","type-post","status-publish","format-standard","has-post-thumbnail","hentry","category-news"],"_links":{"self":[{"href":"https:\/\/agromt.news\/index.php?rest_route=\/wp\/v2\/posts\/19056"}],"collection":[{"href":"https:\/\/agromt.news\/index.php?rest_route=\/wp\/v2\/posts"}],"about":[{"href":"https:\/\/agromt.news\/index.php?rest_route=\/wp\/v2\/types\/post"}],"author":[{"embeddable":true,"href":"https:\/\/agromt.news\/index.php?rest_route=\/wp\/v2\/users\/1"}],"replies":[{"embeddable":true,"href":"https:\/\/agromt.news\/index.php?rest_route=%2Fwp%2Fv2%2Fcomments&post=19056"}],"version-history":[{"count":0,"href":"https:\/\/agromt.news\/index.php?rest_route=\/wp\/v2\/posts\/19056\/revisions"}],"wp:featuredmedia":[{"embeddable":true,"href":"https:\/\/agromt.news\/index.php?rest_route=\/wp\/v2\/media\/19057"}],"wp:attachment":[{"href":"https:\/\/agromt.news\/index.php?rest_route=%2Fwp%2Fv2%2Fmedia&parent=19056"}],"wp:term":[{"taxonomy":"category","embeddable":true,"href":"https:\/\/agromt.news\/index.php?rest_route=%2Fwp%2Fv2%2Fcategories&post=19056"},{"taxonomy":"post_tag","embeddable":true,"href":"https:\/\/agromt.news\/index.php?rest_route=%2Fwp%2Fv2%2Ftags&post=19056"}],"curies":[{"name":"wp","href":"https:\/\/api.w.org\/{rel}","templated":true}]}}