{"id":19055,"date":"2025-08-23T10:58:39","date_gmt":"2025-08-23T14:58:39","guid":{"rendered":"https:\/\/agromt.news\/?p=19055"},"modified":"2025-08-23T10:58:39","modified_gmt":"2025-08-23T14:58:39","slug":"solucoes-integradas-de-energia-sao-destaque","status":"publish","type":"post","link":"https:\/\/agromt.news\/?p=19055","title":{"rendered":"Solu\u00e7\u00f5es integradas de energia s\u00e3o destaque"},"content":{"rendered":"<p> <br \/>\n<\/p>\n<div>\n<div class=\"row\">\n<div class=\"col-lg col-infos mt-0 mt-lg-0\">\n<div class=\"section-sub-title\">\n<p itemprop=\"description\">&#13;<br \/>\n                                \u00c9 nesse cen\u00e1rio que acontece a The smarter E South America 2025&#13;\n                            <\/p>\n<\/p><\/div>\n<div class=\"container\">\n<div class=\"row\">\n<div class=\"col-lg p-0\">\n<div>\n<div class=\"block-news-main-infos mt-3 text-start\">\n<p>                                            <strong class=\"fn\" itemprop=\"author\" style=\"color: rgb(112, 112, 112); \">&#13;<br \/>\n                                                <a href=\"https:\/\/www.agrolink.com.br\/noticias\/javascript:;\" class=\"text-uppercase\" target=\"_blank\" style=\"color: rgb(112, 112, 112); \" rel=\"noopener\">Agrolink<\/a>&#13;<br \/>\n&#13;<br \/>\n                                                    &#8211; Leonardo Gottems&#13;<br \/>\n&#13;<br \/>\n                                            <\/strong><br \/>\n                                        <\/p>\n<p>                                            <abbr><time datetime=\"2025-08-22T11:28\" itemprop=\"datePublished dateModified\">Publicado em 22\/08\/2025 \u00e0s 11:28h.<\/time><\/abbr><br \/>\n                                            <\/p><\/div>\n<\/p><\/div>\n<\/p><\/div>\n<div class=\"col-lg p-0 text-lg-end\">\n<div>\n<div id=\"mdEnviarPagina\" class=\"modal fade\" role=\"dialog\">\n<div class=\"modal-dialog\">\n<div class=\"modal-content\">\n<div class=\"modal-body\">\n<p><strong>Estimado usu\u00e1rio.<\/strong><br \/>Preencha o formul\u00e1rio abaixo para remeter a p\u00e1gina.<\/p>\n<\/p><\/div>\n<\/p><\/div>\n<\/p><\/div>\n<\/div><\/div>\n<\/p><\/div>\n<\/p><\/div>\n<\/p><\/div>\n<\/p><\/div>\n<\/p><\/div>\n<div class=\"row justify-content-md-center mt-3\">\n<div class=\"col-lg-auto col-image block-news-main-image\">\n<p>                                <img decoding=\"async\" src=\"https:\/\/www.agrolink.com.br\/upload\/imagens-resizes\/a935f1a55c604735b92b12bd56c87f2c_858x483.jpg\" class=\"lazyload img-fluid\" alt=\"\u00c9 nesse cen\u00e1rio que acontece a The smarter E South America 2025\"\/><br \/>\n                                                <span class=\"d-block mt-1\">\u00c9 nesse cen\u00e1rio que acontece a The smarter E South America 2025 &#8211; Foto: Pixabay<\/span><\/p><\/div>\n<\/p><\/div>\n<div class=\"section-description section-description-noticias mt-3\">\n<p>A transi\u00e7\u00e3o energ\u00e9tica no Brasil e na Am\u00e9rica Latina ganha for\u00e7a com debates sobre gera\u00e7\u00e3o distribu\u00edda, armazenamento de baterias, sistemas h\u00edbridos e o papel do hidrog\u00eanio verde. O setor busca integra\u00e7\u00e3o entre eletricidade, calor e transporte para construir solu\u00e7\u00f5es mais sustent\u00e1veis e de longo prazo.&#13;\n<\/p>\n<p>\u00c9 nesse cen\u00e1rio que acontece a The smarter E South America 2025, entre 26 e 28 de agosto, no Expo Center Norte, em S\u00e3o Paulo. Considerada a maior plataforma de energias renov\u00e1veis da Am\u00e9rica Latina, a feira re\u00fane 680 expositores de 14 pa\u00edses e deve receber cerca de 58 mil visitantes. O objetivo \u00e9 acelerar solu\u00e7\u00f5es integradas de energia e conectar empresas, especialistas e lideran\u00e7as do setor.<\/p>\n<p>A programa\u00e7\u00e3o inclui o Congresso Intersolar South America, voltado ao setor solar; o ees South America, sobre armazenamento de energia; o Power2Drive South America, dedicado \u00e0 eletromobilidade; e o Eletrotec+EM-Power South America, que discute efici\u00eancia e sistemas el\u00e9tricos. Em comum, todos oferecem um espa\u00e7o para troca de conhecimento e apresenta\u00e7\u00e3o de tend\u00eancias.&#13;\n<\/p>\n<p>Al\u00e9m das feiras e congressos, a edi\u00e7\u00e3o de 2025 ter\u00e1 palcos de inova\u00e7\u00e3o, treinamentos t\u00e9cnicos, pain\u00e9is sobre equidade de g\u00eanero na energia solar e encontros para fomentar a coopera\u00e7\u00e3o entre Brasil e Alemanha em novos modelos de neg\u00f3cios. A expectativa \u00e9 consolidar o evento como refer\u00eancia na constru\u00e7\u00e3o de um futuro energ\u00e9tico mais limpo e eficiente para a regi\u00e3o.<\/p>\n<p>&#8220;A s\u00e9rie de exposi\u00e7\u00f5es e congressos The smarter E South America prop\u00f5e uma integra\u00e7\u00e3o entre todos os elos da cadeia de valor, a fim de criar um ambiente onde neg\u00f3cios, tecnologia e conhecimento se encontram. Nossa miss\u00e3o \u00e9 trazer \u00e0 tona os desafios e inova\u00e7\u00f5es mais importantes da ind\u00fastria de renov\u00e1veis e conectar os principais atores do setor para, juntos, construirmos o melhor caminho rumo \u00e0 transi\u00e7\u00e3o energ\u00e9tica no Brasil e na Am\u00e9rica Latina&#8221;, afirma Florian Wessendorf, Diretor Executivo da Solar Promotion International.<br \/>&#13;<br \/>\n\u00a0&#13;\n<\/p>\n<\/p><\/div>\n<\/p><\/div>\n<p><script data-cfasync=\"false\">\n    !function (f, b, e, v, n, t, s) {\n        if (f.fbq) return; n = f.fbq = function () {\n            n.callMethod ?\n                n.callMethod.apply(n, arguments) : n.queue.push(arguments)\n        };\n        if (!f._fbq) f._fbq = n; n.push = n; n.loaded = !0; n.version = '2.0';\n        n.queue = []; t = b.createElement(e); t.async = !0;\n        t.src = v; s = b.getElementsByTagName(e)[0];\n        s.parentNode.insertBefore(t, s)\n    }(window, document, 'script',\n        'https:\/\/connect.facebook.net\/en_US\/fbevents.js');\n    fbq('init', '522546078623747');\n    fbq('track', 'PageView');\n<\/script><br \/>\n<br \/><br \/>\n<br \/><a href=\"https:\/\/www.agrolink.com.br\/noticias\/solucoes-integradas-de-energia-sao-destaque_505213.html\">Source link <\/a><\/p>\n","protected":false},"excerpt":{"rendered":"<p>&#13; \u00c9 nesse cen\u00e1rio que acontece a The smarter E South America 2025&#13; &#13; Agrolink&#13; &#13; &#8211; Leonardo Gottems&#13; &#13;<\/p>\n","protected":false},"author":1,"featured_media":1078,"comment_status":"open","ping_status":"open","sticky":false,"template":"","format":"standard","meta":{"_monsterinsights_skip_tracking":false,"_monsterinsights_sitenote_active":false,"_monsterinsights_sitenote_note":"","_monsterinsights_sitenote_category":0,"_uf_show_specific_survey":0,"_uf_disable_surveys":false,"footnotes":""},"categories":[8,1,14],"tags":[],"class_list":["post-19055","post","type-post","status-publish","format-standard","has-post-thumbnail","hentry","category-agro","category-news","category-politica-agro"],"_links":{"self":[{"href":"https:\/\/agromt.news\/index.php?rest_route=\/wp\/v2\/posts\/19055"}],"collection":[{"href":"https:\/\/agromt.news\/index.php?rest_route=\/wp\/v2\/posts"}],"about":[{"href":"https:\/\/agromt.news\/index.php?rest_route=\/wp\/v2\/types\/post"}],"author":[{"embeddable":true,"href":"https:\/\/agromt.news\/index.php?rest_route=\/wp\/v2\/users\/1"}],"replies":[{"embeddable":true,"href":"https:\/\/agromt.news\/index.php?rest_route=%2Fwp%2Fv2%2Fcomments&post=19055"}],"version-history":[{"count":0,"href":"https:\/\/agromt.news\/index.php?rest_route=\/wp\/v2\/posts\/19055\/revisions"}],"wp:featuredmedia":[{"embeddable":true,"href":"https:\/\/agromt.news\/index.php?rest_route=\/wp\/v2\/media\/1078"}],"wp:attachment":[{"href":"https:\/\/agromt.news\/index.php?rest_route=%2Fwp%2Fv2%2Fmedia&parent=19055"}],"wp:term":[{"taxonomy":"category","embeddable":true,"href":"https:\/\/agromt.news\/index.php?rest_route=%2Fwp%2Fv2%2Fcategories&post=19055"},{"taxonomy":"post_tag","embeddable":true,"href":"https:\/\/agromt.news\/index.php?rest_route=%2Fwp%2Fv2%2Ftags&post=19055"}],"curies":[{"name":"wp","href":"https:\/\/api.w.org\/{rel}","templated":true}]}}