{"id":19052,"date":"2025-08-23T10:18:27","date_gmt":"2025-08-23T14:18:27","guid":{"rendered":"https:\/\/agromt.news\/?p=19052"},"modified":"2025-08-23T10:18:27","modified_gmt":"2025-08-23T14:18:27","slug":"trigo-ganha-espaco-em-ms-com-apoio-de-pesquisa-e-mercado","status":"publish","type":"post","link":"https:\/\/agromt.news\/?p=19052","title":{"rendered":"Trigo ganha espa\u00e7o em MS com apoio de pesquisa e mercado"},"content":{"rendered":"<p> <br \/>\n<br \/><img decoding=\"async\" src=\"https:\/\/agromt.news\/wp-content\/uploads\/2024\/10\/Brasil-caminha-para-recorde-na-movimentacao-anual.jpg\" \/><\/p>\n<div>\n<p>Na \u00faltima semana, um dia de campo promovido pela <a href=\"https:\/\/www.embrapa.br\/agropecuaria-oeste\">Embrapa Agropecu\u00e1ria Oeste<\/a> e pela Cooperalfa reuniu produtores e t\u00e9cnicos em Dourados, no Mato Grosso do Sul. O encontro apresentou resultados de pesquisas, dados de mercado e pr\u00e1ticas que refor\u00e7am o potencial da <a href=\"https:\/\/www.canalrural.com.br\/?s=trigo\">cultura <\/a>do trigo na regi\u00e3o, em especial no Cerrado.<\/p>\n<p>Especialistas lembraram que o estado j\u00e1 chegou a cultivar cerca de 400 mil hectares de trigo na d\u00e9cada de 1980, mas hoje a \u00e1rea n\u00e3o passa de 40 mil hectares. Para o chefe-adjunto de Transfer\u00eancia de Tecnologia da Embrapa, Auro Otsubo, o desafio \u00e9 ampliar a produ\u00e7\u00e3o de forma integrada. \u201dN\u00e3o se trata de olhar o trigo isoladamente, e sim de adequ\u00e1-lo dentro do sistema produtivo\u201d, diz.<\/p>\n<\/div>\n<div>\n<p>Representantes da cooperativa refor\u00e7aram a necessidade de trabalhar nichos de mercado, como o fornecimento de trigo para nutri\u00e7\u00e3o infantil, melhoradores e panifica\u00e7\u00e3o. O diretor Claudiney Turmina lembrou que o Brasil ainda importa cerca de 40% do trigo consumido e defendeu a expans\u00e3o no Cerrado: \u201c\u00c9 inevit\u00e1vel avan\u00e7ar rumo \u00e0 autossufici\u00eancia. O trigo precisa fazer parte de um sistema produtivo sustent\u00e1vel\u201d.<\/p>\n<h2 class=\"wp-block-heading\" id=\"h-impacto-na-soja\">Impacto na soja<\/h2>\n<p>Outro ponto de destaque foi o impacto positivo da cultura sobre a soja. De acordo com a Cooperalfa, \u00e1reas que recebem trigo podem ter aumento de at\u00e9 20% na produtividade da oleaginosa plantada em seguida. \u201cO trigo melhora o solo, contribui para a ciclagem de nutrientes e reduz a press\u00e3o de plantas daninhas. Isso se reflete diretamente no ganho da soja\u201d, explicou o agr\u00f4nomo Luan Pivatto.<\/p>\n<p>Pesquisadores tamb\u00e9m destacaram a evolu\u00e7\u00e3o gen\u00e9tica das cultivares, mais tolerantes \u00e0 seca e a doen\u00e7as como a brusone, al\u00e9m de estudos em andamento sobre a aduba\u00e7\u00e3o nitrogenada. Para o analista Bruno Lemos, da Embrapa Trigo, \u201co trigo \u00e9 um \u00f3timo neg\u00f3cio, desde que respeitadas as janelas de plantio\u201d. A avalia\u00e7\u00e3o dos t\u00e9cnicos \u00e9 de que a cultura pode voltar a ocupar espa\u00e7o relevante no Mato Grosso do Sul, fortalecendo o abastecimento interno e ampliando as oportunidades de renda para o produtor.<\/p>\n<\/p><\/div>\n<p><br \/>\n<br \/><a href=\"https:\/\/www.canalrural.com.br\/agricultura\/trigo\/trigo-ganha-espaco-em-ms-com-apoio-da-pesquisa-e-do-mercado\/\">Source link <\/a><\/p>\n","protected":false},"excerpt":{"rendered":"<p>Na \u00faltima semana, um dia de campo promovido pela Embrapa Agropecu\u00e1ria Oeste e pela Cooperalfa reuniu produtores e t\u00e9cnicos em<\/p>\n","protected":false},"author":1,"featured_media":2609,"comment_status":"open","ping_status":"open","sticky":false,"template":"","format":"standard","meta":{"_monsterinsights_skip_tracking":false,"_monsterinsights_sitenote_active":false,"_monsterinsights_sitenote_note":"","_monsterinsights_sitenote_category":0,"_uf_show_specific_survey":0,"_uf_disable_surveys":false,"footnotes":""},"categories":[1],"tags":[],"class_list":["post-19052","post","type-post","status-publish","format-standard","has-post-thumbnail","hentry","category-news"],"_links":{"self":[{"href":"https:\/\/agromt.news\/index.php?rest_route=\/wp\/v2\/posts\/19052"}],"collection":[{"href":"https:\/\/agromt.news\/index.php?rest_route=\/wp\/v2\/posts"}],"about":[{"href":"https:\/\/agromt.news\/index.php?rest_route=\/wp\/v2\/types\/post"}],"author":[{"embeddable":true,"href":"https:\/\/agromt.news\/index.php?rest_route=\/wp\/v2\/users\/1"}],"replies":[{"embeddable":true,"href":"https:\/\/agromt.news\/index.php?rest_route=%2Fwp%2Fv2%2Fcomments&post=19052"}],"version-history":[{"count":0,"href":"https:\/\/agromt.news\/index.php?rest_route=\/wp\/v2\/posts\/19052\/revisions"}],"wp:featuredmedia":[{"embeddable":true,"href":"https:\/\/agromt.news\/index.php?rest_route=\/wp\/v2\/media\/2609"}],"wp:attachment":[{"href":"https:\/\/agromt.news\/index.php?rest_route=%2Fwp%2Fv2%2Fmedia&parent=19052"}],"wp:term":[{"taxonomy":"category","embeddable":true,"href":"https:\/\/agromt.news\/index.php?rest_route=%2Fwp%2Fv2%2Fcategories&post=19052"},{"taxonomy":"post_tag","embeddable":true,"href":"https:\/\/agromt.news\/index.php?rest_route=%2Fwp%2Fv2%2Ftags&post=19052"}],"curies":[{"name":"wp","href":"https:\/\/api.w.org\/{rel}","templated":true}]}}