{"id":19046,"date":"2025-08-23T07:38:10","date_gmt":"2025-08-23T11:38:10","guid":{"rendered":"https:\/\/agromt.news\/?p=19046"},"modified":"2025-08-23T07:38:10","modified_gmt":"2025-08-23T11:38:10","slug":"o-que-mais-te-ajudaria-a-usar-mais-tecnologia-no-campo","status":"publish","type":"post","link":"https:\/\/agromt.news\/?p=19046","title":{"rendered":"O que mais te ajudaria a usar mais tecnologia no campo?"},"content":{"rendered":"<p> <br \/>\n<\/p>\n<div>\n<p>Na enquete da semana perguntamos: O que mais te ajudaria a usar mais tecnologia no campo? <\/p>\n<figure class=\"wp-block-image size-large\"><img fetchpriority=\"high\" decoding=\"async\" width=\"1024\" height=\"316\" alt=\"\" class=\"wp-image-4118689\"  data-lazy- src=\"https:\/\/agromt.news\/wp-content\/uploads\/2025\/08\/O-que-mais-te-ajudaria-a-usar-mais-tecnologia-no.jpg\"\/><img decoding=\"async\" width=\"1024\" height=\"316\" src=\"https:\/\/agromt.news\/wp-content\/uploads\/2025\/08\/O-que-mais-te-ajudaria-a-usar-mais-tecnologia-no.jpg\" alt=\"\" class=\"wp-image-4118689\"  \/><\/figure>\n<p>Segundo os resultados, 49% dos participantes acreditam que cursos ou orienta\u00e7\u00e3o t\u00e9cnica s\u00e3o o que mais ajudaria na ado\u00e7\u00e3o de tecnologia no campo. J\u00e1 33% apontaram o pre\u00e7o mais acess\u00edvel como fator determinante, enquanto 18% destacaram a necessidade de internet melhor.<\/p>\n<h2 class=\"wp-block-heading has-medium-font-size\" id=\"h-interpretacao-dos-resultados\">Interpreta\u00e7\u00e3o dos resultados<\/h2>\n<p>Para o gestor estadual do agroneg\u00f3cio do Sebrae-SP, Rodrigo Poli, os n\u00fameros revelam tend\u00eancias importantes sobre o comportamento do produtor rural em rela\u00e7\u00e3o \u00e0 inova\u00e7\u00e3o.<\/p>\n<p>\u201cO acesso \u00e0 internet n\u00e3o \u00e9 mais um grande desafio no meio rural, devido \u00e0s diversas ofertas de servi\u00e7o por cabeamento, r\u00e1dio e sat\u00e9lite. Talvez por isso esse resultado de 18% tenha sido o menor dentre os tr\u00eas apresentados\u201d, analisa Poli.<\/p>\n<p>J\u00e1 o fato de o pre\u00e7o mais acess\u00edvel aparecer em segundo lugar (33%) demonstra que ainda existe a percep\u00e7\u00e3o de que investir em tecnologia pode ser caro ou at\u00e9 mesmo invi\u00e1vel. \u201cA dificuldade do produtor em estar em contato com empresas que ofertam solu\u00e7\u00f5es tamb\u00e9m \u00e9 uma possibilidade\u201d, completa.<\/p>\n<\/div>\n<div>\n<p>O ponto mais relevante da pesquisa foi a lideran\u00e7a da op\u00e7\u00e3o curso ou orienta\u00e7\u00e3o t\u00e9cnica (49%). Para Poli, isso evidencia que a maioria dos produtores entende que n\u00e3o \u00e9 poss\u00edvel investir em inova\u00e7\u00e3o sem antes conhecer os benef\u00edcios e a aplicabilidade das ferramentas.<\/p>\n<p>\u201c\u00c9 uma vis\u00e3o assertiva de gest\u00e3o da propriedade. Primeiro \u00e9 preciso compreender o que pode ser feito e com qual prop\u00f3sito, para s\u00f3 depois investir\u201d, afirma o especialista.<\/p>\n<h2 class=\"wp-block-heading has-medium-font-size\" id=\"h-apoio-do-sebrae-na-adocao-de-tecnologias\">Apoio do Sebrae na ado\u00e7\u00e3o de tecnologias<\/h2>\n<p>Diante desse cen\u00e1rio, o Sebrae-SP oferece diversas iniciativas para apoiar os produtores rurais. Entre elas:<\/p>\n<ul class=\"wp-block-list\">\n<li><a href=\"https:\/\/www.canalrural.com.br\/empreendedorismo\/com-apoio-do-ali-rural-produtora-de-barretos-amplia-a-horta\/\">ALI Rura<\/a>l: acompanhamento personalizado e presencial por 12 meses na propriedade, com foco em inova\u00e7\u00e3o e implementa\u00e7\u00e3o de tecnologia<\/li>\n<li>Cursos em parceria com o Senar: voltados para o uso de solu\u00e7\u00f5es tecnol\u00f3gicas aplicadas ao campo.<\/li>\n<li>Dias de campo: eventos que exp\u00f5em tecnologias capazes de aumentar efici\u00eancia e produtividade.<\/li>\n<li>Vitrine <a href=\"https:\/\/digital.sebraesp.com.br\/\">Virtual do Sebrae-SP<\/a> com um portf\u00f3lio completo de informa\u00e7\u00f5es, ferramentas de gest\u00e3o e finan\u00e7as.<\/li>\n<li>Rede de consultores credenciados: suporte para planejar e estruturar estrat\u00e9gias de m\u00e9dio e longo prazo voltadas \u00e0 inova\u00e7\u00e3o.<\/li>\n<\/ul><\/div>\n<p><br \/>\n<br \/><a href=\"https:\/\/www.canalrural.com.br\/empreendedorismo\/o-que-mais-te-ajudaria-a-usar-mais-tecnologia-no-campo\/\">Source link <\/a><\/p>\n","protected":false},"excerpt":{"rendered":"<p>Na enquete da semana perguntamos: O que mais te ajudaria a usar mais tecnologia no campo? Segundo os resultados, 49%<\/p>\n","protected":false},"author":1,"featured_media":10975,"comment_status":"open","ping_status":"open","sticky":false,"template":"","format":"standard","meta":{"_monsterinsights_skip_tracking":false,"_monsterinsights_sitenote_active":false,"_monsterinsights_sitenote_note":"","_monsterinsights_sitenote_category":0,"_uf_show_specific_survey":0,"_uf_disable_surveys":false,"footnotes":""},"categories":[1],"tags":[],"class_list":["post-19046","post","type-post","status-publish","format-standard","has-post-thumbnail","hentry","category-news"],"_links":{"self":[{"href":"https:\/\/agromt.news\/index.php?rest_route=\/wp\/v2\/posts\/19046"}],"collection":[{"href":"https:\/\/agromt.news\/index.php?rest_route=\/wp\/v2\/posts"}],"about":[{"href":"https:\/\/agromt.news\/index.php?rest_route=\/wp\/v2\/types\/post"}],"author":[{"embeddable":true,"href":"https:\/\/agromt.news\/index.php?rest_route=\/wp\/v2\/users\/1"}],"replies":[{"embeddable":true,"href":"https:\/\/agromt.news\/index.php?rest_route=%2Fwp%2Fv2%2Fcomments&post=19046"}],"version-history":[{"count":0,"href":"https:\/\/agromt.news\/index.php?rest_route=\/wp\/v2\/posts\/19046\/revisions"}],"wp:featuredmedia":[{"embeddable":true,"href":"https:\/\/agromt.news\/index.php?rest_route=\/wp\/v2\/media\/10975"}],"wp:attachment":[{"href":"https:\/\/agromt.news\/index.php?rest_route=%2Fwp%2Fv2%2Fmedia&parent=19046"}],"wp:term":[{"taxonomy":"category","embeddable":true,"href":"https:\/\/agromt.news\/index.php?rest_route=%2Fwp%2Fv2%2Fcategories&post=19046"},{"taxonomy":"post_tag","embeddable":true,"href":"https:\/\/agromt.news\/index.php?rest_route=%2Fwp%2Fv2%2Ftags&post=19046"}],"curies":[{"name":"wp","href":"https:\/\/api.w.org\/{rel}","templated":true}]}}