{"id":19039,"date":"2025-08-23T01:13:30","date_gmt":"2025-08-23T05:13:30","guid":{"rendered":"https:\/\/agromt.news\/?p=19039"},"modified":"2025-08-23T01:13:30","modified_gmt":"2025-08-23T05:13:30","slug":"clima-favorece-avanco-da-semeadura-do-milho","status":"publish","type":"post","link":"https:\/\/agromt.news\/?p=19039","title":{"rendered":"Clima favorece avan\u00e7o da semeadura do milho"},"content":{"rendered":"<p> <br \/>\n<\/p>\n<div>\n<p style=\"text-align:justify\">O in\u00edcio da safra 2025\/2026 de <a href=\"https:\/\/www.agrolink.com.br\/culturas\/milho?utm_source=agrolink-detalhe-noticia&amp;utm_medium=detalhe-noticia&amp;utm_campaign=links-internos&#9;\" target=\"_blank\" rel=\"noopener\">milho<\/a> no Rio Grande do Sul ocorre de forma gradual, conforme o Informativo Conjuntural divulgado nesta quinta-feira (21) pela Emater\/RS-Ascar. Segundo o boletim, a implanta\u00e7\u00e3o das lavouras est\u00e1 sendo conduzida em conformidade com as condi\u00e7\u00f5es clim\u00e1ticas e com as orienta\u00e7\u00f5es do Zoneamento Agr\u00edcola de Risco Clim\u00e1tico (Zarc).&#13;\n<\/p>\n<p style=\"text-align:justify\">Desde o in\u00edcio de agosto, t\u00eam predominado as opera\u00e7\u00f5es de preparo do solo e a desseca\u00e7\u00e3o das \u00e1reas destinadas ao cultivo. \u201cA semeadura foi iniciada em localidades de menor suscetibilidade \u00e0 ocorr\u00eancia de geadas\u201d, destacou o informativo. As condi\u00e7\u00f5es recentes de tempo seco, insola\u00e7\u00e3o e aumento gradual das temperaturas do solo favoreceram o avan\u00e7o do plantio, criando ambiente prop\u00edcio para o estabelecimento das lavouras.<\/p>\n<p style=\"text-align:justify\">O documento aponta tend\u00eancia de expans\u00e3o da \u00e1rea cultivada em compara\u00e7\u00e3o \u00e0 safra anterior. Esse movimento \u00e9 associado \u201caos resultados satisfat\u00f3rios alcan\u00e7ados na \u00faltima safra, aos programas de fomento, \u00e0 necessidade de rota\u00e7\u00e3o de culturas e \u00e0 ado\u00e7\u00e3o de estrat\u00e9gias de manejo voltadas \u00e0 mitiga\u00e7\u00e3o da variabilidade clim\u00e1tica\u201d.<\/p>\n<p style=\"text-align:justify\">A Emater\/RS-Ascar realiza levantamento de campo para estimar a \u00e1rea cultivada e o potencial produtivo. Os dados consolidados ser\u00e3o divulgados em 2 de setembro, durante a 47\u00aa Expointer, em Esteio. Na safra 2024\/2025, a produtividade estadual de milho, segundo o IBGE, foi de 7,37 t\/ha em uma \u00e1rea total de 711,1 mil hectares.&#13;\n<\/p>\n<p style=\"text-align:justify\">Na Fronteira Oeste, o aumento da temperatura do solo impulsionou a implanta\u00e7\u00e3o das lavouras. Em Ma\u00e7ambar\u00e1, cerca de 750 hectares foram semeados, principalmente sob irriga\u00e7\u00e3o. Em S\u00e3o Borja, j\u00e1 foram implantados aproximadamente 4,5 mil hectares, sobretudo em propriedades que planejam uma segunda safra ap\u00f3s a colheita do milho precoce. A Emater\/RS-Ascar ressalta que, no munic\u00edpio, \u201csemeaduras realizadas nos dois primeiros dec\u00eandios de agosto apresentam historicamente desempenho superior em termos de produtividade, j\u00e1 que atrasos exp\u00f5em os cultivos a maior risco de estiagens durante o est\u00e1dio reprodutivo\u201d.<\/p>\n<p style=\"text-align:justify\">Na regi\u00e3o de Caxias do Sul, o solo est\u00e1 em fase de preparo, com in\u00edcio do plantio previsto para setembro, seguindo o calend\u00e1rio recomendado. H\u00e1 expectativa de pequeno acr\u00e9scimo na \u00e1rea em rela\u00e7\u00e3o \u00e0 safra anterior.<\/p>\n<p style=\"text-align:justify\">Em Erechim, muitos agricultores est\u00e3o utilizando recursos pr\u00f3prios para o cultivo, alegando que cr\u00e9dito e seguro agr\u00edcola apresentam custos elevados. O plantio come\u00e7ou em \u00e1reas de menor risco de geadas.<\/p>\n<p style=\"text-align:justify\">Na regi\u00e3o de Iju\u00ed, a semeadura avan\u00e7ou intensamente na \u00faltima semana, sobretudo nos munic\u00edpios da Regi\u00e3o Celeiro. Nos demais, os produtores aguardam a eleva\u00e7\u00e3o das temperaturas para iniciar a implanta\u00e7\u00e3o. O manejo qu\u00edmico com herbicidas est\u00e1 sendo conclu\u00eddo.<\/p>\n<p style=\"text-align:justify\">Na regi\u00e3o de Santa Rosa, estima-se que 40% da \u00e1rea j\u00e1 esteja implantada. Algumas lavouras mais precoces apresentam adequada emerg\u00eancia das plantas. At\u00e9 o momento, n\u00e3o h\u00e1 registros de cigarrinha, mas os agricultores foram orientados a monitorar os cultivos.&#13;\n<\/p>\n<p style=\"text-align:justify\">Em Soledade, o preparo do solo foi intensificado. Conforme o Zarc, a semeadura come\u00e7ou em 1\u00ba de setembro nos munic\u00edpios de baixa altitude do Baixo Vale do Rio Pardo e, a partir do dia 11, nos demais. Em Rio Pardo e Candel\u00e1ria, mais de 50% do previsto j\u00e1 foi implantado. Segundo o boletim, observa-se tend\u00eancia de amplia\u00e7\u00e3o da \u00e1rea \u201cimpulsionada pela utiliza\u00e7\u00e3o de cultivares de ciclo precoce e pela semeadura antecipada, estrat\u00e9gia voltada \u00e0 redu\u00e7\u00e3o dos riscos de estiagens e de altas temperaturas no final do ano\u201d.<\/p>\n<p style=\"text-align:justify\">No mercado, a Emater\/RS-Ascar registrou eleva\u00e7\u00e3o de 0,84% no pre\u00e7o m\u00e9dio estadual do milho, que passou de R$ 61,85 para R$ 62,37 a saca.<\/p>\n<\/p><\/div>\n<p><script data-cfasync=\"false\">\n    !function (f, b, e, v, n, t, s) {\n        if (f.fbq) return; n = f.fbq = function () {\n            n.callMethod ?\n                n.callMethod.apply(n, arguments) : n.queue.push(arguments)\n        };\n        if (!f._fbq) f._fbq = n; n.push = n; n.loaded = !0; n.version = '2.0';\n        n.queue = []; t = b.createElement(e); t.async = !0;\n        t.src = v; s = b.getElementsByTagName(e)[0];\n        s.parentNode.insertBefore(t, s)\n    }(window, document, 'script',\n        'https:\/\/connect.facebook.net\/en_US\/fbevents.js');\n    fbq('init', '522546078623747');\n    fbq('track', 'PageView');\n<\/script><br \/>\n<br \/><br \/>\n<br \/><a href=\"https:\/\/www.agrolink.com.br\/noticias\/milho-tem-inicio-gradual-de-plantio-no-rio-grande-do-sul_505220.html\">Source link <\/a><\/p>\n","protected":false},"excerpt":{"rendered":"<p>O in\u00edcio da safra 2025\/2026 de milho no Rio Grande do Sul ocorre de forma gradual, conforme o Informativo Conjuntural<\/p>\n","protected":false},"author":1,"featured_media":5644,"comment_status":"open","ping_status":"open","sticky":false,"template":"","format":"standard","meta":{"_monsterinsights_skip_tracking":false,"_monsterinsights_sitenote_active":false,"_monsterinsights_sitenote_note":"","_monsterinsights_sitenote_category":0,"_uf_show_specific_survey":0,"_uf_disable_surveys":false,"footnotes":""},"categories":[8,1,14],"tags":[],"class_list":["post-19039","post","type-post","status-publish","format-standard","has-post-thumbnail","hentry","category-agro","category-news","category-politica-agro"],"_links":{"self":[{"href":"https:\/\/agromt.news\/index.php?rest_route=\/wp\/v2\/posts\/19039"}],"collection":[{"href":"https:\/\/agromt.news\/index.php?rest_route=\/wp\/v2\/posts"}],"about":[{"href":"https:\/\/agromt.news\/index.php?rest_route=\/wp\/v2\/types\/post"}],"author":[{"embeddable":true,"href":"https:\/\/agromt.news\/index.php?rest_route=\/wp\/v2\/users\/1"}],"replies":[{"embeddable":true,"href":"https:\/\/agromt.news\/index.php?rest_route=%2Fwp%2Fv2%2Fcomments&post=19039"}],"version-history":[{"count":0,"href":"https:\/\/agromt.news\/index.php?rest_route=\/wp\/v2\/posts\/19039\/revisions"}],"wp:featuredmedia":[{"embeddable":true,"href":"https:\/\/agromt.news\/index.php?rest_route=\/wp\/v2\/media\/5644"}],"wp:attachment":[{"href":"https:\/\/agromt.news\/index.php?rest_route=%2Fwp%2Fv2%2Fmedia&parent=19039"}],"wp:term":[{"taxonomy":"category","embeddable":true,"href":"https:\/\/agromt.news\/index.php?rest_route=%2Fwp%2Fv2%2Fcategories&post=19039"},{"taxonomy":"post_tag","embeddable":true,"href":"https:\/\/agromt.news\/index.php?rest_route=%2Fwp%2Fv2%2Ftags&post=19039"}],"curies":[{"name":"wp","href":"https:\/\/api.w.org\/{rel}","templated":true}]}}