{"id":19038,"date":"2025-08-22T23:17:39","date_gmt":"2025-08-23T03:17:39","guid":{"rendered":"https:\/\/agromt.news\/?p=19038"},"modified":"2025-08-22T23:17:39","modified_gmt":"2025-08-23T03:17:39","slug":"oleo-de-soja-fecha-semana-em-leve-alta","status":"publish","type":"post","link":"https:\/\/agromt.news\/?p=19038","title":{"rendered":"\u00d3leo de soja fecha semana em leve alta"},"content":{"rendered":"<p> <br \/>\n<\/p>\n<div>\n<div class=\"row\">\n<div class=\"col-lg col-infos mt-0 mt-lg-0\">\n<div class=\"section-sub-title\">\n<p itemprop=\"description\">&#13;<br \/>\n                                A leve alta, no entanto, reflete uma press\u00e3o de baixa menor em outros derivados&#13;\n                            <\/p>\n<\/p><\/div>\n<div class=\"container\">\n<div class=\"row\">\n<div class=\"col-lg p-0\">\n<div>\n<div class=\"block-news-main-infos mt-3 text-start\">\n<p>                                            <strong class=\"fn\" itemprop=\"author\" style=\"color: rgb(112, 112, 112); \">&#13;<br \/>\n                                                <a href=\"https:\/\/www.agrolink.com.br\/noticias\/javascript:;\" class=\"text-uppercase\" target=\"_blank\" style=\"color: rgb(112, 112, 112); \" rel=\"noopener\">Agrolink<\/a>&#13;<br \/>\n&#13;<br \/>\n                                                    &#8211; Leonardo Gottems&#13;<br \/>\n&#13;<br \/>\n                                            <\/strong><br \/>\n                                        <\/p>\n<p>                                            <abbr><time datetime=\"2025-08-22T15:30\" itemprop=\"datePublished dateModified\">Publicado em 22\/08\/2025 \u00e0s 15:30h.<\/time><\/abbr><br \/>\n                                            <\/p><\/div>\n<\/p><\/div>\n<\/p><\/div>\n<div class=\"col-lg p-0 text-lg-end\">\n<div>\n<div id=\"mdEnviarPagina\" class=\"modal fade\" role=\"dialog\">\n<div class=\"modal-dialog\">\n<div class=\"modal-content\">\n<div class=\"modal-body\">\n<p><strong>Estimado usu\u00e1rio.<\/strong><br \/>Preencha o formul\u00e1rio abaixo para remeter a p\u00e1gina.<\/p>\n<\/p><\/div>\n<\/p><\/div>\n<\/p><\/div>\n<\/div><\/div>\n<\/p><\/div>\n<\/p><\/div>\n<\/p><\/div>\n<\/p><\/div>\n<\/p><\/div>\n<div class=\"row justify-content-md-center mt-3\">\n<div class=\"col-lg-auto col-image block-news-main-image\">\n<p>                                <img decoding=\"async\" src=\"https:\/\/www.agrolink.com.br\/upload\/imagens-resizes\/b0b7ef56108c429bb411765ad5fa9497_858x483.jpg\" class=\"lazyload img-fluid\" alt=\"A leve alta, no entanto, reflete uma press\u00e3o de baixa menor do que a observada em outros derivados \"\/><br \/>\n                                                <span class=\"d-block mt-1\">A leve alta, no entanto, reflete uma press\u00e3o de baixa menor do que a observada em outros derivados  &#8211; Foto: United Soybean Board<\/span><\/p><\/div>\n<\/p><\/div>\n<div class=\"section-description section-description-noticias mt-3\">\n<p>O mercado do \u00f3leo de <a href=\"https:\/\/www.agrolink.com.br\/culturas\/soja?utm_source=agrolink-detalhe-noticia&amp;utm_medium=detalhe-noticia&amp;utm_campaign=links-internos\" target=\"_blank\" rel=\"noopener\">soja<\/a> teve uma semana marcada pela volatilidade na Bolsa de Chicago, alternando quedas e recupera\u00e7\u00f5es pontuais. Segundo levantamento da StoneX, o movimento acompanhou a <a href=\"https:\/\/www.agrolink.com.br\/culturas\/soja?utm_source=agrolink-detalhe-noticia&amp;utm_medium=detalhe-noticia&amp;utm_campaign=links-internos\" target=\"_blank\" rel=\"noopener\">soja<\/a> em gr\u00e3o e o farelo, embora com menor intensidade, refletindo preocupa\u00e7\u00f5es com a safra americana e os n\u00fameros de esmagamento de julho nos EUA divulgados pela NOPA. Como resultado, o contrato de setembro terminou cotado a US\u00a2 53,2\/lb, registrando valoriza\u00e7\u00e3o semanal de 0,9%.&#13;\n<\/p>\n<p>O otimismo em rela\u00e7\u00e3o ao \u00f3leo de soja esteve ligado principalmente \u00e0 percep\u00e7\u00e3o de risco maior para a safra dos Estados Unidos, ap\u00f3s ajustes nas estimativas do USDA. Esse cen\u00e1rio, aliado \u00e0 for\u00e7a dos derivados e ao ritmo de esmagamento, ajudou a sustentar pre\u00e7os mesmo em meio \u00e0 instabilidade do mercado. A leve alta, no entanto, reflete uma press\u00e3o de baixa menor do que a observada em outros derivados da soja.<\/p>\n<p>J\u00e1 o \u00f3leo de palma foi o grande destaque positivo da semana, acumulando alta de 5,7% e atingindo o maior patamar em quatro meses. O suporte inicial veio dos n\u00fameros do Conselho de \u00d3leo de Palma da Mal\u00e1sia (MPOB), que apontaram produ\u00e7\u00e3o e estoques abaixo das expectativas, refor\u00e7ados por estimativas da SPPOMA que indicaram queda de 6,25% na produ\u00e7\u00e3o nos primeiros dez dias de agosto.&#13;\n<\/p>\n<p>Esse movimento ganhou ainda mais for\u00e7a com o avan\u00e7o dos embarques malaios. Inspetores de cargas estimaram crescimento entre 16,5% e 23,7% nas exporta\u00e7\u00f5es na primeira metade do m\u00eas, sinalizando um aperto maior no balan\u00e7o global de oferta e demanda. Com isso, o contrato de outubro encerrou a semana negociado a USD 1.062\/t, consolidando uma expressiva valoriza\u00e7\u00e3o.<br \/>&#13;<br \/>\n\u00a0<\/p>\n<\/p><\/div>\n<\/p><\/div>\n<p><script data-cfasync=\"false\">\n    !function (f, b, e, v, n, t, s) {\n        if (f.fbq) return; n = f.fbq = function () {\n            n.callMethod ?\n                n.callMethod.apply(n, arguments) : n.queue.push(arguments)\n        };\n        if (!f._fbq) f._fbq = n; n.push = n; n.loaded = !0; n.version = '2.0';\n        n.queue = []; t = b.createElement(e); t.async = !0;\n        t.src = v; s = b.getElementsByTagName(e)[0];\n        s.parentNode.insertBefore(t, s)\n    }(window, document, 'script',\n        'https:\/\/connect.facebook.net\/en_US\/fbevents.js');\n    fbq('init', '522546078623747');\n    fbq('track', 'PageView');\n<\/script><br \/>\n<br \/><br \/>\n<br \/><a href=\"https:\/\/www.agrolink.com.br\/noticias\/oleo-de-soja-fecha-semana-em-leve-alta_505221.html\">Source link <\/a><\/p>\n","protected":false},"excerpt":{"rendered":"<p>&#13; A leve alta, no entanto, reflete uma press\u00e3o de baixa menor em outros derivados&#13; &#13; Agrolink&#13; &#13; &#8211; Leonardo<\/p>\n","protected":false},"author":1,"featured_media":4086,"comment_status":"open","ping_status":"open","sticky":false,"template":"","format":"standard","meta":{"_monsterinsights_skip_tracking":false,"_monsterinsights_sitenote_active":false,"_monsterinsights_sitenote_note":"","_monsterinsights_sitenote_category":0,"_uf_show_specific_survey":0,"_uf_disable_surveys":false,"footnotes":""},"categories":[8,1,14],"tags":[],"class_list":["post-19038","post","type-post","status-publish","format-standard","has-post-thumbnail","hentry","category-agro","category-news","category-politica-agro"],"_links":{"self":[{"href":"https:\/\/agromt.news\/index.php?rest_route=\/wp\/v2\/posts\/19038"}],"collection":[{"href":"https:\/\/agromt.news\/index.php?rest_route=\/wp\/v2\/posts"}],"about":[{"href":"https:\/\/agromt.news\/index.php?rest_route=\/wp\/v2\/types\/post"}],"author":[{"embeddable":true,"href":"https:\/\/agromt.news\/index.php?rest_route=\/wp\/v2\/users\/1"}],"replies":[{"embeddable":true,"href":"https:\/\/agromt.news\/index.php?rest_route=%2Fwp%2Fv2%2Fcomments&post=19038"}],"version-history":[{"count":0,"href":"https:\/\/agromt.news\/index.php?rest_route=\/wp\/v2\/posts\/19038\/revisions"}],"wp:featuredmedia":[{"embeddable":true,"href":"https:\/\/agromt.news\/index.php?rest_route=\/wp\/v2\/media\/4086"}],"wp:attachment":[{"href":"https:\/\/agromt.news\/index.php?rest_route=%2Fwp%2Fv2%2Fmedia&parent=19038"}],"wp:term":[{"taxonomy":"category","embeddable":true,"href":"https:\/\/agromt.news\/index.php?rest_route=%2Fwp%2Fv2%2Fcategories&post=19038"},{"taxonomy":"post_tag","embeddable":true,"href":"https:\/\/agromt.news\/index.php?rest_route=%2Fwp%2Fv2%2Ftags&post=19038"}],"curies":[{"name":"wp","href":"https:\/\/api.w.org\/{rel}","templated":true}]}}