{"id":19037,"date":"2025-08-22T21:21:45","date_gmt":"2025-08-23T01:21:45","guid":{"rendered":"https:\/\/agromt.news\/?p=19037"},"modified":"2025-08-22T21:21:45","modified_gmt":"2025-08-23T01:21:45","slug":"produtor-ressalta-potencial-das-variedades-de-cevada-da-embrapa","status":"publish","type":"post","link":"https:\/\/agromt.news\/?p=19037","title":{"rendered":"Produtor ressalta potencial das variedades de cevada da Embrapa"},"content":{"rendered":"<p> <br \/>\n<\/p>\n<div>\n<div class=\"row\">\n<div class=\"col-lg col-infos mt-0 mt-lg-0\">\n<div class=\"section-sub-title\">\n<p itemprop=\"description\">&#13;<br \/>\n                                Podutor comentou sobre a possibilidade de produzir alimentos org\u00e2nicos&#13;\n                            <\/p>\n<\/p><\/div>\n<div class=\"container\">\n<div class=\"row\">\n<div class=\"col-lg p-0\">\n<div>\n<div class=\"block-news-main-infos mt-3 text-start\">\n<p>                                            <strong class=\"fn\" itemprop=\"author\" style=\"color: rgb(112, 112, 112); \">&#13;<br \/>\n                                                <a href=\"https:\/\/www.embrapa.br\/busca-de-noticias\/-\/noticia\/102610237\/produtor-ressalta-potencial-das-variedades-de-cevada-da-embrapa-testadas-no-cigv-da-embrapa-cerrados?p_auth=LaszvjOm\" class=\"text-uppercase\" target=\"_blank\" style=\"color: rgb(112, 112, 112); \" rel=\"noopener\">Embrapa<\/a>&#13;<br \/>\n&#13;<br \/>\n&#13;<br \/>\n                                            <\/strong><br \/>\n                                        <\/p>\n<p>                                            <abbr><time datetime=\"2025-08-22T16:17\" itemprop=\"datePublished dateModified\">Publicado em 22\/08\/2025 \u00e0s 16:17h.<\/time><\/abbr><br \/>\n                                            <\/p><\/div>\n<\/p><\/div>\n<\/p><\/div>\n<div class=\"col-lg p-0 text-lg-end\">\n<div>\n<div id=\"mdEnviarPagina\" class=\"modal fade\" role=\"dialog\">\n<div class=\"modal-dialog\">\n<div class=\"modal-content\">\n<div class=\"modal-body\">\n<p><strong>Estimado usu\u00e1rio.<\/strong><br \/>Preencha o formul\u00e1rio abaixo para remeter a p\u00e1gina.<\/p>\n<\/p><\/div>\n<\/p><\/div>\n<\/p><\/div>\n<\/div><\/div>\n<\/p><\/div>\n<\/p><\/div>\n<\/p><\/div>\n<\/p><\/div>\n<\/p><\/div>\n<div class=\"row justify-content-md-center mt-3\">\n<div class=\"col-lg-auto col-image block-news-main-image\">\n<p>                                <img decoding=\"async\" src=\"https:\/\/www.agrolink.com.br\/upload\/imagens-resizes\/e483d483a28e405397488f5f4a9f2b0c_858x483.jpg\" class=\"lazyload img-fluid\"\/><br \/>\n                                                <span class=\"publicity-photo d-block mt-1\">Foto: Canva<\/span><\/p><\/div>\n<\/p><\/div>\n<div class=\"section-description section-description-noticias mt-3\">\n<p style=\"text-align:justify\">Em visita no dia 22 de agosto ao Centro de Inova\u00e7\u00e3o em Gen\u00e9tica Vegetal (CIGV) da Embrapa Cerrados (DF), localizado na Fazenda Sucupira, em Bras\u00edlia, o produtor rural Joe Valle, propriet\u00e1rio da Fazenda Malunga, conheceu os ensaios com diversas variedades de cevada. Ele foi recebido pelo chefe-adjunto de Transfer\u00eancia de Tecnologia, F\u00e1bio Faleiro; pelo supervisor do CIGV, Lincoln Loures; pelo pesquisador Renato Amabile e pelo extensionista da Emater-DF, H\u00e9lcio Santos. Valle, que produz e comercializa a cerveja Malungueira, fabricada com ingredientes org\u00e2nicos, acredita que \u00e9 poss\u00edvel produzir uma bebida de alta qualidade a partir de materiais de cevada selecionados para cultivo no Cerrado. \u201cQuando vemos um campo como este, no CIGV, e o potencial dos materiais que est\u00e3o sendo testados, acreditamos que faremos n\u00e3o s\u00f3 uma boa cerveja, mas a melhor cerveja do mundo com material da Embrapa, do Cerrado e org\u00e2nico\u201d.&#13;\n<\/p>\n<p style=\"text-align:justify\">O produtor tamb\u00e9m comentou sobre a possibilidade de produzir alimentos org\u00e2nicos a partir da cevada nua, variedade voltada \u00e0 alimenta\u00e7\u00e3o humana devido \u00e0s propriedades funcionais. \u201cEssa \u00e9 uma grande tend\u00eancia de mercado. Vemos lan\u00e7amentos nesse sentido todo dia, e esses produtos aparecem nas nossas lojas. Tenho certeza de que, com a capacidade produtiva e de adapta\u00e7\u00e3o desse material, ser\u00e1 um sucesso. Vamos fazer a farinha de cevada na Malunga e lan\u00e7\u00e1-la em nossas lojas\u201d, afirmou.&#13;\n<\/p>\n<p style=\"text-align:justify\">O pesquisador Renato Amabile est\u00e1 conduzindo, al\u00e9m dos ensaios no CIGV, uma unidade demonstrativa de cevada org\u00e2nica na Fazenda Malunga (veja na foto abaixo).<\/p>\n<p style=\"text-align:justify\">\u00a0<\/p>\n<\/p><\/div>\n<\/p><\/div>\n<p><script data-cfasync=\"false\">\n    !function (f, b, e, v, n, t, s) {\n        if (f.fbq) return; n = f.fbq = function () {\n            n.callMethod ?\n                n.callMethod.apply(n, arguments) : n.queue.push(arguments)\n        };\n        if (!f._fbq) f._fbq = n; n.push = n; n.loaded = !0; n.version = '2.0';\n        n.queue = []; t = b.createElement(e); t.async = !0;\n        t.src = v; s = b.getElementsByTagName(e)[0];\n        s.parentNode.insertBefore(t, s)\n    }(window, document, 'script',\n        'https:\/\/connect.facebook.net\/en_US\/fbevents.js');\n    fbq('init', '522546078623747');\n    fbq('track', 'PageView');\n<\/script><br \/>\n<br \/><br \/>\n<br \/><a href=\"https:\/\/www.agrolink.com.br\/noticias\/produtor-ressalta-potencial-das-variedades-de-cevada-da-embrapa-testadas-no-cigv-da-embrapa-cerrados_505222.html\">Source link <\/a><\/p>\n","protected":false},"excerpt":{"rendered":"<p>&#13; Podutor comentou sobre a possibilidade de produzir alimentos org\u00e2nicos&#13; &#13; Embrapa&#13; &#13; &#13; Publicado em 22\/08\/2025 \u00e0s 16:17h. Estimado<\/p>\n","protected":false},"author":1,"featured_media":1165,"comment_status":"open","ping_status":"open","sticky":false,"template":"","format":"standard","meta":{"_monsterinsights_skip_tracking":false,"_monsterinsights_sitenote_active":false,"_monsterinsights_sitenote_note":"","_monsterinsights_sitenote_category":0,"_uf_show_specific_survey":0,"_uf_disable_surveys":false,"footnotes":""},"categories":[8,1,14],"tags":[],"class_list":["post-19037","post","type-post","status-publish","format-standard","has-post-thumbnail","hentry","category-agro","category-news","category-politica-agro"],"_links":{"self":[{"href":"https:\/\/agromt.news\/index.php?rest_route=\/wp\/v2\/posts\/19037"}],"collection":[{"href":"https:\/\/agromt.news\/index.php?rest_route=\/wp\/v2\/posts"}],"about":[{"href":"https:\/\/agromt.news\/index.php?rest_route=\/wp\/v2\/types\/post"}],"author":[{"embeddable":true,"href":"https:\/\/agromt.news\/index.php?rest_route=\/wp\/v2\/users\/1"}],"replies":[{"embeddable":true,"href":"https:\/\/agromt.news\/index.php?rest_route=%2Fwp%2Fv2%2Fcomments&post=19037"}],"version-history":[{"count":0,"href":"https:\/\/agromt.news\/index.php?rest_route=\/wp\/v2\/posts\/19037\/revisions"}],"wp:featuredmedia":[{"embeddable":true,"href":"https:\/\/agromt.news\/index.php?rest_route=\/wp\/v2\/media\/1165"}],"wp:attachment":[{"href":"https:\/\/agromt.news\/index.php?rest_route=%2Fwp%2Fv2%2Fmedia&parent=19037"}],"wp:term":[{"taxonomy":"category","embeddable":true,"href":"https:\/\/agromt.news\/index.php?rest_route=%2Fwp%2Fv2%2Fcategories&post=19037"},{"taxonomy":"post_tag","embeddable":true,"href":"https:\/\/agromt.news\/index.php?rest_route=%2Fwp%2Fv2%2Ftags&post=19037"}],"curies":[{"name":"wp","href":"https:\/\/api.w.org\/{rel}","templated":true}]}}