{"id":19034,"date":"2025-08-22T19:46:40","date_gmt":"2025-08-22T23:46:40","guid":{"rendered":"https:\/\/agromt.news\/?p=19034"},"modified":"2025-08-22T19:46:40","modified_gmt":"2025-08-22T23:46:40","slug":"veja-como-a-arroba-do-boi-gordo-terminou-a-semana","status":"publish","type":"post","link":"https:\/\/agromt.news\/?p=19034","title":{"rendered":"Veja como a arroba do boi gordo terminou a semana"},"content":{"rendered":"<p> <br \/>\n<br \/><img decoding=\"async\" src=\"https:\/\/agromt.news\/wp-content\/uploads\/2024\/09\/reducao-marca-a-fogo-substituicao-brincos-bottons-fazenda-sao-clemente-agropecuaria-marcondes-cesar.jpeg\" \/><\/p>\n<div>\n<p>O mercado f\u00edsico do boi gordo se depara com manuten\u00e7\u00e3o do padr\u00e3o das negocia\u00e7\u00f5es em grande parte do pa\u00eds. <\/p>\n<p>Segundo o analista da consultoria Safras &amp; Mercado Fernando Henrique Iglesias, o ambiente de neg\u00f3cios no restante de agosto ainda sugere por um perfil mais lateralizado, com os frigor\u00edficos ainda encontrando certa dificuldade na composi\u00e7\u00e3o de suas escalas de abate.<\/p>\n<p>\u201cPara o \u00faltimo quadrimestre a expectativa em torno dos pre\u00e7os da arroba do boi gordo ainda \u00e9 favor\u00e1vel, considerando a continuidade de um ritmo forte de exporta\u00e7\u00e3o, somado ao auge do consumo no mercado dom\u00e9stico\u201d, conta.<\/p>\n<ul class=\"wp-block-list\">\n<li><strong>S\u00e3o Paulo:<\/strong> R$ 312,02 \u2014 ontem: R$ 311,68<\/li>\n<li><strong>Goi\u00e1s: <\/strong>R$ 302,14 \u2014 R$ 301,25<\/li>\n<li><strong>Minas Gerais: <\/strong>R$ 303,53 \u2014 R$ 302,94<\/li>\n<li><strong>Mato Grosso do Sul: <\/strong>R$ 319,32 \u2014 R$ 319,09<\/li>\n<li><strong>Mato Grosso: <\/strong>R$ 309,93 \u2014 R$ 309,53<\/li>\n<\/ul>\n<h2 class=\"wp-block-heading\" id=\"h-mercado-atacadista\">Mercado atacadista<\/h2>\n<p>O mercado atacadista encerra a semana apresentando acomoda\u00e7\u00e3o em seus pre\u00e7os. De acordo com Iglesias, o cen\u00e1rio tra\u00e7ado para o restante do m\u00eas aponta para pouco espa\u00e7o de recupera\u00e7\u00e3o dos pre\u00e7os da carne bovina no atacado.<\/p>\n<\/div>\n<div>\n<p>\u201cA expectativa \u00e9 que os pre\u00e7os reajam de maneira mais incisiva durante a primeira quinzena de setembro. Vale destacar que a carne de <strong><a href=\"https:\/\/www.canalrural.com.br\/tag\/frango\/\">frango<\/a><\/strong> ainda disp\u00f5e de maior competitividade se comparado \u00e0s prote\u00ednas concorrentes, em especial na compara\u00e7\u00e3o com a carne bovina\u201d, assinalou.<\/p>\n<p>O quarto traseiro ainda \u00e9 precificado a R$ 23 por quilo; o dianteiro segue cotado a R$ 18; e a ponta de agulha se mant\u00e9m a R$ 17.<\/p>\n<h2 class=\"wp-block-heading\" id=\"h-cambio\">C\u00e2mbio<\/h2>\n<p>O d\u00f3lar comercial encerrou a sess\u00e3o em queda de 0,95%, sendo negociado a R$ 5,4253 para venda e a R$ 5,4233 para compra. Durante o dia, a moeda norte-americana oscilou entre a m\u00ednima de R$ 5,4116 e a m\u00e1xima de R$ 5,4766. Na semana, a moeda norte-americana teve valoriza\u00e7\u00e3o de 0,49%.<\/p>\n<\/p><\/div>\n<p><br \/>\n<br \/><a href=\"https:\/\/www.canalrural.com.br\/pecuaria\/veja-como-a-arroba-do-boi-gordo-terminou-a-semana\/\">Source link <\/a><\/p>\n","protected":false},"excerpt":{"rendered":"<p>O mercado f\u00edsico do boi gordo se depara com manuten\u00e7\u00e3o do padr\u00e3o das negocia\u00e7\u00f5es em grande parte do pa\u00eds. Segundo<\/p>\n","protected":false},"author":1,"featured_media":2543,"comment_status":"open","ping_status":"open","sticky":false,"template":"","format":"standard","meta":{"_monsterinsights_skip_tracking":false,"_monsterinsights_sitenote_active":false,"_monsterinsights_sitenote_note":"","_monsterinsights_sitenote_category":0,"_uf_show_specific_survey":0,"_uf_disable_surveys":false,"footnotes":""},"categories":[1],"tags":[],"class_list":["post-19034","post","type-post","status-publish","format-standard","has-post-thumbnail","hentry","category-news"],"_links":{"self":[{"href":"https:\/\/agromt.news\/index.php?rest_route=\/wp\/v2\/posts\/19034"}],"collection":[{"href":"https:\/\/agromt.news\/index.php?rest_route=\/wp\/v2\/posts"}],"about":[{"href":"https:\/\/agromt.news\/index.php?rest_route=\/wp\/v2\/types\/post"}],"author":[{"embeddable":true,"href":"https:\/\/agromt.news\/index.php?rest_route=\/wp\/v2\/users\/1"}],"replies":[{"embeddable":true,"href":"https:\/\/agromt.news\/index.php?rest_route=%2Fwp%2Fv2%2Fcomments&post=19034"}],"version-history":[{"count":0,"href":"https:\/\/agromt.news\/index.php?rest_route=\/wp\/v2\/posts\/19034\/revisions"}],"wp:featuredmedia":[{"embeddable":true,"href":"https:\/\/agromt.news\/index.php?rest_route=\/wp\/v2\/media\/2543"}],"wp:attachment":[{"href":"https:\/\/agromt.news\/index.php?rest_route=%2Fwp%2Fv2%2Fmedia&parent=19034"}],"wp:term":[{"taxonomy":"category","embeddable":true,"href":"https:\/\/agromt.news\/index.php?rest_route=%2Fwp%2Fv2%2Fcategories&post=19034"},{"taxonomy":"post_tag","embeddable":true,"href":"https:\/\/agromt.news\/index.php?rest_route=%2Fwp%2Fv2%2Ftags&post=19034"}],"curies":[{"name":"wp","href":"https:\/\/api.w.org\/{rel}","templated":true}]}}