{"id":19026,"date":"2025-08-22T17:23:05","date_gmt":"2025-08-22T21:23:05","guid":{"rendered":"https:\/\/agromt.news\/?p=19026"},"modified":"2025-08-22T17:23:05","modified_gmt":"2025-08-22T21:23:05","slug":"fechamento-do-mercado-de-soja-apresenta-queda-no-preco-em-seis-regioes-saiba-quais","status":"publish","type":"post","link":"https:\/\/agromt.news\/?p=19026","title":{"rendered":"Fechamento do mercado de soja apresenta queda no pre\u00e7o em seis regi\u00f5es; saiba quais"},"content":{"rendered":"<p> <br \/>\n<br \/><img decoding=\"async\" src=\"https:\/\/agromt.news\/wp-content\/uploads\/2025\/08\/Fechamento-do-mercado-de-soja-apresenta-queda-no-preco-em.jpg\" \/><\/p>\n<div>\n<p>O <a href=\"https:\/\/www.canalrural.com.br\/agricultura\/projeto-soja-brasil\/\">mercado <\/a>de soja encerrou esta sexta-feira (22) com neg\u00f3cios fracos na safra dispon\u00edvel. Segundo o analista da <a href=\"https:\/\/safras.com.br\/\">Safras &amp; Mercado<\/a>, Rafael Silveira, a demanda para a safra atual entra em fase de menor liquidez, com menor necessidade de compras pelas ind\u00fastrias e de embarques.<\/p>\n<ul class=\"wp-block-list\">\n<li><strong><em>Fique por dentro das novidades e not\u00edcias recentes sobre a soja! Participe da nossa comunidade atrav\u00e9s do\u00a0<a href=\"https:\/\/chat.whatsapp.com\/BmMRwA0TZ2DHGyhzoaVEWu\">link<\/a>! \ud83c\udf31<\/em><\/strong><\/li>\n<\/ul>\n<p>Em rela\u00e7\u00e3o \u00e0 safra nova, surgiram bons reportes em Minas Gerais, e a tend\u00eancia \u00e9 que o foco siga cada vez mais voltado para frente, destacou o analista.<\/p>\n<p>Nos pre\u00e7os, houve recuos de forma geral, mas sem firmeza em todas as pra\u00e7as. Silveira comentou que a press\u00e3o sobre os valores veio da queda dos pr\u00eamios e da forte baixa do c\u00e2mbio, que reduziu o suporte da alta em Chicago.<\/p>\n<p>No geral, o mercado segue lento, com spreads altos entre comprador e vendedor, e ofertas entrando de forma estrat\u00e9gica e cadenciada.<\/p>\n<h3 class=\"wp-block-heading\" id=\"h-soja-no-brasil-em-r\">Soja no Brasil (em R$)<\/h3>\n<ul class=\"wp-block-list\">\n<li><strong>Passo Fundo (RS):<\/strong> manteve em 135,50 para 135,00<\/li>\n<li><strong>Santa Rosa (RS):<\/strong> caiu de 136,50 para 136,00<\/li>\n<li><strong>Rio Grande (RS):<\/strong> caiu de 143,00 para 142,00<\/li>\n<li><strong>Cascavel (PR):<\/strong> caiu de 138,00 para 137,00<\/li>\n<li><strong>Paranagu\u00e1 (PR):<\/strong> caiu de 141,00 para 140,00<\/li>\n<li><strong>Rondon\u00f3polis (MT):<\/strong> caiu de 129,00 para 127,00<\/li>\n<li><strong>Dourados (MS):<\/strong> manteve em 127,00<\/li>\n<li><strong>Rio Verde (GO):<\/strong> caiu de 127,00 para 126,00<\/li>\n<\/ul>\n<\/div>\n<div>\n<h3 class=\"wp-block-heading\" id=\"h-chicago\">Chicago<\/h3>\n<p>Os contratos futuros da soja negociados na Bolsa de Chicago (CBOT) fecharam o dia em alta, apoiados em rumores de compras da oleaginosa americana pela China. O \u00f3leo disparou e voltou a liderar os ganhos, ap\u00f3s decis\u00e3o sobre biocombust\u00edveis. Os agentes tamb\u00e9m aguardam os n\u00fameros finais da crop tour da Profarmer.<\/p>\n<p>A Ag\u00eancia de Prote\u00e7\u00e3o Ambiental dos EUA (EPA) iniciou a an\u00e1lise de pedidos de pequenas refinarias para isen\u00e7\u00e3o das leis de biocombust\u00edveis. Foram deferidos 63 pedidos, 28 negados e 77 parcialmente aprovados. O processo envolve 5,34 bilh\u00f5es de cr\u00e9ditos de conformidade (RINS). Ainda restam 13 solicita\u00e7\u00f5es pendentes desde 2016.<\/p>\n<h2 class=\"wp-block-heading\" id=\"h-contratos-futuros-de-soja\">Contratos futuros de soja <\/h2>\n<p>Os contratos da soja em gr\u00e3o com entrega em setembro fecharam em US$ 10,36 por bushel, alta de 2,00 centavos (0,19%). A posi\u00e7\u00e3o novembro terminou a US$ 10,58 1\/2 por bushel, com avan\u00e7o de 2,50 centavos (0,23%).<\/p>\n<p>Nos subprodutos, o farelo para dezembro recuou US$ 2,70 (0,91%), a US$ 291,50 por tonelada. O \u00f3leo para dezembro avan\u00e7ou 1,45 centavo (2,69%), a 55,32 centavos de d\u00f3lar por libra-peso.<\/p>\n<h3 class=\"wp-block-heading\" id=\"h-cambio\">C\u00e2mbio<\/h3>\n<p>O d\u00f3lar comercial encerrou a sess\u00e3o em queda de 0,95%, negociado a R$ 5,4253 para venda e R$ 5,4233 para compra. Na semana, a moeda acumulou valoriza\u00e7\u00e3o de 0,49%.<\/p>\n<\/p><\/div>\n<p><br \/>\n<br \/><a href=\"https:\/\/www.canalrural.com.br\/agricultura\/projeto-soja-brasil\/fechamento-do-mercado-da-soja-apresenta-queda-no-preco-em-seis-regioes-saiba-quais\/\">Source link <\/a><\/p>\n","protected":false},"excerpt":{"rendered":"<p>O mercado de soja encerrou esta sexta-feira (22) com neg\u00f3cios fracos na safra dispon\u00edvel. Segundo o analista da Safras &amp;<\/p>\n","protected":false},"author":1,"featured_media":19027,"comment_status":"open","ping_status":"open","sticky":false,"template":"","format":"standard","meta":{"_monsterinsights_skip_tracking":false,"_monsterinsights_sitenote_active":false,"_monsterinsights_sitenote_note":"","_monsterinsights_sitenote_category":0,"_uf_show_specific_survey":0,"_uf_disable_surveys":false,"footnotes":""},"categories":[1],"tags":[],"class_list":["post-19026","post","type-post","status-publish","format-standard","has-post-thumbnail","hentry","category-news"],"_links":{"self":[{"href":"https:\/\/agromt.news\/index.php?rest_route=\/wp\/v2\/posts\/19026"}],"collection":[{"href":"https:\/\/agromt.news\/index.php?rest_route=\/wp\/v2\/posts"}],"about":[{"href":"https:\/\/agromt.news\/index.php?rest_route=\/wp\/v2\/types\/post"}],"author":[{"embeddable":true,"href":"https:\/\/agromt.news\/index.php?rest_route=\/wp\/v2\/users\/1"}],"replies":[{"embeddable":true,"href":"https:\/\/agromt.news\/index.php?rest_route=%2Fwp%2Fv2%2Fcomments&post=19026"}],"version-history":[{"count":0,"href":"https:\/\/agromt.news\/index.php?rest_route=\/wp\/v2\/posts\/19026\/revisions"}],"wp:featuredmedia":[{"embeddable":true,"href":"https:\/\/agromt.news\/index.php?rest_route=\/wp\/v2\/media\/19027"}],"wp:attachment":[{"href":"https:\/\/agromt.news\/index.php?rest_route=%2Fwp%2Fv2%2Fmedia&parent=19026"}],"wp:term":[{"taxonomy":"category","embeddable":true,"href":"https:\/\/agromt.news\/index.php?rest_route=%2Fwp%2Fv2%2Fcategories&post=19026"},{"taxonomy":"post_tag","embeddable":true,"href":"https:\/\/agromt.news\/index.php?rest_route=%2Fwp%2Fv2%2Ftags&post=19026"}],"curies":[{"name":"wp","href":"https:\/\/api.w.org\/{rel}","templated":true}]}}