{"id":19025,"date":"2025-08-22T17:08:42","date_gmt":"2025-08-22T21:08:42","guid":{"rendered":"https:\/\/agromt.news\/?p=19025"},"modified":"2025-08-22T17:08:42","modified_gmt":"2025-08-22T21:08:42","slug":"chuvas-frio-ou-calor-em-setembro-o-que-o-tempo-reserva-para-a-primeira-quinzena-do-mes","status":"publish","type":"post","link":"https:\/\/agromt.news\/?p=19025","title":{"rendered":"Chuvas, frio ou calor em setembro? O que o tempo reserva para a primeira quinzena do m\u00eas?"},"content":{"rendered":"<p> <br \/>\n<br \/><img decoding=\"async\" src=\"https:\/\/agromt.news\/wp-content\/uploads\/2025\/04\/Chuva-em-excesso-pode-atrapalhar-o-desenvolvimento-da-soja-em.jpg\" \/><\/p>\n<div>\n<p>Os <a href=\"https:\/\/www.canalrural.com.br\/?s=riscos+de+inc%C3%AAndio+\">riscos de inc\u00eandio <\/a>continuam como destaque na previs\u00e3o do tempo desta semana. A falta de chuvas no Brasil Central mant\u00e9m o alerta <a href=\"https:\/\/www.canalrural.com.br\/?s=previs%C3%A3o+do+tempo\">elevado <\/a>para produtores de soja e moradores da regi\u00e3o.<\/p>\n<p><iframe title=\"Chuvas, frio ou calor em setembro? O que o tempo reserva para a primeira quinzena do m\u00eas?\" width=\"800\" height=\"450\" src=\"https:\/\/www.youtube.com\/embed\/DFAJw18hnJA?feature=oembed\" frameborder=\"0\" allow=\"accelerometer; autoplay; clipboard-write; encrypted-media; gyroscope; picture-in-picture; web-share\" referrerpolicy=\"strict-origin-when-cross-origin\" allowfullscreen><\/iframe><noscript><iframe title=\"Chuvas, frio ou calor em setembro? O que o tempo reserva para a primeira quinzena do m\u00eas?\" width=\"800\" height=\"450\" src=\"https:\/\/www.youtube.com\/embed\/DFAJw18hnJA?feature=oembed\" frameborder=\"0\" allow=\"accelerometer; autoplay; clipboard-write; encrypted-media; gyroscope; picture-in-picture; web-share\" referrerpolicy=\"strict-origin-when-cross-origin\" allowfullscreen><\/iframe><\/noscript><\/p>\n<ul class=\"wp-block-list\">\n<li><strong><em>Fique por dentro das novidades e not\u00edcias recentes sobre a soja! Participe da nossa comunidade atrav\u00e9s do\u00a0<a href=\"https:\/\/chat.whatsapp.com\/BmMRwA0TZ2DHGyhzoaVEWu\">link<\/a>! \ud83c\udf31<\/em><\/strong><\/li>\n<\/ul>\n<p>Com o solo extremamente seco em pleno per\u00edodo de prepara\u00e7\u00e3o da safra 2025\/26, em setembro, a preocupa\u00e7\u00e3o aumenta. Por isso, a orienta\u00e7\u00e3o \u00e9 que seja evitado qualquer tipo de manejo com fogo, j\u00e1 que as condi\u00e7\u00f5es atuais favorecem a propaga\u00e7\u00e3o r\u00e1pida de inc\u00eandios.<\/p>\n<\/div>\n<div>\n<h2 class=\"wp-block-heading\" id=\"h-tempestades-e-chuvas-volumosas\">Tempestades e chuvas volumosas <\/h2>\n<p>A aten\u00e7\u00e3o se volta especialmente para este fim de semana em Santa Catarina e no Rio Grande do Sul, onde tempestades podem prejudicar os trabalhos em campo. A previs\u00e3o indica chuva volumosa, rajadas de vento intensas e at\u00e9 queda de granizo.<\/p>\n<h2 class=\"wp-block-heading\" id=\"h-proximos-dias\">Pr\u00f3ximos dias<\/h2>\n<p>Nos pr\u00f3ximos cinco dias, a previs\u00e3o do tempo aponta chuvas no Sul do pa\u00eds e um leve aumento da umidade no sul do Mato Grosso do Sul. No entanto, o volume n\u00e3o ser\u00e1 suficiente para reverter o d\u00e9ficit h\u00eddrico. Entre os dias 28 de agosto e 1\u00ba de setembro, est\u00e3o previstos acumulados de 15 a 20 mil\u00edmetros, que devem apenas aliviar o risco imediato de queimadas.<\/p>\n<h2 class=\"wp-block-heading\" id=\"h-o-tempo-no-inicio-de-setembro\">O tempo no in\u00edcio de setembro <\/h2>\n<p>Para a primeira semana de setembro, n\u00e3o h\u00e1 grandes mudan\u00e7as no cen\u00e1rio: o tempo continuar\u00e1 quente e seco. A expectativa \u00e9 que a chuva s\u00f3 comece a se espalhar de forma mais significativa a partir da segunda quinzena de setembro, especialmente ap\u00f3s o dia 15, quando sistemas mais organizados devem alcan\u00e7ar boa parte do pa\u00eds.<\/p>\n<div data-icp-cta=\"1\" id=\"icp-cta-unique\">Voc\u00ea quer entender como usar o clima a seu favor?<b> <\/b><a href=\"https:\/\/climacampo.canalrural.com.br\/climacampo_-01\">Preparamos um e-book exclusivo<\/a> para ajudar produtores rurais a se antecipar \u00e0s mudan\u00e7as do tempo e planejar melhor suas a\u00e7\u00f5es. Com base em previs\u00f5es meteorol\u00f3gicas confi\u00e1veis, ele oferece orienta\u00e7\u00f5es pr\u00e1ticas para proteger sua lavoura e otimizar seus resultados.<\/div>\n<\/div>\n<p><br \/>\n<br \/><a href=\"https:\/\/www.canalrural.com.br\/agricultura\/projeto-soja-brasil\/chuvas-frio-ou-calor-em-setembro-o-que-o-tempo-reserva-para-a-primeira-quinzena-do-mes\/\">Source link <\/a><\/p>\n","protected":false},"excerpt":{"rendered":"<p>Os riscos de inc\u00eandio continuam como destaque na previs\u00e3o do tempo desta semana. A falta de chuvas no Brasil Central<\/p>\n","protected":false},"author":1,"featured_media":12258,"comment_status":"open","ping_status":"open","sticky":false,"template":"","format":"standard","meta":{"_monsterinsights_skip_tracking":false,"_monsterinsights_sitenote_active":false,"_monsterinsights_sitenote_note":"","_monsterinsights_sitenote_category":0,"_uf_show_specific_survey":0,"_uf_disable_surveys":false,"footnotes":""},"categories":[1],"tags":[],"class_list":["post-19025","post","type-post","status-publish","format-standard","has-post-thumbnail","hentry","category-news"],"_links":{"self":[{"href":"https:\/\/agromt.news\/index.php?rest_route=\/wp\/v2\/posts\/19025"}],"collection":[{"href":"https:\/\/agromt.news\/index.php?rest_route=\/wp\/v2\/posts"}],"about":[{"href":"https:\/\/agromt.news\/index.php?rest_route=\/wp\/v2\/types\/post"}],"author":[{"embeddable":true,"href":"https:\/\/agromt.news\/index.php?rest_route=\/wp\/v2\/users\/1"}],"replies":[{"embeddable":true,"href":"https:\/\/agromt.news\/index.php?rest_route=%2Fwp%2Fv2%2Fcomments&post=19025"}],"version-history":[{"count":0,"href":"https:\/\/agromt.news\/index.php?rest_route=\/wp\/v2\/posts\/19025\/revisions"}],"wp:featuredmedia":[{"embeddable":true,"href":"https:\/\/agromt.news\/index.php?rest_route=\/wp\/v2\/media\/12258"}],"wp:attachment":[{"href":"https:\/\/agromt.news\/index.php?rest_route=%2Fwp%2Fv2%2Fmedia&parent=19025"}],"wp:term":[{"taxonomy":"category","embeddable":true,"href":"https:\/\/agromt.news\/index.php?rest_route=%2Fwp%2Fv2%2Fcategories&post=19025"},{"taxonomy":"post_tag","embeddable":true,"href":"https:\/\/agromt.news\/index.php?rest_route=%2Fwp%2Fv2%2Ftags&post=19025"}],"curies":[{"name":"wp","href":"https:\/\/api.w.org\/{rel}","templated":true}]}}