{"id":19023,"date":"2025-08-22T16:13:03","date_gmt":"2025-08-22T20:13:03","guid":{"rendered":"https:\/\/agromt.news\/?p=19023"},"modified":"2025-08-22T16:13:03","modified_gmt":"2025-08-22T20:13:03","slug":"la-nina-deve-chegar-em-novembro-e-beneficiar-plantio-antecipado-de-soja-diz-meteorologista","status":"publish","type":"post","link":"https:\/\/agromt.news\/?p=19023","title":{"rendered":"La Ni\u00f1a deve chegar em novembro e beneficiar plantio antecipado de soja, diz meteorologista"},"content":{"rendered":"<p> <br \/>\n<br \/><img decoding=\"async\" src=\"https:\/\/agromt.news\/wp-content\/uploads\/2025\/08\/Brasil-tera-primeira-biotecnologia-combinada-contra-dois-tipos-de-nematoide.jpg\" \/><\/p>\n<div>\n<p>Um <strong><a href=\"http:\/\/www.canalrural.com.br\/tag\/la-nina\/\">La Ni\u00f1a<\/a><\/strong> de fraca intensidade deve se formar a partir de novembro e pode criar condi\u00e7\u00f5es favor\u00e1veis para o plantio antecipado da soja na safra 2025\/26, disse o agrometeorologista Marco Ant\u00f4nio dos Santos, s\u00f3cio fundador da Rural Clima, em entrevista ao podcast <i>Prosa Agro<\/i>, do Ita\u00fa BBA.<\/p>\n<div data-icp-cta=\"1\" id=\"icp-cta-unique\">Voc\u00ea quer entender como usar o clima a seu favor?<b> <\/b><a href=\"https:\/\/climacampo.canalrural.com.br\/climacampo_-01\">Preparamos um e-book exclusivo<\/a> para ajudar produtores rurais a se antecipar \u00e0s mudan\u00e7as do tempo e planejar melhor suas a\u00e7\u00f5es. Com base em previs\u00f5es meteorol\u00f3gicas confi\u00e1veis, ele oferece orienta\u00e7\u00f5es pr\u00e1ticas para proteger sua lavoura e otimizar seus resultados.<\/div>\n<p>O fen\u00f4meno ter\u00e1 caracter\u00edsticas distintas do registrado na safra anterior e pode beneficiar o calend\u00e1rio agr\u00edcola em boa parte do pa\u00eds. \u201cOs modelos sinalizam que o pico da La Ni\u00f1a ocorrer\u00e1 em novembro, um m\u00eas antes do que aconteceu na safra passada\u201d, disse Santos. No ciclo 2024\/25, o pico do fen\u00f4meno se deu entre dezembro e janeiro, provocando estiagem prolongada no ver\u00e3o e resultando em nova quebra de safra no <strong><a href=\"https:\/\/www.canalrural.com.br\/nacional\/rio-grande-do-sul\/\">Rio Grande do Sul<\/a><\/strong>.<\/p>\n<p>A expectativa \u00e9 de que a estiagem fique concentrada no fim da primavera. \u201cCaso ocorra essa estiagem, ela n\u00e3o seria no ver\u00e3o, mas seria na segunda metade da primavera, abrangendo final de novembro, dezembro e in\u00edcio de janeiro\u201d, disse o especialista.<\/p>\n<p>No Rio Grande do Sul, a mudan\u00e7a no regime de chuvas pode at\u00e9 trazer algum benef\u00edcio. O estado plantou trigo mais tarde neste ano, com colheita prevista para novembro. Se a estiagem se confirmar nesse per\u00edodo, o cereal ser\u00e1 colhido em condi\u00e7\u00f5es mais secas, o que favorece a qualidade, e a soja ser\u00e1 semeada num ambiente de menor umidade. \u201cO plantio da soja vai se dar num ambiente mais seco, o que n\u00e3o \u00e9 ruim. E quando voltarem as chuvas, na segunda quinzena de janeiro, \u00e9 quando a soja vai come\u00e7ar a entrar numa fase que o d\u00e9ficit h\u00eddrico \u00e9 prejudicial\u201d, avaliou Santos.<\/p>\n<p>Outro ponto destacado \u00e9 a antecipa\u00e7\u00e3o das chuvas no pa\u00eds. Em 2024, a regulariza\u00e7\u00e3o s\u00f3 ocorreu na segunda metade de outubro. Neste ano, h\u00e1 previs\u00e3o de precipita\u00e7\u00f5es j\u00e1 em setembro. \u201cIsso vai fazer com que o plantio da nova safra de soja ocorra mais cedo este ano\u201d, disse.<\/p>\n<\/div>\n<div>\n<p>Com a semeadura adiantada, haver\u00e1 soja nova dispon\u00edvel ainda em dezembro e, principalmente, em janeiro de 2026. \u201cJ\u00e1 no comecinho do ano teremos soja dispon\u00edvel para comercializa\u00e7\u00e3o, seja interna ou externa\u201d, projetou Santos.<\/p>\n<p>No Cerrado, a tend\u00eancia \u00e9 de maior volume de chuvas. \u201cComo voc\u00ea tem uma condi\u00e7\u00e3o de La Ni\u00f1a, voc\u00ea coloca muita press\u00e3o de chuvas para a regi\u00e3o central e norte do Brasil\u201d, afirmou o agrometeorologista. Esse cen\u00e1rio pode levar a safra de soja a atingir at\u00e9 180 milh\u00f5es de toneladas. \u201cDif\u00edcil atingir esse n\u00famero? Dif\u00edcil. Imposs\u00edvel? N\u00e3o\u201d, disse, lembrando do incremento de \u00e1rea em 1,5% e da perspectiva de uma safra mais equilibrada no Rio Grande do Sul.<\/p>\n<p>Segundo Santos, a faixa mais prov\u00e1vel \u00e9 entre 170 milh\u00f5es e 180 milh\u00f5es de toneladas, mesmo com eventuais quebras em S\u00e3o Paulo e no norte do Paran\u00e1. \u201cHoje, cogitar uma produ\u00e7\u00e3o de 170, 180 milh\u00f5es de soja para esse ano est\u00e1 muito f\u00e1cil\u201d, avaliou.<\/p>\n<p>O alerta, contudo, permanece para o Sul, que pode enfrentar o quinto ano seguido de adversidades. Al\u00e9m do risco de estiagens, h\u00e1 a possibilidade de geadas e ondas de frio atingirem lavouras precoces. \u201cEste \u00e9 um ano que esse plantio muito cedo de milho pode ser prejudicado por ondas de frio\u201d, alertou.<\/p>\n<h2 class=\"wp-block-heading\" id=\"h-culturas-perenes\">Culturas perenes<\/h2>\n<p>No caso das culturas perenes, o cen\u00e1rio \u00e9 de otimismo. O <strong>caf\u00e9 <\/strong>deve se beneficiar de chuvas regulares ap\u00f3s seis meses de estiagem no ano passado, embora haja risco de floradas m\u00faltiplas que podem comprometer a qualidade do produto. A <strong>cana-de-a\u00e7\u00facar<\/strong> tende a crescer em produtividade em 2026, mas o excesso de chuvas pode reduzir os dias \u00fateis de moagem. J\u00e1 a <strong>laranja <\/strong>tem boas perspectivas, com floradas favorecidas pela umidade. <\/p>\n<p>\u201cOtimismo \u00e9 a palavra que resume o cen\u00e1rio, com exce\u00e7\u00e3o da preocupa\u00e7\u00e3o que fica de novo este ano com o Sul\u201d, disse Santos no podcast.<\/p>\n<\/p><\/div>\n<p><br \/>\n<br \/><a href=\"https:\/\/www.canalrural.com.br\/agricultura\/projeto-soja-brasil\/soja-rural-clima-la-nina-deve-chegar-em-novembro-e-beneficiar-plantio-antecipado\/\">Source link <\/a><\/p>\n","protected":false},"excerpt":{"rendered":"<p>Um La Ni\u00f1a de fraca intensidade deve se formar a partir de novembro e pode criar condi\u00e7\u00f5es favor\u00e1veis para o<\/p>\n","protected":false},"author":1,"featured_media":18581,"comment_status":"open","ping_status":"open","sticky":false,"template":"","format":"standard","meta":{"_monsterinsights_skip_tracking":false,"_monsterinsights_sitenote_active":false,"_monsterinsights_sitenote_note":"","_monsterinsights_sitenote_category":0,"_uf_show_specific_survey":0,"_uf_disable_surveys":false,"footnotes":""},"categories":[1],"tags":[],"class_list":["post-19023","post","type-post","status-publish","format-standard","has-post-thumbnail","hentry","category-news"],"_links":{"self":[{"href":"https:\/\/agromt.news\/index.php?rest_route=\/wp\/v2\/posts\/19023"}],"collection":[{"href":"https:\/\/agromt.news\/index.php?rest_route=\/wp\/v2\/posts"}],"about":[{"href":"https:\/\/agromt.news\/index.php?rest_route=\/wp\/v2\/types\/post"}],"author":[{"embeddable":true,"href":"https:\/\/agromt.news\/index.php?rest_route=\/wp\/v2\/users\/1"}],"replies":[{"embeddable":true,"href":"https:\/\/agromt.news\/index.php?rest_route=%2Fwp%2Fv2%2Fcomments&post=19023"}],"version-history":[{"count":0,"href":"https:\/\/agromt.news\/index.php?rest_route=\/wp\/v2\/posts\/19023\/revisions"}],"wp:featuredmedia":[{"embeddable":true,"href":"https:\/\/agromt.news\/index.php?rest_route=\/wp\/v2\/media\/18581"}],"wp:attachment":[{"href":"https:\/\/agromt.news\/index.php?rest_route=%2Fwp%2Fv2%2Fmedia&parent=19023"}],"wp:term":[{"taxonomy":"category","embeddable":true,"href":"https:\/\/agromt.news\/index.php?rest_route=%2Fwp%2Fv2%2Fcategories&post=19023"},{"taxonomy":"post_tag","embeddable":true,"href":"https:\/\/agromt.news\/index.php?rest_route=%2Fwp%2Fv2%2Ftags&post=19023"}],"curies":[{"name":"wp","href":"https:\/\/api.w.org\/{rel}","templated":true}]}}