{"id":19019,"date":"2025-08-22T15:44:58","date_gmt":"2025-08-22T19:44:58","guid":{"rendered":"https:\/\/agromt.news\/?p=19019"},"modified":"2025-08-22T15:44:58","modified_gmt":"2025-08-22T19:44:58","slug":"inmet-emite-alerta-vermelho-para-baixa-umidade-do-ar-em-5-estados-e-df","status":"publish","type":"post","link":"https:\/\/agromt.news\/?p=19019","title":{"rendered":"Inmet emite alerta vermelho para baixa umidade do ar em 5 estados e DF"},"content":{"rendered":"<p> <br \/>\n<\/p>\n<div>\n<p>O Instituto Nacional de Meteorologia (Inmet) emitiu nesta sexta-feira (22) um alerta vermelho, que indica grande perigo, em raz\u00e3o da baixa umidade do ar que atinge os estados de Mato Grosso, Goi\u00e1s, Tocantins, parte de Minas Gerais e da <strong><a href=\"https:\/\/www.canalrural.com.br\/nacional\/bahia\/\">Bahia<\/a><\/strong>, al\u00e9m do Distrito Federal. <\/p>\n<div data-icp-cta=\"1\" id=\"icp-cta-unique\">Voc\u00ea quer entender como usar o clima a seu favor?<b> <\/b><a href=\"https:\/\/climacampo.canalrural.com.br\/climacampo_-01\">Preparamos um e-book exclusivo<\/a> para ajudar produtores rurais a se antecipar \u00e0s mudan\u00e7as do tempo e planejar melhor suas a\u00e7\u00f5es. Com base em previs\u00f5es meteorol\u00f3gicas confi\u00e1veis, ele oferece orienta\u00e7\u00f5es pr\u00e1ticas para proteger sua lavoura e otimizar seus resultados.<\/div>\n<p>Nesta regi\u00e3o, a umidade relativa do ar deve ficar abaixo <strong>12%<\/strong> na tarde de hoje.<\/p>\n<p>O alerta entrou em vigor \u00e0s 13h e se encerra \u00e0s 18h. O aviso cobre todo o Distrito Federal, al\u00e9m o Leste, Centro, Norte e Noroeste de Goi\u00e1s. Est\u00e3o sob alerta ainda o extremo Oeste da Bahia, o Noroeste de Minas, as regi\u00f5es Oriental e Ocidental do Tocantins, al\u00e9m do Nordeste mato-grossense. Confira no mapa abaixo:<\/p>\n<figure class=\"wp-block-image size-full\"><img fetchpriority=\"high\" decoding=\"async\" width=\"753\" height=\"501\" alt=\"mapa baixa umidade do ar\" class=\"wp-image-4118728\"  data-lazy- src=\"https:\/\/agromt.news\/wp-content\/uploads\/2025\/08\/Inmet-emite-alerta-vermelho-para-baixa-umidade-do-ar-em.jpg\"\/><img decoding=\"async\" width=\"753\" height=\"501\" src=\"https:\/\/agromt.news\/wp-content\/uploads\/2025\/08\/Inmet-emite-alerta-vermelho-para-baixa-umidade-do-ar-em.jpg\" alt=\"mapa baixa umidade do ar\" class=\"wp-image-4118728\"  \/><figcaption class=\"wp-element-caption\">Foto: Inmet Divulga\u00e7\u00e3o<\/figcaption><\/figure>\n<h2 class=\"wp-block-heading\" id=\"h-alerta-laranja\">Alerta Laranja<\/h2>\n<p>H\u00e1 ainda um alerta laranja em vigor, tamb\u00e9m relativo \u00e0 baixa umidade, que indica perigo. Neste caso, as regi\u00f5es afetadas dever\u00e3o enfrentar uma umidade relativa variando entre <strong>20% e 12%<\/strong>, desde \u00e0s 13h at\u00e9 as 20h de hoje. <\/p>\n<\/div>\n<div>\n<p>O aviso do Inmet atinge, al\u00e9m dos estados j\u00e1 cobertos pelo alerta vermelho, parte de S\u00e3o Paulo e Mato Grosso do Sul. Confira no mapa abaixo:<\/p>\n<figure class=\"wp-block-image size-full\"><img decoding=\"async\" width=\"753\" height=\"503\" alt=\"mapa alerta laranja\" class=\"wp-image-4118726\"  data-lazy- src=\"https:\/\/agromt.news\/wp-content\/uploads\/2025\/08\/1755891898_521_Inmet-emite-alerta-vermelho-para-baixa-umidade-do-ar-em.jpg\"\/><img loading=\"lazy\" decoding=\"async\" width=\"753\" height=\"503\" src=\"https:\/\/agromt.news\/wp-content\/uploads\/2025\/08\/1755891898_521_Inmet-emite-alerta-vermelho-para-baixa-umidade-do-ar-em.jpg\" alt=\"mapa alerta laranja\" class=\"wp-image-4118726\"  \/><figcaption class=\"wp-element-caption\">Foto: Inmet Divulga\u00e7\u00e3o<\/figcaption><\/figure>\n<p>O Inmet alerta que, em caso de baixa umidade, h\u00e1 risco potencial de inc\u00eandios florestais e \u00e0 sa\u00fade das popula\u00e7\u00f5es nesta regi\u00e3o. <\/p>\n<p>Para a sa\u00fade, os efeitos adversos incluem ressecamento da pele, dor de cabe\u00e7a, risco de doen\u00e7as pulmonares, desconforto nos olhos, boca e nariz. Assim, a recomenda\u00e7\u00e3o \u00e9 beber bastante l\u00edquido, n\u00e3o se expor ao sol nas horas mais quentes, umidificar os ambientes e hidratar a pele. <\/p>\n<\/p><\/div>\n<p><br \/>\n<br \/><a href=\"https:\/\/www.canalrural.com.br\/tempo\/alerta-de-previsao-do-tempo\/inmet-emite-alerta-vermelho-para-baixa-umidade-do-ar-em-5-estados-e-df\/\">Source link <\/a><\/p>\n","protected":false},"excerpt":{"rendered":"<p>O Instituto Nacional de Meteorologia (Inmet) emitiu nesta sexta-feira (22) um alerta vermelho, que indica grande perigo, em raz\u00e3o da<\/p>\n","protected":false},"author":1,"featured_media":19020,"comment_status":"open","ping_status":"open","sticky":false,"template":"","format":"standard","meta":{"_monsterinsights_skip_tracking":false,"_monsterinsights_sitenote_active":false,"_monsterinsights_sitenote_note":"","_monsterinsights_sitenote_category":0,"_uf_show_specific_survey":0,"_uf_disable_surveys":false,"footnotes":""},"categories":[1],"tags":[],"class_list":["post-19019","post","type-post","status-publish","format-standard","has-post-thumbnail","hentry","category-news"],"_links":{"self":[{"href":"https:\/\/agromt.news\/index.php?rest_route=\/wp\/v2\/posts\/19019"}],"collection":[{"href":"https:\/\/agromt.news\/index.php?rest_route=\/wp\/v2\/posts"}],"about":[{"href":"https:\/\/agromt.news\/index.php?rest_route=\/wp\/v2\/types\/post"}],"author":[{"embeddable":true,"href":"https:\/\/agromt.news\/index.php?rest_route=\/wp\/v2\/users\/1"}],"replies":[{"embeddable":true,"href":"https:\/\/agromt.news\/index.php?rest_route=%2Fwp%2Fv2%2Fcomments&post=19019"}],"version-history":[{"count":0,"href":"https:\/\/agromt.news\/index.php?rest_route=\/wp\/v2\/posts\/19019\/revisions"}],"wp:featuredmedia":[{"embeddable":true,"href":"https:\/\/agromt.news\/index.php?rest_route=\/wp\/v2\/media\/19020"}],"wp:attachment":[{"href":"https:\/\/agromt.news\/index.php?rest_route=%2Fwp%2Fv2%2Fmedia&parent=19019"}],"wp:term":[{"taxonomy":"category","embeddable":true,"href":"https:\/\/agromt.news\/index.php?rest_route=%2Fwp%2Fv2%2Fcategories&post=19019"},{"taxonomy":"post_tag","embeddable":true,"href":"https:\/\/agromt.news\/index.php?rest_route=%2Fwp%2Fv2%2Ftags&post=19019"}],"curies":[{"name":"wp","href":"https:\/\/api.w.org\/{rel}","templated":true}]}}