{"id":19017,"date":"2025-08-22T14:49:00","date_gmt":"2025-08-22T18:49:00","guid":{"rendered":"https:\/\/agromt.news\/?p=19017"},"modified":"2025-08-22T14:49:00","modified_gmt":"2025-08-22T18:49:00","slug":"festa-do-peao-de-barretos-deve-reunir-mais-de-1-milhao-de-pessoas","status":"publish","type":"post","link":"https:\/\/agromt.news\/?p=19017","title":{"rendered":"Festa do Pe\u00e3o de Barretos deve reunir mais de 1 milh\u00e3o de pessoas"},"content":{"rendered":"<p> <br \/>\n<br \/><img decoding=\"async\" src=\"https:\/\/agromt.news\/wp-content\/uploads\/2025\/08\/Festa-do-Peao-de-Barretos-deve-reunir-mais-de-1.jpg\" \/><\/p>\n<div>\n\t\t<iframe title=\"Festa do Pe\u00e3o de Barretos 2025 abre portas com tradi\u00e7\u00e3o e emo\u00e7\u00e3o\" width=\"800\" height=\"450\" src=\"https:\/\/www.youtube.com\/embed\/m1Pn8KnTmeI?feature=oembed\" frameborder=\"0\" allow=\"accelerometer; autoplay; clipboard-write; encrypted-media; gyroscope; picture-in-picture; web-share\" referrerpolicy=\"strict-origin-when-cross-origin\" allowfullscreen><\/iframe><\/p>\n<p>O maior rodeio da Am\u00e9rica Latina abriu oficialmente as porteiras nesta quinta-feira (21), em Barretos (SP). Tradi\u00e7\u00e3o, cultura e emo\u00e7\u00e3o marcaram o primeiro dia da <a href=\"https:\/\/www.canalrural.com.br\/feiras-e-eventos\/festa-do-peao-de-barretos-tera-transmissao-ao-vivo-no-br-in-tv-do-grupo-canal-rural\/\">70\u00aa edi\u00e7\u00e3o da Festa do Pe\u00e3o de Boiadeiro<\/a>, que promete movimentar o interior de S\u00e3o Paulo at\u00e9 o pr\u00f3ximo dia 31 de agosto.<\/p>\n<p>No Est\u00e1dio do Rodeio, localizado no Parque do Pe\u00e3o, cerca de 3.500 competidores disputam nove modalidades, concorrendo a R$ 1 milh\u00e3o em pr\u00eamios e vagas em torneios internacionais. A expectativa da organiza\u00e7\u00e3o \u00e9 reunir mais de 1 milh\u00e3o de visitantes ao longo do evento, que tamb\u00e9m contar\u00e1 com mais de 100 atra\u00e7\u00f5es musicais nos palcos montados no complexo.<\/p>\n<p><em>Veja em primeira m\u00e3o tudo sobre agricultura, pecu\u00e1ria, economia e previs\u00e3o do tempo:<\/em><a href=\"https:\/\/news.google.com\/publications\/CAAqBwgKMPKZlQswq_mqAw?hl=pt-BR&amp;gl=BR&amp;ceid=BR%3Apt-419\" target=\"_blank\" rel=\"noreferrer noopener\"><em>\u00a0siga o Canal Rural no Google News!<\/em><\/a><\/p>\n<\/div>\n<div>\n<p>Entre os milhares de f\u00e3s que acompanham a festa est\u00e1 Am\u00e1lia B\u00e9rgamo Ferreira, de 81 anos, moradora de Franca (SP), que frequenta o rodeio desde as primeiras edi\u00e7\u00f5es. \u201cEu tinha 11 anos quando a festa nasceu. Vale muito a pena, aconselho quem puder que venha mesmo, porque \u00e9 maravilhoso. Agora vou curtir um show at\u00e9 o fim. Vai ser minha \u00faltima vez aqui\u201d, contou emocionada.<\/p>\n<p>A 70\u00aa edi\u00e7\u00e3o da Festa do Pe\u00e3o de Boiadeiro de Barretos est\u00e1 sendo transmitida pelo <strong>BR IN TV<\/strong>, do grupo Canal Rural, em parceria com a <strong>BRTVMAX<\/strong>, at\u00e9<strong> 31 de agosto de 2025<\/strong>.<\/p>\n<p>O p\u00fablico pode acompanhar a programa\u00e7\u00e3o pelas TVs conectadas <strong>Samsung (canal 2080), LG (canal 137) e TCL (canal 3380)<\/strong>.<\/p>\n<\/p><\/div>\n<p><br \/>\n<br \/><a href=\"https:\/\/www.canalrural.com.br\/nacional\/festa-do-peao-de-barretos-deve-reunir-mais-de-1-milhao-de-pessoas\/\">Source link <\/a><\/p>\n","protected":false},"excerpt":{"rendered":"<p>O maior rodeio da Am\u00e9rica Latina abriu oficialmente as porteiras nesta quinta-feira (21), em Barretos (SP). Tradi\u00e7\u00e3o, cultura e emo\u00e7\u00e3o<\/p>\n","protected":false},"author":1,"featured_media":19018,"comment_status":"open","ping_status":"open","sticky":false,"template":"","format":"standard","meta":{"_monsterinsights_skip_tracking":false,"_monsterinsights_sitenote_active":false,"_monsterinsights_sitenote_note":"","_monsterinsights_sitenote_category":0,"_uf_show_specific_survey":0,"_uf_disable_surveys":false,"footnotes":""},"categories":[1],"tags":[],"class_list":["post-19017","post","type-post","status-publish","format-standard","has-post-thumbnail","hentry","category-news"],"_links":{"self":[{"href":"https:\/\/agromt.news\/index.php?rest_route=\/wp\/v2\/posts\/19017"}],"collection":[{"href":"https:\/\/agromt.news\/index.php?rest_route=\/wp\/v2\/posts"}],"about":[{"href":"https:\/\/agromt.news\/index.php?rest_route=\/wp\/v2\/types\/post"}],"author":[{"embeddable":true,"href":"https:\/\/agromt.news\/index.php?rest_route=\/wp\/v2\/users\/1"}],"replies":[{"embeddable":true,"href":"https:\/\/agromt.news\/index.php?rest_route=%2Fwp%2Fv2%2Fcomments&post=19017"}],"version-history":[{"count":0,"href":"https:\/\/agromt.news\/index.php?rest_route=\/wp\/v2\/posts\/19017\/revisions"}],"wp:featuredmedia":[{"embeddable":true,"href":"https:\/\/agromt.news\/index.php?rest_route=\/wp\/v2\/media\/19018"}],"wp:attachment":[{"href":"https:\/\/agromt.news\/index.php?rest_route=%2Fwp%2Fv2%2Fmedia&parent=19017"}],"wp:term":[{"taxonomy":"category","embeddable":true,"href":"https:\/\/agromt.news\/index.php?rest_route=%2Fwp%2Fv2%2Fcategories&post=19017"},{"taxonomy":"post_tag","embeddable":true,"href":"https:\/\/agromt.news\/index.php?rest_route=%2Fwp%2Fv2%2Ftags&post=19017"}],"curies":[{"name":"wp","href":"https:\/\/api.w.org\/{rel}","templated":true}]}}