{"id":19008,"date":"2025-08-22T09:56:14","date_gmt":"2025-08-22T13:56:14","guid":{"rendered":"https:\/\/agromt.news\/?p=19008"},"modified":"2025-08-22T09:56:14","modified_gmt":"2025-08-22T13:56:14","slug":"tarifaco-sobre-cafe-pode-causar-grande-desarranjo-global-e-alta-nos-precos-diz-cecafe","status":"publish","type":"post","link":"https:\/\/agromt.news\/?p=19008","title":{"rendered":"Tarifa\u00e7o sobre caf\u00e9 pode causar grande desarranjo global e alta nos pre\u00e7os, diz Cecaf\u00e9"},"content":{"rendered":"<p> <br \/>\n<br \/><img decoding=\"async\" src=\"https:\/\/agromt.news\/wp-content\/uploads\/2025\/06\/cotacoes-operam-nas-menores-medias-do-ano.png\" \/><\/p>\n<div>\n<p>As sobretaxas impostas pelo governo dos Estados Unidos ao caf\u00e9 brasileiro podem gerar um \u201cgrande desarranjo global\u201d e pressionar os pre\u00e7os no mercado internacional. A avalia\u00e7\u00e3o foi feita por Marcos Matos, diretor-geral do Cecaf\u00e9 (Conselho dos Exportadores de Caf\u00e9 do Brasil), em entrevista concedida \u00e0 <strong><em>CNN Brasil<\/em><\/strong>, nesta sexta-feira (22).<\/p>\n<p>Segundo Matos, as medidas j\u00e1 t\u00eam provocado preju\u00edzos aos produtores brasileiros e aumento da infla\u00e7\u00e3o para consumidores norte-americanos. Para tentar reverter a situa\u00e7\u00e3o, uma comitiva de empres\u00e1rios do agroneg\u00f3cio viajar\u00e1 aos EUA no in\u00edcio de setembro, com o objetivo de negociar a retirada ou, ao menos, a redu\u00e7\u00e3o das tarifas.<\/p>\n<p><em>Veja em primeira m\u00e3o tudo sobre agricultura, pecu\u00e1ria, economia e previs\u00e3o do tempo:<\/em><a href=\"https:\/\/news.google.com\/publications\/CAAqBwgKMPKZlQswq_mqAw?hl=pt-BR&amp;gl=BR&amp;ceid=BR%3Apt-419\" target=\"_blank\" rel=\"noreferrer noopener\"><em>\u00a0siga o Canal Rural no Google News!<\/em><\/a><\/p>\n<p>\u201cVamos estar junto com a <em>National Coffee Association <\/em>e a miss\u00e3o da CNI (Confedera\u00e7\u00e3o Nacional da Ind\u00fastria). J\u00e1 t\u00ednhamos iniciado di\u00e1logos com o Departamento de Estado americano e percebemos que havia informa\u00e7\u00f5es equivocadas sobre a realidade do mercado. O caf\u00e9 brasileiro \u00e9 essencial para o consumidor norte-americano, que n\u00e3o pode sofrer ainda mais com infla\u00e7\u00e3o. Representamos mais de 30% do abastecimento dos EUA\u201d, afirmou Matos.<\/p>\n<h2 class=\"wp-block-heading\" id=\"h-impactos-no-mercado-dos-eua\">Impactos no mercado dos EUA<\/h2>\n<p>O diretor do Cecaf\u00e9 destacou que 76% da popula\u00e7\u00e3o americana consome caf\u00e9 e que o setor responde por 1,2% do PIB dos EUA e gera 2,2 milh\u00f5es de empregos. Para ele, a sobretaxa imposta desde 6 de agosto j\u00e1 come\u00e7a a se refletir no bolso dos consumidores.<\/p>\n<p>\u201cO caf\u00e9 \u00e9 a bebida mais emblem\u00e1tica das fam\u00edlias americanas. A infla\u00e7\u00e3o j\u00e1 est\u00e1 sendo detectada na x\u00edcara do consumidor. Desde o an\u00fancio das tarifas, os pre\u00e7os na bolsa subiram de uma faixa de US$ 2,70\u20132,80 para quase US$ 3,60 por libra-peso, refletindo a press\u00e3o e o desequil\u00edbrio no mercado\u201d, explicou.<\/p>\n<\/div>\n<div>\n<p>Matos tamb\u00e9m ressaltou que o caf\u00e9 brasileiro \u00e9 insubstitu\u00edvel nos <em>blends<\/em> consumidos nos EUA. \u201cH\u00e1 s\u00e9culos o Brasil participa de forma majorit\u00e1ria nesses <em>blends<\/em>. N\u00e3o \u00e9 f\u00e1cil substituir nosso produto, especialmente num momento em que a produ\u00e7\u00e3o mundial de ar\u00e1bica enfrenta restri\u00e7\u00f5es clim\u00e1ticas.\u201d<\/p>\n<h2 class=\"wp-block-heading\" id=\"h-abertura-de-novos-mercados\">Abertura de novos mercados<\/h2>\n<p>Apesar do impacto, Matos frisou que a <a href=\"https:\/\/www.canalrural.com.br\/agricultura\/busca-de-novos-mercados-passa-pela-insercao-do-cafe-verde-no-reintegra-defende-setor\/\">diversifica\u00e7\u00e3o de destinos<\/a> segue como prioridade. \u201cMercados tradicionais, como a Uni\u00e3o Europeia, cresceram no ano passado, especialmente ap\u00f3s a implementa\u00e7\u00e3o das novas regras ligadas ao desmatamento. Temos tamb\u00e9m avan\u00e7os em pa\u00edses \u00e1rabes, asi\u00e1ticos e na China. Mas os Estados Unidos ainda s\u00e3o o maior consumidor global, com demanda mais de cinco vezes superior \u00e0 da China. Por isso, resolver a quest\u00e3o americana \u00e9 estrat\u00e9gico para os dois lados.\u201d<\/p>\n<h2 class=\"wp-block-heading\" id=\"h-produtores-em-dificuldade-e-apoio-do-governo\">Produtores em dificuldade e apoio do governo<\/h2>\n<p>Segundo Matos, os efeitos do tarifa\u00e7o j\u00e1 s\u00e3o sentidos no campo. \u201cEstamos vendo contratos postergados e at\u00e9 cancelados, substitu\u00eddos por caf\u00e9s de outras origens, ainda que a custos mais altos. Isso cria uma dor de cabe\u00e7a enorme, porque o mercado j\u00e1 est\u00e1 invertido h\u00e1 alguns anos , o futuro \u00e9 mais barato que o presente , e os juros seguem elevados.\u201d<\/p>\n<p>Ele tamb\u00e9m apontou limita\u00e7\u00f5es nas medidas de apoio anunciadas pelo governo brasileiro, como a abertura de linhas de cr\u00e9dito e financiamentos. <\/p>\n<p>\u201cOs detalhes sobre car\u00eancia, limites por empresa e juros ainda n\u00e3o est\u00e3o claros. Outro ponto \u00e9 que 90% do caf\u00e9 exportado aos EUA \u00e9 verde, mas essa categoria n\u00e3o est\u00e1 contemplada no Reintegra. Por isso, apresentamos junto \u00e0 Frente Parlamentar da Agropecu\u00e1ria uma proposta para elevar de 10% para 50% o cr\u00e9dito presumido de PIS\/Cofins, o que daria f\u00f4lego imediato aos exportadores.\u201d<\/p>\n<p>Para Matos, a quest\u00e3o deve ser tratada como urgente. \u201cSe n\u00e3o houver avan\u00e7o nas negocia\u00e7\u00f5es, o preju\u00edzo ser\u00e1 enorme e o mercado internacional ficar\u00e1 cada vez mais desregulado, com pre\u00e7os em alta e imprevisibilidade para toda a cadeia global do caf\u00e9\u201d, concluiu.<\/p>\n<\/p><\/div>\n<p><br \/>\n<br \/><a href=\"https:\/\/www.canalrural.com.br\/agricultura\/cafe\/tarifaco-sobre-cafe-pode-causar-grande-desarranjo-global-e-alta-nos-precos-afirma-diretor-do-cecafe\/\">Source link <\/a><\/p>\n","protected":false},"excerpt":{"rendered":"<p>As sobretaxas impostas pelo governo dos Estados Unidos ao caf\u00e9 brasileiro podem gerar um \u201cgrande desarranjo global\u201d e pressionar os<\/p>\n","protected":false},"author":1,"featured_media":15578,"comment_status":"open","ping_status":"open","sticky":false,"template":"","format":"standard","meta":{"_monsterinsights_skip_tracking":false,"_monsterinsights_sitenote_active":false,"_monsterinsights_sitenote_note":"","_monsterinsights_sitenote_category":0,"_uf_show_specific_survey":0,"_uf_disable_surveys":false,"footnotes":""},"categories":[1],"tags":[],"class_list":["post-19008","post","type-post","status-publish","format-standard","has-post-thumbnail","hentry","category-news"],"_links":{"self":[{"href":"https:\/\/agromt.news\/index.php?rest_route=\/wp\/v2\/posts\/19008"}],"collection":[{"href":"https:\/\/agromt.news\/index.php?rest_route=\/wp\/v2\/posts"}],"about":[{"href":"https:\/\/agromt.news\/index.php?rest_route=\/wp\/v2\/types\/post"}],"author":[{"embeddable":true,"href":"https:\/\/agromt.news\/index.php?rest_route=\/wp\/v2\/users\/1"}],"replies":[{"embeddable":true,"href":"https:\/\/agromt.news\/index.php?rest_route=%2Fwp%2Fv2%2Fcomments&post=19008"}],"version-history":[{"count":0,"href":"https:\/\/agromt.news\/index.php?rest_route=\/wp\/v2\/posts\/19008\/revisions"}],"wp:featuredmedia":[{"embeddable":true,"href":"https:\/\/agromt.news\/index.php?rest_route=\/wp\/v2\/media\/15578"}],"wp:attachment":[{"href":"https:\/\/agromt.news\/index.php?rest_route=%2Fwp%2Fv2%2Fmedia&parent=19008"}],"wp:term":[{"taxonomy":"category","embeddable":true,"href":"https:\/\/agromt.news\/index.php?rest_route=%2Fwp%2Fv2%2Fcategories&post=19008"},{"taxonomy":"post_tag","embeddable":true,"href":"https:\/\/agromt.news\/index.php?rest_route=%2Fwp%2Fv2%2Ftags&post=19008"}],"curies":[{"name":"wp","href":"https:\/\/api.w.org\/{rel}","templated":true}]}}